{"id":3937,"date":"2024-05-07T10:28:21","date_gmt":"2024-05-07T13:28:21","guid":{"rendered":"https:\/\/gazzettinoitalianopatagonico.com\/?p=3937"},"modified":"2024-05-07T10:28:22","modified_gmt":"2024-05-07T13:28:22","slug":"inondazioni-in-brasile-150-mila-i-senzatetto-nel-sud-del-paese","status":"publish","type":"post","link":"https:\/\/gazzettinoitalianopatagonico.com\/?p=3937","title":{"rendered":"Inondazioni in Brasile, 150 mila i senzatetto nel sud del Paese"},"content":{"rendered":"\n<p>I primi aiuti per lo Stato brasiliano di Rio Grande do Sul arriveranno dall&#8217;Argentina. Il governo di Buenos Aires ha annunciato che invier\u00e0 nel Paese agenti della polizia federale, esperti di logistica, unit\u00e0 cinofile, un aereo, tre elicotteri, attrezzature sanitarie mobili con personale medico, subacquei tattici della Marina, unit\u00e0 ingegneristiche, due impianti di depurazione delle acque e compresse per purificare l&#8217;acqua. L&#8217;intervento del Paese confinante \u00e8 fortemente necessario date le grandi difficolt\u00e0 con cui si sta muovendo la macchina dei soccorsi interni su un territorio devastato dalle piogge torrenziali che da giorni si stanno abbattendo sullo Stato. Rio Grande do Sul, con capitale Porto Alegre, \u00e8 completamente allagata a causa delle eccezionali precipitazioni dei giorni scorsi che hanno praticamente isolato tutti i maggiori centri abitati. Anche l&#8217;aeroporto di Porto Alegre \u00e8 inondato e rimarr\u00e0 chiuso, su decisione delle autorit\u00e0 almeno sino al 30 maggio prossimo. In tutto il territorio, inoltre, la viabilit\u00e0 \u00e8 per ora compromessa. Doloroso il bilancio dell&#8217;imponente ondata di maltempo: si sfiorano i 100 morti, altrettanti i dispersi, mentre sono decine di migliaia le famiglie rimaste senza abitazione. Stefano Calcara, imprenditore italiano da 25 a Porto Alegre, sottolinea a Radio Vaticana-Vatican News l&#8217;imprevedibilit\u00e0 di quanto successo. Gravissimi i danni all&#8217;agricoltura e all&#8217;allevamento &#8211; denuncia Stefano Calcara \u2013. Il tutto si sta ripercuotendo negativamente sugli esercizi commerciali in cui cominciano a mancare beni alimentari. Lo stesso vale per i distributori di benzina \u2013 sottolinea \u2013 in cui il carburante non arriva da giorni. L&#8217;emergenza primaria \u00e8 ora, oltre alla conta delle vittime, \u00e8 dare riparo a coloro che sono rimasti senza casa. E&#8217; infatti imminente l&#8217;arrivo di un&#8217;altra perturbazione che potrebbe aggravare la situazione gi\u00e0 difficilissima. La Chiesa locale, afferma nell&#8217;intervista al programma brasiliano di Radio Vaticano l&#8217;arcivescovo di Porto Alegre, monsignor Jaime Spengler, \u00e8 mobilitata nell&#8217;accogliere chi \u00e8 rimasto senza nulla e ha bisogno di cibo, acque, beni di prima necessit\u00e0 e soprattutto di un tetto. Le parrocchie hanno messo a disposizione locali da adibire a dormitori per gli alluvionati. Lo stesso hanno fatto scuole, associazioni sportive e altre organizzazioni. Ma la cosa pi\u00f9 importante, sottolinea monsignor Spengler, \u00e8 esprimere vicinanza e solidariet\u00e0 nei confronti di chi ha perso i propri cari e i propri beni. La mobilitazione \u00e8 comunque generale e si spera in un miglioramento delle condizioni meteorologiche per avviare in modo proficuo un&#8217;opera di soccorso capillare su tutto il territorio dello Stato Rio Grande do Sul.<\/p>\n\n\n\n<p>Silvoney Protz<\/p>\n","protected":false},"excerpt":{"rendered":"<p>I primi aiuti per lo Stato brasiliano di Rio Grande do Sul arriveranno dall&#8217;Argentina. Il governo di Buenos Aires ha annunciato che invier\u00e0 nel Paese agenti della polizia federale, esperti di logistica, unit\u00e0 cinofile, un aereo, tre elicotteri, attrezzature sanitarie mobili con personale medico, subacquei tattici della Marina, unit\u00e0 ingegneristiche, due impianti di depurazione delle [&hellip;]<\/p>\n","protected":false},"author":1,"featured_media":3939,"comment_status":"closed","ping_status":"open","sticky":false,"template":"","format":"standard","meta":{"content-type":"","_jetpack_memberships_contains_paid_content":false,"jnews-multi-image_gallery":[],"jnews_single_post":[],"jnews_primary_category":[],"footnotes":"","jetpack_publicize_message":"","jetpack_publicize_feature_enabled":true,"jetpack_social_post_already_shared":false,"jetpack_social_options":{"image_generator_settings":{"template":"highway","default_image_id":0,"font":"","enabled":false},"version":2}},"categories":[270],"tags":[268,269],"class_list":{"0":"post-3937","1":"post","2":"type-post","3":"status-publish","4":"format-standard","5":"has-post-thumbnail","7":"category-america-latina","8":"tag-america-latina","9":"tag-brasil"},"jetpack_publicize_connections":[],"jetpack_featured_media_url":"https:\/\/i0.wp.com\/gazzettinoitalianopatagonico.com\/wp-content\/uploads\/2024\/05\/cq5dam.thumbnail.cropped.750.422-3.jpeg?fit=750%2C422&ssl=1","jetpack_likes_enabled":true,"jetpack_sharing_enabled":true,"_links":{"self":[{"href":"https:\/\/gazzettinoitalianopatagonico.com\/index.php?rest_route=\/wp\/v2\/posts\/3937","targetHints":{"allow":["GET"]}}],"collection":[{"href":"https:\/\/gazzettinoitalianopatagonico.com\/index.php?rest_route=\/wp\/v2\/posts"}],"about":[{"href":"https:\/\/gazzettinoitalianopatagonico.com\/index.php?rest_route=\/wp\/v2\/types\/post"}],"author":[{"embeddable":true,"href":"https:\/\/gazzettinoitalianopatagonico.com\/index.php?rest_route=\/wp\/v2\/users\/1"}],"replies":[{"embeddable":true,"href":"https:\/\/gazzettinoitalianopatagonico.com\/index.php?rest_route=%2Fwp%2Fv2%2Fcomments&post=3937"}],"version-history":[{"count":1,"href":"https:\/\/gazzettinoitalianopatagonico.com\/index.php?rest_route=\/wp\/v2\/posts\/3937\/revisions"}],"predecessor-version":[{"id":3940,"href":"https:\/\/gazzettinoitalianopatagonico.com\/index.php?rest_route=\/wp\/v2\/posts\/3937\/revisions\/3940"}],"wp:featuredmedia":[{"embeddable":true,"href":"https:\/\/gazzettinoitalianopatagonico.com\/index.php?rest_route=\/wp\/v2\/media\/3939"}],"wp:attachment":[{"href":"https:\/\/gazzettinoitalianopatagonico.com\/index.php?rest_route=%2Fwp%2Fv2%2Fmedia&parent=3937"}],"wp:term":[{"taxonomy":"category","embeddable":true,"href":"https:\/\/gazzettinoitalianopatagonico.com\/index.php?rest_route=%2Fwp%2Fv2%2Fcategories&post=3937"},{"taxonomy":"post_tag","embeddable":true,"href":"https:\/\/gazzettinoitalianopatagonico.com\/index.php?rest_route=%2Fwp%2Fv2%2Ftags&post=3937"}],"curies":[{"name":"wp","href":"https:\/\/api.w.org\/{rel}","templated":true}]}}