{"id":1000034600,"date":"2026-09-03T17:19:13","date_gmt":"2026-09-03T20:19:13","guid":{"rendered":"https:\/\/gazzettinoitalianopatagonico.com\/?p=1000034600"},"modified":"2026-09-03T17:19:16","modified_gmt":"2026-09-03T20:19:16","slug":"laura-pausini-canta-raf-nel-suo-nuovo-singolo-siamo-soli-nellimmenso-vuoto-che-ce","status":"publish","type":"post","link":"https:\/\/gazzettinoitalianopatagonico.com\/?p=1000034600","title":{"rendered":"Laura Pausini canta Raf nel suo nuovo singolo: \u201cSiamo soli nell\u2019immenso vuoto che c\u2019\u00e8\u201d"},"content":{"rendered":"\n<p class=\"wp-block-paragraph\">Laura Pausini torna il 4 settembre, in radio e su tutte le piattaforme digitali, con un nuovo singolo dal titolo \u201cSiamo soli nell\u2019immenso vuoto che c\u2019\u00e8\u201d. Il brano, pubblicato originariamente da Raf (1991), e scritto a quattro mani dallo stesso Raffaele Riefoli con Beppe Dati, \u00e8 stato reinterpretato da Laura in una versione arrangiata da Paolo Carta, che si prepara ad arricchire la tracklist dell\u2019album \u201cIo canto 2\u201d (nella versione digitale), uscito lo scorso 6 febbraio per Warner Records \/ Warner Music Italy.<\/p>\n\n\n\n<p class=\"wp-block-paragraph\">\u201c\u00c8 una delle primissime canzoni che ho preparato per questo disco \u2013 racconta Laura Pausini \u2013 e ho tenuto volutamente nascosta fino ad ora perch\u00e9 accompagnasse il mio tour italiano ed europeo\u201d, in partenza l\u20191 ottobre da Mantova.<\/p>\n\n\n\n<p class=\"wp-block-paragraph\">\u201cSono una grandissima fan di Raf e della sua musica\u2013 aggiunge Pausini- il primo concerto della mia vita \u00e8 stato il suo, e non potr\u00f2 mai dimenticarlo, come non dimentico il momento in cui lui ha duettato con me nel mio primo disco, \u00e8 stato un sogno e ancora ne sono grata\u201d.<\/p>\n\n\n\n<p class=\"wp-block-paragraph\">IL VIDEOCLIP AMBIENTATO A TORONTO<\/p>\n\n\n\n<p class=\"wp-block-paragraph\">L\u2019uscita di \u201cSiamo soli nell\u2019immenso vuoto che c\u2019\u00e8\u201d \u00e8 accompagnata dal videoclip diretto da Gaetano Morbioli e ambientato a Toronto. \u201cNel videoclip indosso delle ali di piume bianche realizzate da una costumista canadese, che rappresentano una frase simbolo di questo brano \u2013 continua Laura l\u2019artista-. Non mi sento un angelo ma credo negli angeli, e amo che l\u2019arte visiva trovi uno spazio per esprimersi in video e raccontare il mondo della canzone, camminare con addosso delle ali per le strade e sui tetti di una citt\u00e0 come Toronto mi ha regalato un grande slancio emotivo. Trovo che sia un brano attuale e necessario, c\u2019\u00e8 davvero troppo odio e troppa violenza in questo mondo, e questo crea una solitudine che forse si pu\u00f2 lenire trovando appoggio cantando insieme le stesse note di una canzone, e sentendosi meno soli in questo vuoto\u201d.<\/p>\n\n\n\n<p class=\"wp-block-paragraph\"><strong>IL TOUR DI LAURA PAUSINI<\/strong><\/p>\n\n\n\n<p class=\"wp-block-paragraph\">Laura Pausini ora si prepara ai live di cui ha dato un\u2019anteprima durante<strong>&nbsp;il ventunesimo raduno del Laura Pausini Official Fanclub<\/strong>, che lo scorso 30 agosto ha riunito al Pala de Andr\u00e8 di Ravenna oltre 3mila fan iscritti da tutto il mondo per assistere allo Sneak Peek Fan Club Party: i presenti hanno potuto godere di una grande anticipazione a porte chiuse di quello che sar\u00e0 lo show che debutter\u00e0 a ottobre in Italia e in tutta Europa, compresa un\u2019anteprima live a sorpresa del nuovo singolo. L\u2019artista ha eseguito per i suoi fan l\u2019intera set list della leg europea del suo&nbsp;WORLD TOUR 2026\/2027,&nbsp;undicesima tourn\u00e9e mondiale, che ha gi\u00e0 venduto 450.000 biglietti nel mondo, con tantissime date sold out, e che&nbsp;dal primo ottobre 2026 la porter\u00e0 nei palazzetti delle pi\u00f9 grandi citt\u00e0, e proseguir\u00e0 fino a fine 2027.<\/p>\n\n\n\n<p class=\"wp-block-paragraph\"><strong>ITALIAN + EUROPEAN INDOOR LEG<\/strong><\/p>\n\n\n\n<ul class=\"wp-block-list\">\n<li>1 OTTOBRE 2026 \u2013 MANTOVA @ PALA UNICAL PRIMA DATA ZERO<\/li>\n\n\n\n<li>2 OTTOBRE 2026 \u2013 MANTOVA @ PALA UNICAL SECONDA DATA ZERO<\/li>\n\n\n\n<li>4 OTTOBRE 2026 \u2013 MILANO @ UNIPOL FORUM<\/li>\n\n\n\n<li>6 OTTOBRE 2026 \u2013 MILANO @ UNIPOL FORUM<\/li>\n\n\n\n<li>7 OTTOBRE 2026 \u2013 MILANO @ UNIPOL FORUM<\/li>\n\n\n\n<li>11 OTTOBRE 2026 \u2013 STUTTGART (GERMANIA) @ SCHLEYER-HALLE<\/li>\n\n\n\n<li>13 OTTOBRE 2026 \u2013 OBERHAUSEN (GERMANIA) @ RUDOLF WEBER-ARENA<\/li>\n\n\n\n<li>15 OTTOBRE 2026 \u2013 ZURICH (SVIZZERA) @ HALLENSTADION<\/li>\n\n\n\n<li>17 OTTOBRE 2026 \u2013 TORINO @ INALPI ARENA<\/li>\n\n\n\n<li>18 OTTOBRE 2026 \u2013 TORINO @ INALPI ARENA<\/li>\n\n\n\n<li>22 OTTOBRE 2026 \u2013 LISBOA (PORTOGALLO) @ MEO ARENA<\/li>\n\n\n\n<li>25 OTTOBRE 2026 \u2013 BRUSSELS (BELGIO) @ FOREST NATIONAL<\/li>\n\n\n\n<li>27 OTTOBRE 2026 \u2013 LUXEMBOURG @ ROCKHAL<\/li>\n\n\n\n<li>30 OTTOBRE 2026 \u2013 NICE (FRANCIA) @ PALAIS NIKAIA<\/li>\n\n\n\n<li>1 NOVEMBRE 2026 \u2013 GENEVE (SVIZZERA) @ ARENA<\/li>\n\n\n\n<li>3 NOVEMBRE 2026 \u2013 BOLOGNA @ UNIPOL ARENA<\/li>\n\n\n\n<li>4 NOVEMBRE 2026 \u2013 BOLOGNA @ UNIPOL ARENA<\/li>\n\n\n\n<li>6 NOVEMBRE 2026 \u2013 FIRENZE @ NELSON MANDELA FORUM<\/li>\n\n\n\n<li>7 NOVEMBRE 2026 \u2013 FIRENZE @ NELSON MANDELA FORUM<\/li>\n<\/ul>\n\n\n\n<p class=\"wp-block-paragraph\"><strong>BRAZIL<\/strong><\/p>\n\n\n\n<p class=\"wp-block-paragraph\">27 FEBBRAIO 2027 \u2013 SAO PAULO (BRASILE) @ MERCADO LIVRE ARENA PACAEMBU<\/p>\n\n\n\n<p class=\"wp-block-paragraph\"><strong>ITALIAN LEG (STADI)<\/strong><\/p>\n\n\n\n<ul class=\"wp-block-list\">\n<li>2 GIUGNO 2027 \u2013 LIGNANO SABBIADORO @ STADIO GUIDO TEGHIL<\/li>\n\n\n\n<li>12 GIUGNO 2027 \u2013 MESSINA @ STADIO FRANCO SCOGLIO<\/li>\n\n\n\n<li>19 GIUGNO 2027 \u2013 BARI @ STADIO SAN NICOLA<\/li>\n\n\n\n<li>26 GIUGNO 2027 \u2013 PESCARA @ STADIO ADRIATICO<\/li>\n\n\n\n<li>3 LUGLIO 2027 \u2013 ROMA @ STADIO OLIMPICO<\/li>\n<\/ul>\n\n\n\n<p class=\"wp-block-paragraph\"><strong>ITALIAN + EUROPEAN INDOOR REPRISE LEG<\/strong><\/p>\n\n\n\n<ul class=\"wp-block-list\">\n<li>28 OTTOBRE 2027 \u2013 LONDON @ THE ROYAL ALBERT HALL<\/li>\n\n\n\n<li>9 NOVEMBRE 2027 \u2013 EBOLI @ PALA SELE<\/li>\n\n\n\n<li>12 NOVEMBRE 2027 \u2013 LYON-D\u00c9CINES (FRANCIA) @ LDLC ARENA<\/li>\n\n\n\n<li>14 NOVEMBRE 2027 \u2013 PARIS (FRANCIA) @ ACCOR ARENA<\/li>\n\n\n\n<li>21 NOVEMBRE 2027 \u2013 GOTEBORG (SVEZIA) @ SCANDINAVIUM<\/li>\n\n\n\n<li>24 NOVEMBRE 2027 \u2013 AMSTERDAM (OLANDA) @ ZIGGO DOME<\/li>\n\n\n\n<li>30 NOVEMBRE 2027 \u2013 ZAGABRIA (CROAZIA) @ ARENA ZAGREB<\/li>\n<\/ul>\n","protected":false},"excerpt":{"rendered":"<p>Laura Pausini torna il 4 settembre, in radio e su tutte le piattaforme digitali, con un nuovo singolo dal titolo \u201cSiamo soli nell\u2019immenso vuoto che c\u2019\u00e8\u201d. Il brano, pubblicato originariamente da Raf (1991), e scritto a quattro mani dallo stesso Raffaele Riefoli con Beppe Dati, \u00e8 stato reinterpretato da Laura in una versione arrangiata da [&hellip;]<\/p>\n","protected":false},"author":1,"featured_media":1000034601,"comment_status":"closed","ping_status":"open","sticky":false,"template":"","format":"standard","meta":{"content-type":"","advanced_seo_description":"","jetpack_seo_html_title":"","jetpack_seo_noindex":false,"jetpack_post_was_ever_published":false,"_jetpack_newsletter_access":"","_jetpack_dont_email_post_to_subs":false,"_jetpack_newsletter_tier_id":0,"_jetpack_memberships_contains_paywalled_content":false,"_jetpack_memberships_contains_paid_content":false,"jnews-multi-image_gallery":[],"jnews_single_post":{"format":"standard"},"jnews_primary_category":[],"footnotes":"","jetpack_publicize_message":"","jetpack_publicize_feature_enabled":true,"jetpack_social_post_already_shared":true,"jetpack_social_options":{"image_generator_settings":{"template":"highway","default_image_id":0,"font":"","enabled":false},"version":2}},"categories":[255],"tags":[],"class_list":["post-1000034600","post","type-post","status-publish","format-standard","has-post-thumbnail","category-sociales"],"jetpack_publicize_connections":[],"jetpack_featured_media_url":"https:\/\/i0.wp.com\/gazzettinoitalianopatagonico.com\/wp-content\/uploads\/2026\/09\/ztyr.jpg?fit=1024%2C683&ssl=1","jetpack_likes_enabled":true,"jetpack_sharing_enabled":true,"jetpack-related-posts":[],"_links":{"self":[{"href":"https:\/\/gazzettinoitalianopatagonico.com\/index.php?rest_route=\/wp\/v2\/posts\/1000034600","targetHints":{"allow":["GET"]}}],"collection":[{"href":"https:\/\/gazzettinoitalianopatagonico.com\/index.php?rest_route=\/wp\/v2\/posts"}],"about":[{"href":"https:\/\/gazzettinoitalianopatagonico.com\/index.php?rest_route=\/wp\/v2\/types\/post"}],"author":[{"embeddable":true,"href":"https:\/\/gazzettinoitalianopatagonico.com\/index.php?rest_route=\/wp\/v2\/users\/1"}],"replies":[{"embeddable":true,"href":"https:\/\/gazzettinoitalianopatagonico.com\/index.php?rest_route=%2Fwp%2Fv2%2Fcomments&post=1000034600"}],"version-history":[{"count":1,"href":"https:\/\/gazzettinoitalianopatagonico.com\/index.php?rest_route=\/wp\/v2\/posts\/1000034600\/revisions"}],"predecessor-version":[{"id":1000034602,"href":"https:\/\/gazzettinoitalianopatagonico.com\/index.php?rest_route=\/wp\/v2\/posts\/1000034600\/revisions\/1000034602"}],"wp:featuredmedia":[{"embeddable":true,"href":"https:\/\/gazzettinoitalianopatagonico.com\/index.php?rest_route=\/wp\/v2\/media\/1000034601"}],"wp:attachment":[{"href":"https:\/\/gazzettinoitalianopatagonico.com\/index.php?rest_route=%2Fwp%2Fv2%2Fmedia&parent=1000034600"}],"wp:term":[{"taxonomy":"category","embeddable":true,"href":"https:\/\/gazzettinoitalianopatagonico.com\/index.php?rest_route=%2Fwp%2Fv2%2Fcategories&post=1000034600"},{"taxonomy":"post_tag","embeddable":true,"href":"https:\/\/gazzettinoitalianopatagonico.com\/index.php?rest_route=%2Fwp%2Fv2%2Ftags&post=1000034600"}],"curies":[{"name":"wp","href":"https:\/\/api.w.org\/{rel}","templated":true}]}}