{"id":1000034588,"date":"2026-09-03T17:12:48","date_gmt":"2026-09-03T20:12:48","guid":{"rendered":"https:\/\/gazzettinoitalianopatagonico.com\/?p=1000034588"},"modified":"2026-09-03T17:12:49","modified_gmt":"2026-09-03T20:12:49","slug":"messico-otto-giornalisti-uccisi-nel-2026-quasi-uno-al-mese","status":"publish","type":"post","link":"https:\/\/gazzettinoitalianopatagonico.com\/?p=1000034588","title":{"rendered":"Messico, otto giornalisti uccisi nel 2026, quasi uno al mese"},"content":{"rendered":"\n<p class=\"wp-block-paragraph\">Sono otto i giornalisti e comunicatori uccisi in Messico dall&#8217;inizio dell&#8217;anno, quasi uno al mese. L&#8217;ultimo \u00e8 Ricardo Z\u00fa\u00f1iga Rosas, fotografo e creatore di contenuti, assassinato a colpi d&#8217;arma da fuoco sabato sera nello Stato di Puebla. Secondo l&#8217;organizzazione Art\u00edculo 19, Z\u00fa\u00f1iga Rosas aveva denunciato di aver ricevuto minacce dopo aver pubblicato fotografie e commenti critici sull&#8217;amministrazione municipale, in particolare sulla gestione di una discarica che negli ultimi anni \u00e8 stata teatro di diversi incendi. Il fotografo \u00e8 stato raggiunto da colpi al torace mentre si trovava nel suo negozio a Tehuitzingo ed \u00e8 morto poco dopo in ospedale. Art\u00edculo 19 ha chiesto alla procura di Puebla un&#8217;indagine \u00abpronta, esaustiva, indipendente e imparziale\u00bb, includendo tra le ipotesi anche un movente legato alla sua attivit\u00e0 giornalistica. Lo Stato di Veracruz \u00e8 quello con il bilancio pi\u00f9 pesante, con tre giornalisti uccisi quest&#8217;anno. Secondo Art\u00edculo 19, nel 2025 in Messico sono state registrate 451 aggressioni contro la stampa, oltre a sette omicidi, una scomparsa e otto tentati omicidi. L&#8217;organizzazione considera il Messico il Paese pi\u00f9 letale della regione per esercitare il giornalismo.<\/p>\n","protected":false},"excerpt":{"rendered":"<p>Sono otto i giornalisti e comunicatori uccisi in Messico dall&#8217;inizio dell&#8217;anno, quasi uno al mese. L&#8217;ultimo \u00e8 Ricardo Z\u00fa\u00f1iga Rosas, fotografo e creatore di contenuti, assassinato a colpi d&#8217;arma da fuoco sabato sera nello Stato di Puebla. Secondo l&#8217;organizzazione Art\u00edculo 19, Z\u00fa\u00f1iga Rosas aveva denunciato di aver ricevuto minacce dopo aver pubblicato fotografie e commenti [&hellip;]<\/p>\n","protected":false},"author":1,"featured_media":1000034589,"comment_status":"closed","ping_status":"open","sticky":false,"template":"","format":"standard","meta":{"content-type":"","advanced_seo_description":"","jetpack_seo_html_title":"","jetpack_seo_noindex":false,"jetpack_post_was_ever_published":false,"_jetpack_newsletter_access":"","_jetpack_dont_email_post_to_subs":false,"_jetpack_newsletter_tier_id":0,"_jetpack_memberships_contains_paywalled_content":false,"_jetpack_memberships_contains_paid_content":false,"jnews-multi-image_gallery":[],"jnews_single_post":{"format":"standard"},"jnews_primary_category":[],"footnotes":"","jetpack_publicize_message":"","jetpack_publicize_feature_enabled":true,"jetpack_social_post_already_shared":true,"jetpack_social_options":{"image_generator_settings":{"template":"highway","default_image_id":0,"font":"","enabled":false},"version":2}},"categories":[41],"tags":[],"class_list":["post-1000034588","post","type-post","status-publish","format-standard","has-post-thumbnail","category-mundo"],"jetpack_publicize_connections":[],"jetpack_featured_media_url":"https:\/\/i0.wp.com\/gazzettinoitalianopatagonico.com\/wp-content\/uploads\/2026\/09\/zts.jpg?fit=912%2C446&ssl=1","jetpack_likes_enabled":true,"jetpack_sharing_enabled":true,"jetpack-related-posts":[],"_links":{"self":[{"href":"https:\/\/gazzettinoitalianopatagonico.com\/index.php?rest_route=\/wp\/v2\/posts\/1000034588","targetHints":{"allow":["GET"]}}],"collection":[{"href":"https:\/\/gazzettinoitalianopatagonico.com\/index.php?rest_route=\/wp\/v2\/posts"}],"about":[{"href":"https:\/\/gazzettinoitalianopatagonico.com\/index.php?rest_route=\/wp\/v2\/types\/post"}],"author":[{"embeddable":true,"href":"https:\/\/gazzettinoitalianopatagonico.com\/index.php?rest_route=\/wp\/v2\/users\/1"}],"replies":[{"embeddable":true,"href":"https:\/\/gazzettinoitalianopatagonico.com\/index.php?rest_route=%2Fwp%2Fv2%2Fcomments&post=1000034588"}],"version-history":[{"count":1,"href":"https:\/\/gazzettinoitalianopatagonico.com\/index.php?rest_route=\/wp\/v2\/posts\/1000034588\/revisions"}],"predecessor-version":[{"id":1000034590,"href":"https:\/\/gazzettinoitalianopatagonico.com\/index.php?rest_route=\/wp\/v2\/posts\/1000034588\/revisions\/1000034590"}],"wp:featuredmedia":[{"embeddable":true,"href":"https:\/\/gazzettinoitalianopatagonico.com\/index.php?rest_route=\/wp\/v2\/media\/1000034589"}],"wp:attachment":[{"href":"https:\/\/gazzettinoitalianopatagonico.com\/index.php?rest_route=%2Fwp%2Fv2%2Fmedia&parent=1000034588"}],"wp:term":[{"taxonomy":"category","embeddable":true,"href":"https:\/\/gazzettinoitalianopatagonico.com\/index.php?rest_route=%2Fwp%2Fv2%2Fcategories&post=1000034588"},{"taxonomy":"post_tag","embeddable":true,"href":"https:\/\/gazzettinoitalianopatagonico.com\/index.php?rest_route=%2Fwp%2Fv2%2Ftags&post=1000034588"}],"curies":[{"name":"wp","href":"https:\/\/api.w.org\/{rel}","templated":true}]}}