{"id":1000034579,"date":"2026-09-03T17:06:00","date_gmt":"2026-09-03T20:06:00","guid":{"rendered":"https:\/\/gazzettinoitalianopatagonico.com\/?p=1000034579"},"modified":"2026-09-03T17:06:01","modified_gmt":"2026-09-03T20:06:01","slug":"inedito-milei-fijo-por-decreto-un-aumento-del-salario-minimo-por-debajo-de-lo-que-ofrecian-los-empresarios","status":"publish","type":"post","link":"https:\/\/gazzettinoitalianopatagonico.com\/?p=1000034579","title":{"rendered":"In\u00e9dito: Milei fij\u00f3 por decreto un aumento del Salario M\u00ednimo por debajo de lo que ofrec\u00edan los empresarios"},"content":{"rendered":"\n<p class=\"wp-block-paragraph\">La gesti\u00f3n libertaria fij\u00f3 un nuevo incremento del Salario M\u00ednimo Vital y M\u00f3vil tras el fracaso del Consejo del Salario. La peculiaridad es que en esta oportunidad los incrementos quedaron por debajo, incluso, de lo que hab\u00edan ofrecido los empresarios. Ser\u00e1n 437.000 pesos reci\u00e9n en abril de 2027. En una determinaci\u00f3n sin precedentes, la gesti\u00f3n libertaria de Javier Milei fij\u00f3 nuevos miniaumentos del Salario M\u00ednimo Vital y M\u00f3vil que est\u00e1n pode debajo de lo que los propios representantes empresarios le hab\u00edan ofertado a las centrales sindicales el pasado viernes en la reuni\u00f3n preparatoria del plenario, que nunca se concret\u00f3. La nueva escala fue oficializada este mi\u00e9rcoles 2 de septiembre mediante la Resoluci\u00f3n 4\/2026 del Consejo Nacional del Empleo, la Productividad y el Salario M\u00ednimo, Vital y M\u00f3vil, luego de que los representantes sindicales abandonaran la reuni\u00f3n del organismo por la \u00aboferta irrisoria\u00bb que recibieron. Ahora Milei va m\u00e1s all\u00e1. El Gobierno fij\u00f3 miniaumentos que llevan el haber legal a 383.800 pesos desde el 1\u00b0 de septiembre y terminan en 437 mil pesos en abril del a\u00f1o pr\u00f3ximo. Con aumentos intermedios de, en promedio, 7 mil pesos. La determinaci\u00f3n queda por debajo de lo que estaban dispuesto a pagar los empresarios. \u00abNos ofrecieron 468 mil pesos reci\u00e9n en abril del a\u00f1o que viene. No lo vamos a convalidar, no vamos a ir al plenario y no van a tener quorum\u00ab, le hab\u00eda dicho Cristian Jer\u00f3nimo a InfoGremiales a minutos de haber terminado el primer encuentro del viernes pasado. La CGT como las CTA hab\u00edan reclamado elevar el Salario M\u00ednimo Vital y M\u00f3vil a 993.000 pesos a diciembre de este a\u00f1o. Implicaba casi triplicar el monto que se percibe actualmente por la prestaci\u00f3n m\u00ednima legal en el pa\u00eds.<\/p>\n\n\n\n<p class=\"wp-block-paragraph\">El retroceso sostenido del Salario M\u00ednimo<\/p>\n\n\n\n<p class=\"wp-block-paragraph\">Un informe elaborado por el Instituto Interdisciplinario de Econom\u00eda Pol\u00edtica (IIEP) de la UBA analiz\u00f3 la evoluci\u00f3n del poder de compra y mostr\u00f3 que el salario m\u00ednimo volvi\u00f3 a perder capacidad adquisitiva en julio, con una ca\u00edda real del 0,8%. Esta tendencia se repiti\u00f3 en los \u00faltimos 12 meses. Los analistas aseguraron que el salario m\u00ednimo real acumul\u00f3 una ca\u00edda de 40,5% entre noviembre de 2023 (equivalentes a $626.106) y julio de 2026 ($372.400). \u201cEsta contracci\u00f3n lleva a que el salario m\u00ednimo en t\u00e9rminos reales de julio de 2026 se ubique en un valor inferior al de 2001, antes del colapso de la convertibilidad. Asimismo, implica una erosi\u00f3n del 67% respecto del valor m\u00e1ximo de la serie, en septiembre de 2011, de forma tal que representa apenas un tercio del mismo\u201d, remarcaron. Desde agosto, el valor del salario m\u00ednimo para los trabajadores mensualizados es de $376.600, mientras que los jornalizados deber\u00edan cobrar al menos $1883 por hora. Ese salario mensual representa unos US$245,34 medidos a la cotizaci\u00f3n oficial. Adem\u00e1s, el sueldo b\u00e1sico funciona como par\u00e1metro para los informales. A diferencia de las jubilaciones, pensiones y otras prestaciones sociales, que se actualizan en l\u00ednea con el \u00cdndice de Precios al Consumidor (IPC), el salario m\u00ednimo no cuenta con un mecanismo de ajuste autom\u00e1tico por inflaci\u00f3n.<\/p>\n\n\n\n<p class=\"wp-block-paragraph\">M.T.<\/p>\n","protected":false},"excerpt":{"rendered":"<p>La gesti\u00f3n libertaria fij\u00f3 un nuevo incremento del Salario M\u00ednimo Vital y M\u00f3vil tras el fracaso del Consejo del Salario. La peculiaridad es que en esta oportunidad los incrementos quedaron por debajo, incluso, de lo que hab\u00edan ofrecido los empresarios. Ser\u00e1n 437.000 pesos reci\u00e9n en abril de 2027. En una determinaci\u00f3n sin precedentes, la gesti\u00f3n [&hellip;]<\/p>\n","protected":false},"author":1,"featured_media":1000034580,"comment_status":"closed","ping_status":"open","sticky":false,"template":"","format":"standard","meta":{"content-type":"","advanced_seo_description":"","jetpack_seo_html_title":"","jetpack_seo_noindex":false,"jetpack_post_was_ever_published":false,"_jetpack_newsletter_access":"","_jetpack_dont_email_post_to_subs":false,"_jetpack_newsletter_tier_id":0,"_jetpack_memberships_contains_paywalled_content":false,"_jetpack_memberships_contains_paid_content":false,"jnews-multi-image_gallery":[],"jnews_single_post":{"format":"standard"},"jnews_primary_category":[],"footnotes":"","jetpack_publicize_message":"","jetpack_publicize_feature_enabled":true,"jetpack_social_post_already_shared":true,"jetpack_social_options":{"image_generator_settings":{"template":"highway","default_image_id":0,"font":"","enabled":false},"version":2}},"categories":[270],"tags":[268],"class_list":["post-1000034579","post","type-post","status-publish","format-standard","has-post-thumbnail","category-america-latina","tag-america-latina"],"jetpack_publicize_connections":[],"jetpack_featured_media_url":"https:\/\/i0.wp.com\/gazzettinoitalianopatagonico.com\/wp-content\/uploads\/2026\/09\/zttt.jpg?fit=912%2C445&ssl=1","jetpack_likes_enabled":true,"jetpack_sharing_enabled":true,"jetpack-related-posts":[],"_links":{"self":[{"href":"https:\/\/gazzettinoitalianopatagonico.com\/index.php?rest_route=\/wp\/v2\/posts\/1000034579","targetHints":{"allow":["GET"]}}],"collection":[{"href":"https:\/\/gazzettinoitalianopatagonico.com\/index.php?rest_route=\/wp\/v2\/posts"}],"about":[{"href":"https:\/\/gazzettinoitalianopatagonico.com\/index.php?rest_route=\/wp\/v2\/types\/post"}],"author":[{"embeddable":true,"href":"https:\/\/gazzettinoitalianopatagonico.com\/index.php?rest_route=\/wp\/v2\/users\/1"}],"replies":[{"embeddable":true,"href":"https:\/\/gazzettinoitalianopatagonico.com\/index.php?rest_route=%2Fwp%2Fv2%2Fcomments&post=1000034579"}],"version-history":[{"count":1,"href":"https:\/\/gazzettinoitalianopatagonico.com\/index.php?rest_route=\/wp\/v2\/posts\/1000034579\/revisions"}],"predecessor-version":[{"id":1000034581,"href":"https:\/\/gazzettinoitalianopatagonico.com\/index.php?rest_route=\/wp\/v2\/posts\/1000034579\/revisions\/1000034581"}],"wp:featuredmedia":[{"embeddable":true,"href":"https:\/\/gazzettinoitalianopatagonico.com\/index.php?rest_route=\/wp\/v2\/media\/1000034580"}],"wp:attachment":[{"href":"https:\/\/gazzettinoitalianopatagonico.com\/index.php?rest_route=%2Fwp%2Fv2%2Fmedia&parent=1000034579"}],"wp:term":[{"taxonomy":"category","embeddable":true,"href":"https:\/\/gazzettinoitalianopatagonico.com\/index.php?rest_route=%2Fwp%2Fv2%2Fcategories&post=1000034579"},{"taxonomy":"post_tag","embeddable":true,"href":"https:\/\/gazzettinoitalianopatagonico.com\/index.php?rest_route=%2Fwp%2Fv2%2Ftags&post=1000034579"}],"curies":[{"name":"wp","href":"https:\/\/api.w.org\/{rel}","templated":true}]}}