{"id":1000034573,"date":"2026-09-03T17:03:10","date_gmt":"2026-09-03T20:03:10","guid":{"rendered":"https:\/\/gazzettinoitalianopatagonico.com\/?p=1000034573"},"modified":"2026-09-03T17:03:11","modified_gmt":"2026-09-03T20:03:11","slug":"spostato-impianto-di-idrogeno-verde-per-allentare-le-tensioni-con-largentina","status":"publish","type":"post","link":"https:\/\/gazzettinoitalianopatagonico.com\/?p=1000034573","title":{"rendered":"Spostato impianto di idrogeno verde per allentare le tensioni con l\u2019Argentina"},"content":{"rendered":"\n<p class=\"wp-block-paragraph\">L&#8217;Uruguay ha deciso di spostare il progetto per l&#8217;impianto di idrogeno verde di Hif Global, inizialmente previsto nei pressi del fiume Uruguay, di fronte alla citt\u00e0 argentina di Col\u00f3n. La decisione \u00e8 stata comunicata ufficialmente dal ministro degli Esteri uruguaiano Mario Lubetkin al collega argentino Pablo Quirno, durante la firma a Montevideo di un accordo per ampliare l&#8217;offerta di voli e destinazioni tra i due Paesi. Su indicazione del presidente Yamand\u00fa Orsi, Lubetkin ha riferito a Quirno che, se le trattative con Hif arriveranno a buon fine, l&#8217;impianto non sar\u00e0 costruito nel sito originario. Il progetto dovrebbe essere trasferito, con vantaggi operativi e normativi e a maggiore distanza dalla costa argentina. L&#8217;iniziativa aveva provocato proteste, ricorsi giudiziari e altri reclami in Argentina, soprattutto a Col\u00f3n, per il possibile impatto ambientale e paesaggistico. La questione era gi\u00e0 stata al centro di due incontri tra le autorit\u00e0 dei due Paesi, a novembre e ad aprile. Il governo uruguaiano ritiene ora che le contestazioni argentine possano perdere forza con il cambio di localizzazione e che anche le azioni giudiziarie in corso possano venire meno.<\/p>\n","protected":false},"excerpt":{"rendered":"<p>L&#8217;Uruguay ha deciso di spostare il progetto per l&#8217;impianto di idrogeno verde di Hif Global, inizialmente previsto nei pressi del fiume Uruguay, di fronte alla citt\u00e0 argentina di Col\u00f3n. La decisione \u00e8 stata comunicata ufficialmente dal ministro degli Esteri uruguaiano Mario Lubetkin al collega argentino Pablo Quirno, durante la firma a Montevideo di un accordo [&hellip;]<\/p>\n","protected":false},"author":1,"featured_media":1000034574,"comment_status":"closed","ping_status":"open","sticky":false,"template":"","format":"standard","meta":{"content-type":"","advanced_seo_description":"","jetpack_seo_html_title":"","jetpack_seo_noindex":false,"jetpack_post_was_ever_published":false,"_jetpack_newsletter_access":"","_jetpack_dont_email_post_to_subs":false,"_jetpack_newsletter_tier_id":0,"_jetpack_memberships_contains_paywalled_content":false,"_jetpack_memberships_contains_paid_content":false,"jnews-multi-image_gallery":[],"jnews_single_post":{"format":"standard"},"jnews_primary_category":[],"footnotes":"","jetpack_publicize_message":"","jetpack_publicize_feature_enabled":true,"jetpack_social_post_already_shared":true,"jetpack_social_options":{"image_generator_settings":{"template":"highway","default_image_id":0,"font":"","enabled":false},"version":2}},"categories":[270],"tags":[268],"class_list":["post-1000034573","post","type-post","status-publish","format-standard","has-post-thumbnail","category-america-latina","tag-america-latina"],"jetpack_publicize_connections":[],"jetpack_featured_media_url":"https:\/\/i0.wp.com\/gazzettinoitalianopatagonico.com\/wp-content\/uploads\/2026\/09\/zrtee.jpg?fit=912%2C426&ssl=1","jetpack_likes_enabled":true,"jetpack_sharing_enabled":true,"jetpack-related-posts":[],"_links":{"self":[{"href":"https:\/\/gazzettinoitalianopatagonico.com\/index.php?rest_route=\/wp\/v2\/posts\/1000034573","targetHints":{"allow":["GET"]}}],"collection":[{"href":"https:\/\/gazzettinoitalianopatagonico.com\/index.php?rest_route=\/wp\/v2\/posts"}],"about":[{"href":"https:\/\/gazzettinoitalianopatagonico.com\/index.php?rest_route=\/wp\/v2\/types\/post"}],"author":[{"embeddable":true,"href":"https:\/\/gazzettinoitalianopatagonico.com\/index.php?rest_route=\/wp\/v2\/users\/1"}],"replies":[{"embeddable":true,"href":"https:\/\/gazzettinoitalianopatagonico.com\/index.php?rest_route=%2Fwp%2Fv2%2Fcomments&post=1000034573"}],"version-history":[{"count":1,"href":"https:\/\/gazzettinoitalianopatagonico.com\/index.php?rest_route=\/wp\/v2\/posts\/1000034573\/revisions"}],"predecessor-version":[{"id":1000034575,"href":"https:\/\/gazzettinoitalianopatagonico.com\/index.php?rest_route=\/wp\/v2\/posts\/1000034573\/revisions\/1000034575"}],"wp:featuredmedia":[{"embeddable":true,"href":"https:\/\/gazzettinoitalianopatagonico.com\/index.php?rest_route=\/wp\/v2\/media\/1000034574"}],"wp:attachment":[{"href":"https:\/\/gazzettinoitalianopatagonico.com\/index.php?rest_route=%2Fwp%2Fv2%2Fmedia&parent=1000034573"}],"wp:term":[{"taxonomy":"category","embeddable":true,"href":"https:\/\/gazzettinoitalianopatagonico.com\/index.php?rest_route=%2Fwp%2Fv2%2Fcategories&post=1000034573"},{"taxonomy":"post_tag","embeddable":true,"href":"https:\/\/gazzettinoitalianopatagonico.com\/index.php?rest_route=%2Fwp%2Fv2%2Ftags&post=1000034573"}],"curies":[{"name":"wp","href":"https:\/\/api.w.org\/{rel}","templated":true}]}}