{"id":1000034570,"date":"2026-09-03T17:02:27","date_gmt":"2026-09-03T20:02:27","guid":{"rendered":"https:\/\/gazzettinoitalianopatagonico.com\/?p=1000034570"},"modified":"2026-09-03T17:02:28","modified_gmt":"2026-09-03T20:02:28","slug":"lagenda-di-papa-leone-xiv-in-argentina-incontro-con-milei-e-messe-aperte-ai-fedeli","status":"publish","type":"post","link":"https:\/\/gazzettinoitalianopatagonico.com\/?p=1000034570","title":{"rendered":"L\u2019agenda di Papa Leone XIV in Argentina, incontro con Milei e messe aperte ai fedeli"},"content":{"rendered":"\n<p class=\"wp-block-paragraph\">L&#8217;arcivescovo di Buenos Aires, Jorge Garc\u00eda Cuerva, ha anticipato oggi alcuni dettagli dell&#8217;intensa agenda del Papa Leone XIV durante la sua visita in Argentina nelle giornate dell&#8217;8, 9 e 10 novembre. Al termine di una riunione con rappresentanti del governo e inviati della Santa Sede, Cuerva ha confermato che \u00abdomenica 8 novembre, il Pontefice &#8211; come capo di Stato &#8211; verr\u00e0 ricevuto dal presidente Milei, render\u00e0 omaggio al monumento al generale Jos\u00e9 de San Martin e terr\u00e0 un incontro con il corpo diplomatico accreditato in Argentina nel Palacio Libertad\u00bb. A partire da luned\u00ec 9, ha spiegato l&#8217;arcivescovo \u00abavr\u00e0 inizio la visita pastorale del Papa con la visita dapprima all&#8217;istituto Cottolengo di Claypole, seguita da una messa aperta ai fedeli presso lo spiazzo del Monumento agli Spagnoli, lungo la Avenida del Libertador, nel centro di Buenos Aires\u00bb. Nella stessa giornata, ha aggiunto, \u00abil Papa terr\u00e0 un incontro ecumenico ed interreligioso presso il Palazzo San Martin, sede del ministero degli Esteri, e successivamente anche una riunione sul tema dell&#8217;Enciclica &#8216;Magnifica Humanitas&#8217; con esponenti del mondo del lavoro (sindacati, imprenditori e organizzazioni sociali) presso la sede dell&#8217;Universit\u00e0 Cattolica\u00bb. La giornata si concluder\u00e0 quindi con un incontro con i vescovi argentini nella Cattedrale Metropolitana di Buenos Aires. Secondo quanto ha precisato Cuerva, marted\u00ec 10 il papa si recher\u00e0 quindi a Cordoba dove pure terr\u00e0 una messa aperta ai fedeli per fare ritorno di nuovo a Buenos Aires dove parteciper\u00e0 a una &#8216;vigilia&#8217; sempre presso il Monumento agli Spagnoli.<\/p>\n\n\n\n<p class=\"wp-block-paragraph\">Mercoled\u00ec 11, l&#8217;agenda di Leone XIV prevede infine l&#8217;ultima messa nella Basilica di Lujan e anche una visita nel carcere di Devoto.<\/p>\n","protected":false},"excerpt":{"rendered":"<p>L&#8217;arcivescovo di Buenos Aires, Jorge Garc\u00eda Cuerva, ha anticipato oggi alcuni dettagli dell&#8217;intensa agenda del Papa Leone XIV durante la sua visita in Argentina nelle giornate dell&#8217;8, 9 e 10 novembre. Al termine di una riunione con rappresentanti del governo e inviati della Santa Sede, Cuerva ha confermato che \u00abdomenica 8 novembre, il Pontefice &#8211; [&hellip;]<\/p>\n","protected":false},"author":1,"featured_media":1000034571,"comment_status":"closed","ping_status":"open","sticky":false,"template":"","format":"standard","meta":{"content-type":"","advanced_seo_description":"","jetpack_seo_html_title":"","jetpack_seo_noindex":false,"jetpack_post_was_ever_published":false,"_jetpack_newsletter_access":"","_jetpack_dont_email_post_to_subs":false,"_jetpack_newsletter_tier_id":0,"_jetpack_memberships_contains_paywalled_content":false,"_jetpack_memberships_contains_paid_content":false,"jnews-multi-image_gallery":[],"jnews_single_post":{"format":"standard"},"jnews_primary_category":[],"footnotes":"","jetpack_publicize_message":"","jetpack_publicize_feature_enabled":true,"jetpack_social_post_already_shared":true,"jetpack_social_options":{"image_generator_settings":{"template":"highway","default_image_id":0,"font":"","enabled":false},"version":2}},"categories":[270],"tags":[268],"class_list":["post-1000034570","post","type-post","status-publish","format-standard","has-post-thumbnail","category-america-latina","tag-america-latina"],"jetpack_publicize_connections":[],"jetpack_featured_media_url":"https:\/\/i0.wp.com\/gazzettinoitalianopatagonico.com\/wp-content\/uploads\/2026\/09\/ztr-2.jpg?fit=912%2C453&ssl=1","jetpack_likes_enabled":true,"jetpack_sharing_enabled":true,"jetpack-related-posts":[],"_links":{"self":[{"href":"https:\/\/gazzettinoitalianopatagonico.com\/index.php?rest_route=\/wp\/v2\/posts\/1000034570","targetHints":{"allow":["GET"]}}],"collection":[{"href":"https:\/\/gazzettinoitalianopatagonico.com\/index.php?rest_route=\/wp\/v2\/posts"}],"about":[{"href":"https:\/\/gazzettinoitalianopatagonico.com\/index.php?rest_route=\/wp\/v2\/types\/post"}],"author":[{"embeddable":true,"href":"https:\/\/gazzettinoitalianopatagonico.com\/index.php?rest_route=\/wp\/v2\/users\/1"}],"replies":[{"embeddable":true,"href":"https:\/\/gazzettinoitalianopatagonico.com\/index.php?rest_route=%2Fwp%2Fv2%2Fcomments&post=1000034570"}],"version-history":[{"count":1,"href":"https:\/\/gazzettinoitalianopatagonico.com\/index.php?rest_route=\/wp\/v2\/posts\/1000034570\/revisions"}],"predecessor-version":[{"id":1000034572,"href":"https:\/\/gazzettinoitalianopatagonico.com\/index.php?rest_route=\/wp\/v2\/posts\/1000034570\/revisions\/1000034572"}],"wp:featuredmedia":[{"embeddable":true,"href":"https:\/\/gazzettinoitalianopatagonico.com\/index.php?rest_route=\/wp\/v2\/media\/1000034571"}],"wp:attachment":[{"href":"https:\/\/gazzettinoitalianopatagonico.com\/index.php?rest_route=%2Fwp%2Fv2%2Fmedia&parent=1000034570"}],"wp:term":[{"taxonomy":"category","embeddable":true,"href":"https:\/\/gazzettinoitalianopatagonico.com\/index.php?rest_route=%2Fwp%2Fv2%2Fcategories&post=1000034570"},{"taxonomy":"post_tag","embeddable":true,"href":"https:\/\/gazzettinoitalianopatagonico.com\/index.php?rest_route=%2Fwp%2Fv2%2Ftags&post=1000034570"}],"curies":[{"name":"wp","href":"https:\/\/api.w.org\/{rel}","templated":true}]}}