{"id":1000034533,"date":"2026-09-02T21:16:47","date_gmt":"2026-09-03T00:16:47","guid":{"rendered":"https:\/\/gazzettinoitalianopatagonico.com\/?p=1000034533"},"modified":"2026-09-02T21:16:48","modified_gmt":"2026-09-03T00:16:48","slug":"festival-de-periodistas-del-mediterraneo-2026-una-profesion-mil-desafios-globales","status":"publish","type":"post","link":"https:\/\/gazzettinoitalianopatagonico.com\/?p=1000034533","title":{"rendered":"Festival de Periodistas del Mediterr\u00e1neo 2026: Una profesi\u00f3n, mil desaf\u00edos globales"},"content":{"rendered":"\n<p class=\"wp-block-paragraph\">El Festival de Periodistas Mediterr\u00e1neos cumple 18 a\u00f1os y se prepara para una edici\u00f3n repleta de temas e invitados. En el encantador entorno de Otranto, desde esta noche, martes 1 de septiembre, hasta el viernes 4, el evento tendr\u00e1 lugar en el Largo di Porta Alfonsina, en pleno centro de la ciudad de Salento, de las 20:30 a las 24:00. La entrada es, como siempre, gratuita.<\/p>\n\n\n\n<p class=\"wp-block-paragraph\">Un escenario internacional<\/p>\n\n\n\n<p class=\"wp-block-paragraph\">A lo largo de la historia del Festival, Otranto, cruce de caminos de diversos pueblos y culturas durante siglos, ha presentado sistem\u00e1ticamente escenarios globales y problem\u00e1ticas locales, gracias a las contribuciones de periodistas, diplom\u00e1ticos, artistas y l\u00edderes religiosos. Este a\u00f1o, los conflictos armados tambi\u00e9n tendr\u00e1n un amplio espacio, desde Oriente Medio hasta Ucrania, sin olvidar el continente africano y pa\u00edses a menudo ignorados por los medios, como Hait\u00ed. La inteligencia artificial tambi\u00e9n desempe\u00f1a un papel fundamental, desde su uso en el periodismo hasta la Magnifica Humanitas, la primera enc\u00edclica de Le\u00f3n XIV publicada el pasado mes de mayo.<\/p>\n\n\n\n<p class=\"wp-block-paragraph\">El papel de la diplomacia<\/p>\n\n\n\n<p class=\"wp-block-paragraph\">En el Festival, del que Radio Vaticano \u2013 Vatican News es nuevamente socio medi\u00e1tico, la Iglesia y el Vaticano tendr\u00e1n un papel destacado el jueves 3 de septiembre en el panel titulado \u00abDiplomacia cat\u00f3lica y escenarios globales: mediaci\u00f3n, paz y conflictos internacionales\u00bb, que contar\u00e1 con la participaci\u00f3n, entre otros, de Monse\u00f1or Francesco Neri, Arzobispo de Otranto. La diplomacia internacional y la cooperaci\u00f3n en el Mediterr\u00e1neo tambi\u00e9n se abordar\u00e1n el d\u00eda anterior con Claudio Antonelli de Il Sole 24 Ore. Otros temas incluir\u00e1n la protecci\u00f3n de la creaci\u00f3n en el panel del 2 de septiembre, titulado \u00abMedio ambiente y futuro: sostenibilidad, innovaci\u00f3n y responsabilidad para el Mediterr\u00e1neo\u00bb, que tambi\u00e9n contar\u00e1 con la participaci\u00f3n de ponentes como el periodista Patrizio Nissirio, editor de mondoemediterraneo.eu, y Sebastiano Venneri de Legambiente.<\/p>\n\n\n\n<p class=\"wp-block-paragraph\">Los premios Caravella<\/p>\n\n\n\n<p class=\"wp-block-paragraph\">El gran final tendr\u00e1 lugar el viernes por la noche con la ceremonia de entrega de los Premios Caravella. Entre los galardonados se encuentran Lucio Caracciolo, fundador y editor de la revista Limes; Iacopo Luzi, corresponsal de la Casa Blanca; el periodista palestino Alhassan Selmi; el general Armando Franza, comandante de la Unidad A\u00e9rea Naval de Apulia; y la periodista Lucia Esposito, quien se encuentra bajo protecci\u00f3n policial por sus investigaciones sobre la Camorra, organizaci\u00f3n criminal italiana. El Premio Especial a la Libertad de Prensa se otorga a Shelly Kittleson, periodista estadounidense independiente y experta en Oriente Medio, secuestrada en Bagdad el pasado mes de marzo y liberada una semana despu\u00e9s.<\/p>\n\n\n\n<p class=\"wp-block-paragraph\">Contar siempre la verdad<\/p>\n\n\n\n<p class=\"wp-block-paragraph\">Los retos, como sugiere el t\u00edtulo, ser\u00e1n el eje central de esta edici\u00f3n del Festival. \u00abEl presente nos reta a debatir sobre la libertad de prensa y el papel del periodismo, tanto a nivel internacional como en cada regi\u00f3n\u00bb, subraya Tommaso Forte, patrocinador del evento, ante nuestros micr\u00f3fonos. \u00abPuedo afirmar con certeza que todos tenemos una gran responsabilidad como miembros del servicio p\u00fablico. Tenemos la obligaci\u00f3n de decir la verdad con la m\u00e1xima transparencia, y este elemento\u00bb, explica, \u00abser\u00e1 recurrente en los testimonios de los colegas que asistan al Festival\u00bb. A partir de esta noche, Otranto se prepara para acoger diversos esp\u00edritus, profesionales y perspectivas, unidos, sin embargo, por una certeza: el periodismo para la paz solo es posible si se pone de relieve el papel fundamental de la diplomacia. \u00abEste a\u00f1o, la atenci\u00f3n se centrar\u00e1 en las relaciones internacionales y la diplomacia; es necesario promover y fortalecer el di\u00e1logo, incluso mediante la comprensi\u00f3n de los diferentes \u00e1mbitos y funciones\u00bb, concluye Forte.<\/p>\n\n\n\n<p class=\"wp-block-paragraph\">Andrea De Angelis<\/p>\n","protected":false},"excerpt":{"rendered":"<p>El Festival de Periodistas Mediterr\u00e1neos cumple 18 a\u00f1os y se prepara para una edici\u00f3n repleta de temas e invitados. En el encantador entorno de Otranto, desde esta noche, martes 1 de septiembre, hasta el viernes 4, el evento tendr\u00e1 lugar en el Largo di Porta Alfonsina, en pleno centro de la ciudad de Salento, de [&hellip;]<\/p>\n","protected":false},"author":1,"featured_media":1000034534,"comment_status":"closed","ping_status":"open","sticky":false,"template":"","format":"standard","meta":{"content-type":"","advanced_seo_description":"","jetpack_seo_html_title":"","jetpack_seo_noindex":false,"jetpack_post_was_ever_published":false,"_jetpack_newsletter_access":"","_jetpack_dont_email_post_to_subs":false,"_jetpack_newsletter_tier_id":0,"_jetpack_memberships_contains_paywalled_content":false,"_jetpack_memberships_contains_paid_content":false,"jnews-multi-image_gallery":[],"jnews_single_post":{"format":"standard"},"jnews_primary_category":[],"footnotes":"","jetpack_publicize_message":"","jetpack_publicize_feature_enabled":true,"jetpack_social_post_already_shared":true,"jetpack_social_options":{"image_generator_settings":{"template":"highway","default_image_id":0,"font":"","enabled":false},"version":2}},"categories":[255],"tags":[],"class_list":["post-1000034533","post","type-post","status-publish","format-standard","has-post-thumbnail","category-sociales"],"jetpack_publicize_connections":[],"jetpack_featured_media_url":"https:\/\/i0.wp.com\/gazzettinoitalianopatagonico.com\/wp-content\/uploads\/2026\/09\/zaaa.jpg?fit=912%2C426&ssl=1","jetpack_likes_enabled":true,"jetpack_sharing_enabled":true,"jetpack-related-posts":[],"_links":{"self":[{"href":"https:\/\/gazzettinoitalianopatagonico.com\/index.php?rest_route=\/wp\/v2\/posts\/1000034533","targetHints":{"allow":["GET"]}}],"collection":[{"href":"https:\/\/gazzettinoitalianopatagonico.com\/index.php?rest_route=\/wp\/v2\/posts"}],"about":[{"href":"https:\/\/gazzettinoitalianopatagonico.com\/index.php?rest_route=\/wp\/v2\/types\/post"}],"author":[{"embeddable":true,"href":"https:\/\/gazzettinoitalianopatagonico.com\/index.php?rest_route=\/wp\/v2\/users\/1"}],"replies":[{"embeddable":true,"href":"https:\/\/gazzettinoitalianopatagonico.com\/index.php?rest_route=%2Fwp%2Fv2%2Fcomments&post=1000034533"}],"version-history":[{"count":1,"href":"https:\/\/gazzettinoitalianopatagonico.com\/index.php?rest_route=\/wp\/v2\/posts\/1000034533\/revisions"}],"predecessor-version":[{"id":1000034535,"href":"https:\/\/gazzettinoitalianopatagonico.com\/index.php?rest_route=\/wp\/v2\/posts\/1000034533\/revisions\/1000034535"}],"wp:featuredmedia":[{"embeddable":true,"href":"https:\/\/gazzettinoitalianopatagonico.com\/index.php?rest_route=\/wp\/v2\/media\/1000034534"}],"wp:attachment":[{"href":"https:\/\/gazzettinoitalianopatagonico.com\/index.php?rest_route=%2Fwp%2Fv2%2Fmedia&parent=1000034533"}],"wp:term":[{"taxonomy":"category","embeddable":true,"href":"https:\/\/gazzettinoitalianopatagonico.com\/index.php?rest_route=%2Fwp%2Fv2%2Fcategories&post=1000034533"},{"taxonomy":"post_tag","embeddable":true,"href":"https:\/\/gazzettinoitalianopatagonico.com\/index.php?rest_route=%2Fwp%2Fv2%2Ftags&post=1000034533"}],"curies":[{"name":"wp","href":"https:\/\/api.w.org\/{rel}","templated":true}]}}