{"id":1000034520,"date":"2026-09-02T17:37:08","date_gmt":"2026-09-02T20:37:08","guid":{"rendered":"https:\/\/gazzettinoitalianopatagonico.com\/?p=1000034520"},"modified":"2026-09-02T17:37:11","modified_gmt":"2026-09-02T20:37:11","slug":"caldo-torrido-e-cambiamento-climatico-no-per-i-partiti-di-governo-lurgenza-e-la-nuova-legge-elettorale","status":"publish","type":"post","link":"https:\/\/gazzettinoitalianopatagonico.com\/?p=1000034520","title":{"rendered":"Caldo torrido e cambiamento climatico? No, per i partiti di governo l\u2019urgenza \u00e8 la nuova legge elettorale"},"content":{"rendered":"\n<p class=\"wp-block-paragraph\">Guerre che invece di finire continuano. Si firmano accordi di continuo, subito disattesi. Questo sul versante internazionale, e ci fa capire che i prossimi mesi saranno altrettanto duri per le conseguenze che comportano e che paghiamo gi\u00e0 da tempo con l\u2019aumento dei costi della vita quotidiana. Nel corso di questa torrida e soffocante estate mi sono confrontato con molte e diverse persone, anche giovani. Per capire che giudizio davano sull\u2019azione del governo Meloni, su priorit\u00e0 e scelte delle nostre forze politiche. Alla fine, la sintesi, a nessuno interessava di riformare la legge elettorale. Invece \u00e8 solo di questo che i partiti parlano, perch\u00e9 in vista della scadenza di mandato \u00e8 soltanto con il cavillo elettorale che si riuscir\u00e0 a tornare in Parlamento. Un dibattito che appassiona i diretti interessati e tutto il vasto mondo che di loro vive, e pochi altri. I giovani, che non sono un popolo assente si badi bene, ma concentrato su veri temi vitali, dibattono e si confrontano tra di loro sul futuro che li aspetta, sulle scelte sbagliate di noi grandi, su quello che una politica seria dovrebbe mettere in atto e che invece rimanda sempre. Perch\u00e9 anche il caldo soffocante di questa estate, con la sua scia di morti, segnale concreto del cambiamento climatico, ha chiarito senza ombra di dubbio che di questo dovremmo occuparci. Altro che legge elettorale. La transizione ecologica e la sostenibilit\u00e0 ambientalista rappresentano la grande e fondamentale sfida del nostro tempo. Non si tratta pi\u00f9 soltanto di una discussione scientifica o etica, ma sar\u00e0 sempre pi\u00f9 terreno di scontro su cui si decider\u00e0 la tenuta economica, la coesione sociale e il consenso politico nei paesi occidentali. Di questo parlano i nostri giovani, si confrontano e si mobilitano. E sulle piattaforme digitali, la questione ambientale assume contorni radicali e polarizzazione: da una parte gli eco-radicalisti dall\u2019altra gli scettici; i giovani che vogliono drastici cambiamenti nello stile di vita, e chi ha paura dei contraccolpi sul potere d\u2019acquisto; chi vuole dare priorit\u00e0 all\u2019ambiente e per la sua difesa destinare pi\u00f9 risorse, chi si schiera contro proprio per gli eccessivi costi della transizione. Chi \u00e8 guidato dalla percezione dell\u2019urgenza climatica vuole misure drastiche: stop immediato alle fonti fossili, limiti al consumo, interventi diretti sulle infrastrutture. Per questi ogni rinvio equivale a una minaccia per il proprio futuro. Nell\u2019altro campo, cresce la resistenza di chi vede nella transizione un\u2019imposizione dall\u2019alto, costosa e penalizzante. In particolare, teme la perdita di posti di lavoro nei settori industriali tradizionali. La vera sfida per la politica e le istituzioni nei prossimi anni non sar\u00e0 convincere l\u2019opinione pubblica dell\u2019esistenza del cambiamento climatico, ma sostenere il costo economico e sociale della transizione. Se la tutela dell\u2019ambiente viene percepita come un bene di lusso o una tassa sui ceti con meno risorse, la reazione di rigetto rischia di bloccare anche le soluzioni pi\u00f9 virtuose. Per evitare che la transizione ecologica fallisca sotto il peso della polarizzazione, l\u2019unica strada percorribile \u00e8 quella di affiancare agli obiettivi ambientali interventi di giustizia sociale: sussidi mirati, incentivi alla riconversione industriale e strumenti di welfare energetico volti a tutelare chi rischia di rimanere indietro.<\/p>\n\n\n\n<p class=\"wp-block-paragraph\">Nico Perrone<\/p>\n","protected":false},"excerpt":{"rendered":"<p>Guerre che invece di finire continuano. Si firmano accordi di continuo, subito disattesi. Questo sul versante internazionale, e ci fa capire che i prossimi mesi saranno altrettanto duri per le conseguenze che comportano e che paghiamo gi\u00e0 da tempo con l\u2019aumento dei costi della vita quotidiana. Nel corso di questa torrida e soffocante estate mi [&hellip;]<\/p>\n","protected":false},"author":1,"featured_media":1000034521,"comment_status":"closed","ping_status":"open","sticky":false,"template":"","format":"standard","meta":{"content-type":"","advanced_seo_description":"","jetpack_seo_html_title":"","jetpack_seo_noindex":false,"jetpack_post_was_ever_published":false,"_jetpack_newsletter_access":"","_jetpack_dont_email_post_to_subs":false,"_jetpack_newsletter_tier_id":0,"_jetpack_memberships_contains_paywalled_content":false,"_jetpack_memberships_contains_paid_content":false,"jnews-multi-image_gallery":[],"jnews_single_post":{"format":"standard"},"jnews_primary_category":[],"footnotes":"","jetpack_publicize_message":"","jetpack_publicize_feature_enabled":true,"jetpack_social_post_already_shared":true,"jetpack_social_options":{"image_generator_settings":{"template":"highway","default_image_id":0,"font":"","enabled":false},"version":2}},"categories":[255],"tags":[],"class_list":["post-1000034520","post","type-post","status-publish","format-standard","has-post-thumbnail","category-sociales"],"jetpack_publicize_connections":[],"jetpack_featured_media_url":"https:\/\/i0.wp.com\/gazzettinoitalianopatagonico.com\/wp-content\/uploads\/2026\/09\/zhg.jpg?fit=1024%2C768&ssl=1","jetpack_likes_enabled":true,"jetpack_sharing_enabled":true,"jetpack-related-posts":[],"_links":{"self":[{"href":"https:\/\/gazzettinoitalianopatagonico.com\/index.php?rest_route=\/wp\/v2\/posts\/1000034520","targetHints":{"allow":["GET"]}}],"collection":[{"href":"https:\/\/gazzettinoitalianopatagonico.com\/index.php?rest_route=\/wp\/v2\/posts"}],"about":[{"href":"https:\/\/gazzettinoitalianopatagonico.com\/index.php?rest_route=\/wp\/v2\/types\/post"}],"author":[{"embeddable":true,"href":"https:\/\/gazzettinoitalianopatagonico.com\/index.php?rest_route=\/wp\/v2\/users\/1"}],"replies":[{"embeddable":true,"href":"https:\/\/gazzettinoitalianopatagonico.com\/index.php?rest_route=%2Fwp%2Fv2%2Fcomments&post=1000034520"}],"version-history":[{"count":1,"href":"https:\/\/gazzettinoitalianopatagonico.com\/index.php?rest_route=\/wp\/v2\/posts\/1000034520\/revisions"}],"predecessor-version":[{"id":1000034522,"href":"https:\/\/gazzettinoitalianopatagonico.com\/index.php?rest_route=\/wp\/v2\/posts\/1000034520\/revisions\/1000034522"}],"wp:featuredmedia":[{"embeddable":true,"href":"https:\/\/gazzettinoitalianopatagonico.com\/index.php?rest_route=\/wp\/v2\/media\/1000034521"}],"wp:attachment":[{"href":"https:\/\/gazzettinoitalianopatagonico.com\/index.php?rest_route=%2Fwp%2Fv2%2Fmedia&parent=1000034520"}],"wp:term":[{"taxonomy":"category","embeddable":true,"href":"https:\/\/gazzettinoitalianopatagonico.com\/index.php?rest_route=%2Fwp%2Fv2%2Fcategories&post=1000034520"},{"taxonomy":"post_tag","embeddable":true,"href":"https:\/\/gazzettinoitalianopatagonico.com\/index.php?rest_route=%2Fwp%2Fv2%2Ftags&post=1000034520"}],"curies":[{"name":"wp","href":"https:\/\/api.w.org\/{rel}","templated":true}]}}