{"id":1000034494,"date":"2026-09-02T12:35:05","date_gmt":"2026-09-02T15:35:05","guid":{"rendered":"https:\/\/gazzettinoitalianopatagonico.com\/?p=1000034494"},"modified":"2026-09-02T12:35:06","modified_gmt":"2026-09-02T15:35:06","slug":"totti-ora-va-a-canestro-e-sceglie-la-maxima-roma-avevo-voglia-di-nuovi-stimoli","status":"publish","type":"post","link":"https:\/\/gazzettinoitalianopatagonico.com\/?p=1000034494","title":{"rendered":"Totti ora va a canestro, e sceglie la Maxima Roma: \u201cAvevo voglia di nuovi stimoli\u201d"},"content":{"rendered":"\n<p class=\"wp-block-paragraph\">&nbsp;Maxima Roma annuncia che Francesco Totti parteciper\u00e0 al progetto del club di basket come Advisor della propriet\u00e0 e delegato allo sviluppo della Fan base e delle operazioni di Corporate Social Responsibility.<\/p>\n\n\n\n<p class=\"wp-block-paragraph\">\u201cAtleta iconico della storia sportiva di Roma- si legge nel comunicato- Totti ha scelto di mettere il proprio nome e la propria esperienza a sostegno di un progetto a lungo termine e sostenibile, ideato per riportare la Capitale ai massimi livelli del basket italiano ed europeo, a partire dalla LBA Serie A italiana e dall\u2019EuroCup. La visione del club va oltre la competizione, con l\u2019impegno a far crescere questo sport in tutta Roma e a formare la prossima generazione di giocatori. Dopo una carriera che lo ha consacrato come una delle figure pi\u00f9 riconoscibili dello sport italiano, Totti metter\u00e0 la propria esperienza al servizio di un progetto sportivo e imprenditoriale con profonde radici a Roma e ambizioni internazionali. Il suo coinvolgimento riflette una visione condivisa: costruire, con determinazione e gioia, un\u2019istituzione sportiva destinata a durare\u201d.<\/p>\n\n\n\n<p class=\"wp-block-paragraph\">La scelta di Totti di entrare nel mondo della pallacanestro \u201criflette il desiderio di guardare al futuro- prosegue la nota- e di sostenere la crescita di uno sport in forte espansione in Italia e in Europa, con un potenziale ancora largamente inespresso nella Capitale. Il basket offre una piattaforma entusiasmante per costruire comunit\u00e0, creare esperienze condivise ed entrare in contatto con le giovani generazioni, tutti elementi al centro della missione di Maxima Roma. Il progetto Maxima Roma nasce dall\u2019incontro tra l\u2019identit\u00e0 della citt\u00e0 e una visione globale della pallacanestro. I valori che definiscono il club (ambizione, eccellenza, fiducia, gioia, senso di appartenenza e responsabilit\u00e0) sono gli stessi che hanno accompagnato Totti in una carriera costruita sulla fedelt\u00e0 a una maglia e a una citt\u00e0. Con Maxima Roma Totti condivide la convinzione che rappresentare la Capitale sia al tempo stesso un privilegio e una responsabilit\u00e0, sia dentro che fuori dal campo\u201d.<\/p>\n\n\n\n<p class=\"wp-block-paragraph\">\u201cAvevo voglia di nuovi stimoli e sentivo il desiderio di mettermi in gioco accettando una nuova sfida. Il ruolo e, soprattutto, il progetto che mi sono stati proposti mi hanno convinto fin da subito. Sono molto felice di poter essere parte attiva di questo progetto e ringrazio la societ\u00e0 per la fiducia che ha deciso di accordarmi. Il primo obiettivo sar\u00e0 costruire un gruppo solido, rafforzare la squadra e creare tutte le condizioni per diventare un\u2019eccellenza del campionato italiano. Poi guarderemo all\u2019Europa e oltre. L\u2019ambizione \u00e8 importante, ma lo \u00e8 ancora di pi\u00f9 il desiderio di costruire qualcosa che possa durare nel tempo: vogliamo regalare a Roma e ai romani una squadra di basket da sostenere, nella quale riconoscersi e di cui essere orgogliosi. Per questo ho accettato di essere Advisor della propriet\u00e0, delegato per lo sviluppo della fan base e delle operazioni CSR\u201d, ha dichiarato Francesco Totti.<\/p>\n\n\n\n<p class=\"wp-block-paragraph\">\u201cLa partecipazione di Francesco al progetto di Maxima Roma rappresenta la conferma della nostra identit\u00e0 come club e dimostra che stiamo costruendo qualcosa con cui l\u2019intera citt\u00e0 possa riconoscersi. Poche persone comprendono meglio di lui la responsabilit\u00e0 di rappresentare Roma ai massimi livelli. Siamo orgogliosi di accoglierlo come nostro Advisor e delegato ad attivit\u00e0 chiave come lo sviluppo della Fan base e le operazioni CSR- ha dichiarato Paul Matiasic, Presidente di Maxima Roma- Avere al nostro fianco una figura del calibro di Francesco rafforza ulteriormente un progetto gi\u00e0 di per s\u00e9 ambizioso. Il suo ruolo non sar\u00e0 puramente simbolico. La presenza di Francesco all\u2019interno del club rappresenta un impegno concreto da parte di chi vuole aiutarci a costruire qualcosa di significativo. Sar\u00e0 un partner di prim\u2019ordine per noi e per tutto il nostro club, mettendo a disposizione il suo intuito sportivo e la sua visione unica, volta a fare sempre ci\u00f2 che \u00e8 meglio per Roma. La Capitale merita una grande squadra di pallacanestro ai massimi livelli delle competizioni nazionali ed europee, e stiamo lavorando per crearne una di cui tutti i romani possano andare fieri\u201d.<\/p>\n","protected":false},"excerpt":{"rendered":"<p>&nbsp;Maxima Roma annuncia che Francesco Totti parteciper\u00e0 al progetto del club di basket come Advisor della propriet\u00e0 e delegato allo sviluppo della Fan base e delle operazioni di Corporate Social Responsibility. \u201cAtleta iconico della storia sportiva di Roma- si legge nel comunicato- Totti ha scelto di mettere il proprio nome e la propria esperienza a [&hellip;]<\/p>\n","protected":false},"author":1,"featured_media":1000034496,"comment_status":"closed","ping_status":"open","sticky":false,"template":"","format":"standard","meta":{"content-type":"","advanced_seo_description":"","jetpack_seo_html_title":"","jetpack_seo_noindex":false,"jetpack_post_was_ever_published":false,"_jetpack_newsletter_access":"","_jetpack_dont_email_post_to_subs":false,"_jetpack_newsletter_tier_id":0,"_jetpack_memberships_contains_paywalled_content":false,"_jetpack_memberships_contains_paid_content":false,"jnews-multi-image_gallery":[],"jnews_single_post":{"format":"standard"},"jnews_primary_category":[],"footnotes":"","jetpack_publicize_message":"","jetpack_publicize_feature_enabled":true,"jetpack_social_post_already_shared":true,"jetpack_social_options":{"image_generator_settings":{"template":"highway","default_image_id":0,"font":"","enabled":false},"version":2}},"categories":[169],"tags":[],"class_list":["post-1000034494","post","type-post","status-publish","format-standard","has-post-thumbnail","category-deportes"],"jetpack_publicize_connections":[],"jetpack_featured_media_url":"https:\/\/i0.wp.com\/gazzettinoitalianopatagonico.com\/wp-content\/uploads\/2026\/09\/zsa.jpg?fit=1024%2C608&ssl=1","jetpack_likes_enabled":true,"jetpack_sharing_enabled":true,"jetpack-related-posts":[],"_links":{"self":[{"href":"https:\/\/gazzettinoitalianopatagonico.com\/index.php?rest_route=\/wp\/v2\/posts\/1000034494","targetHints":{"allow":["GET"]}}],"collection":[{"href":"https:\/\/gazzettinoitalianopatagonico.com\/index.php?rest_route=\/wp\/v2\/posts"}],"about":[{"href":"https:\/\/gazzettinoitalianopatagonico.com\/index.php?rest_route=\/wp\/v2\/types\/post"}],"author":[{"embeddable":true,"href":"https:\/\/gazzettinoitalianopatagonico.com\/index.php?rest_route=\/wp\/v2\/users\/1"}],"replies":[{"embeddable":true,"href":"https:\/\/gazzettinoitalianopatagonico.com\/index.php?rest_route=%2Fwp%2Fv2%2Fcomments&post=1000034494"}],"version-history":[{"count":1,"href":"https:\/\/gazzettinoitalianopatagonico.com\/index.php?rest_route=\/wp\/v2\/posts\/1000034494\/revisions"}],"predecessor-version":[{"id":1000034497,"href":"https:\/\/gazzettinoitalianopatagonico.com\/index.php?rest_route=\/wp\/v2\/posts\/1000034494\/revisions\/1000034497"}],"wp:featuredmedia":[{"embeddable":true,"href":"https:\/\/gazzettinoitalianopatagonico.com\/index.php?rest_route=\/wp\/v2\/media\/1000034496"}],"wp:attachment":[{"href":"https:\/\/gazzettinoitalianopatagonico.com\/index.php?rest_route=%2Fwp%2Fv2%2Fmedia&parent=1000034494"}],"wp:term":[{"taxonomy":"category","embeddable":true,"href":"https:\/\/gazzettinoitalianopatagonico.com\/index.php?rest_route=%2Fwp%2Fv2%2Fcategories&post=1000034494"},{"taxonomy":"post_tag","embeddable":true,"href":"https:\/\/gazzettinoitalianopatagonico.com\/index.php?rest_route=%2Fwp%2Fv2%2Ftags&post=1000034494"}],"curies":[{"name":"wp","href":"https:\/\/api.w.org\/{rel}","templated":true}]}}