{"id":1000034486,"date":"2026-09-01T18:48:51","date_gmt":"2026-09-01T21:48:51","guid":{"rendered":"https:\/\/gazzettinoitalianopatagonico.com\/?p=1000034486"},"modified":"2026-09-01T18:48:52","modified_gmt":"2026-09-01T21:48:52","slug":"enel-cuore-e-brigata-indipendente-a-perugia-un-laboratorio-di-gusto-e-inclusione","status":"publish","type":"post","link":"https:\/\/gazzettinoitalianopatagonico.com\/?p=1000034486","title":{"rendered":"Enel Cuore e Brigata Indipendente, a Perugia un laboratorio di gusto e inclusione"},"content":{"rendered":"\n<p class=\"wp-block-paragraph\">Offrire un posto di lavoro ai pi\u00f9 fragili, in particolare a chi convive con un disturbo dello spettro autistico e con altre fragilit\u00e0. Questa la missione della Brigata Indipendente, Associazione di Promozione Sociale che dal 2021 promuove progetti di cohousing, iniziative lavorative e attivit\u00e0 di socializzazione aperte alla comunit\u00e0. Poco meno di un anno fa, era il 26 settembre 2025, alla presenza delle autorit\u00e0 locali \u00e8 stato cos\u00ec inaugurato a Perugia il laboratorio \u201cIl Gusto che Unisce\u201d, specializzato nella produzione e nel confezionamento di yogurt e prodotti per celiaci.<\/p>\n\n\n\n<p class=\"wp-block-paragraph\">Il Gusto che Unisce<\/p>\n\n\n\n<p class=\"wp-block-paragraph\">Una iniziativa concreta, resa possibile grazie al supporto di Enel Cuore, l\u2019ente filantropico del Gruppo Enel guidato da Flavio Cattaneo e alla collaborazione con alcune realt\u00e0 come: Gruppo Grifo Agroalimentare con il brand Grifo Latte, Fondazione Perugia, Confcooperative Umbria e Fondosviluppo. Il Gusto che Unisce \u00e8 un negozio-laboratorio di 270 metri quadrati dove qualit\u00e0 artigianale e volont\u00e0 di creare inclusione si uniscono per offrire una opportunit\u00e0 di autonomia e inclusione a chi vive una condizione di fragilit\u00e0 e spesso fatica a trovare un posto nel mondo del lavoro con cui svoltare.<\/p>\n\n\n\n<p class=\"wp-block-paragraph\">Il team e i volontari al lavoro<\/p>\n\n\n\n<p class=\"wp-block-paragraph\">Proprio la costruzione del laboratorio per i prodotti senza glutine \u00e8 stata possibile grazie al contributo stanziato da Enel Cuore: il denaro \u00e8 stato destinato all\u2019acquisto delle necessarie attrezzature per le attivit\u00e0 di produzione e confezionamento degli yogurt e dei prodotti senza glutine. Il team attuale \u00e8 composto da uno chef e da quattro persone con disabilit\u00e0, due ragazzi e due adulti, supportate e coordinate nella giornata lavorativa da due volontari che seguono anche le mansioni amministrative. L\u2019obiettivo dei promotori \u00e8 tuttavia coinvolgere appena possibile altre tre persone per arrivare cos\u00ec a sette persone.<\/p>\n\n\n\n<p class=\"wp-block-paragraph\">Enel Cuore per il cambiamento<\/p>\n\n\n\n<p class=\"wp-block-paragraph\">L\u2019Impresa della Brigata Indipendente \u00e8 quindi molto pi\u00f9 di un laboratorio di produzione: \u00e8 una possibilit\u00e0 di cambiamento, una porta aperta verso il futuro per persone fragili che troppo spesso trovano quasi solo porte chiuse sul proprio cammino. Creare nuove opportunit\u00e0 per chi vive una condizione di difficolt\u00e0 \u00e8 uno dei principali obiettivi di Enel Cuore, che da oltre 20 anni lavora a sostegno delle iniziative promosse dalle realt\u00e0 del terzo settore con una particolare attenzione verso lo sviluppo personale dei ragazzi e della loro integrazione sociale. Per ente filantropico del Gruppo Enel lavorare insieme \u00e8 infatti il risultato pi\u00f9 bello per rendere una comunit\u00e0 pi\u00f9 coesa, pi\u00f9 solidale e quindi pi\u00f9 accogliente.<\/p>\n\n\n\n<p class=\"wp-block-paragraph\">Ernesto Tagliapietra<\/p>\n","protected":false},"excerpt":{"rendered":"<p>Offrire un posto di lavoro ai pi\u00f9 fragili, in particolare a chi convive con un disturbo dello spettro autistico e con altre fragilit\u00e0. Questa la missione della Brigata Indipendente, Associazione di Promozione Sociale che dal 2021 promuove progetti di cohousing, iniziative lavorative e attivit\u00e0 di socializzazione aperte alla comunit\u00e0. Poco meno di un anno fa, [&hellip;]<\/p>\n","protected":false},"author":1,"featured_media":1000034487,"comment_status":"closed","ping_status":"open","sticky":false,"template":"","format":"standard","meta":{"content-type":"","advanced_seo_description":"","jetpack_seo_html_title":"","jetpack_seo_noindex":false,"jetpack_post_was_ever_published":false,"_jetpack_newsletter_access":"","_jetpack_dont_email_post_to_subs":false,"_jetpack_newsletter_tier_id":0,"_jetpack_memberships_contains_paywalled_content":false,"_jetpack_memberships_contains_paid_content":false,"jnews-multi-image_gallery":[],"jnews_single_post":{"format":"standard"},"jnews_primary_category":[],"footnotes":"","jetpack_publicize_message":"","jetpack_publicize_feature_enabled":true,"jetpack_social_post_already_shared":true,"jetpack_social_options":{"image_generator_settings":{"template":"highway","default_image_id":0,"font":"","enabled":false},"version":2}},"categories":[255],"tags":[],"class_list":["post-1000034486","post","type-post","status-publish","format-standard","has-post-thumbnail","category-sociales"],"jetpack_publicize_connections":[],"jetpack_featured_media_url":"https:\/\/i0.wp.com\/gazzettinoitalianopatagonico.com\/wp-content\/uploads\/2026\/09\/zt-1.jpg?fit=1024%2C495&ssl=1","jetpack_likes_enabled":true,"jetpack_sharing_enabled":true,"jetpack-related-posts":[],"_links":{"self":[{"href":"https:\/\/gazzettinoitalianopatagonico.com\/index.php?rest_route=\/wp\/v2\/posts\/1000034486","targetHints":{"allow":["GET"]}}],"collection":[{"href":"https:\/\/gazzettinoitalianopatagonico.com\/index.php?rest_route=\/wp\/v2\/posts"}],"about":[{"href":"https:\/\/gazzettinoitalianopatagonico.com\/index.php?rest_route=\/wp\/v2\/types\/post"}],"author":[{"embeddable":true,"href":"https:\/\/gazzettinoitalianopatagonico.com\/index.php?rest_route=\/wp\/v2\/users\/1"}],"replies":[{"embeddable":true,"href":"https:\/\/gazzettinoitalianopatagonico.com\/index.php?rest_route=%2Fwp%2Fv2%2Fcomments&post=1000034486"}],"version-history":[{"count":1,"href":"https:\/\/gazzettinoitalianopatagonico.com\/index.php?rest_route=\/wp\/v2\/posts\/1000034486\/revisions"}],"predecessor-version":[{"id":1000034488,"href":"https:\/\/gazzettinoitalianopatagonico.com\/index.php?rest_route=\/wp\/v2\/posts\/1000034486\/revisions\/1000034488"}],"wp:featuredmedia":[{"embeddable":true,"href":"https:\/\/gazzettinoitalianopatagonico.com\/index.php?rest_route=\/wp\/v2\/media\/1000034487"}],"wp:attachment":[{"href":"https:\/\/gazzettinoitalianopatagonico.com\/index.php?rest_route=%2Fwp%2Fv2%2Fmedia&parent=1000034486"}],"wp:term":[{"taxonomy":"category","embeddable":true,"href":"https:\/\/gazzettinoitalianopatagonico.com\/index.php?rest_route=%2Fwp%2Fv2%2Fcategories&post=1000034486"},{"taxonomy":"post_tag","embeddable":true,"href":"https:\/\/gazzettinoitalianopatagonico.com\/index.php?rest_route=%2Fwp%2Fv2%2Ftags&post=1000034486"}],"curies":[{"name":"wp","href":"https:\/\/api.w.org\/{rel}","templated":true}]}}