{"id":1000034474,"date":"2026-09-01T18:37:42","date_gmt":"2026-09-01T21:37:42","guid":{"rendered":"https:\/\/gazzettinoitalianopatagonico.com\/?p=1000034474"},"modified":"2026-09-01T18:37:44","modified_gmt":"2026-09-01T21:37:44","slug":"america-latina-casi-di-dengue-in-calo-del-60","status":"publish","type":"post","link":"https:\/\/gazzettinoitalianopatagonico.com\/?p=1000034474","title":{"rendered":"America Latina, casi di dengue in calo del 60%"},"content":{"rendered":"\n<p class=\"wp-block-paragraph\">L&#8217;America Latina e i Caraibi registrano una diminuzione generale delle infezioni da dengue rispetto al 2025. Fino alla 29esima settimana epidemiologica, le Americhe hanno accumulato 1,47 milioni di casi sospetti, un dato inferiore del 60% in confronto allo stesso periodo dell&#8217;anno precedente. Nonostante il miglioramento complessivo, persistono focolai di crescita nella regione. Nazioni come Costa Rica, Honduras, El Salvador ed Ecuador hanno riportato aumenti recenti. Anche Panama, pur registrando un calo interannuale, mantiene una trasmissione attiva con 475 nuovi contagi in una sola settimana, per un totale di 6.616 casi e 16 decessi. I bollettini medici sottolineano la criticit\u00e0 del contesto panamense, dove circolano simultaneamente i quattro sierotipi del virus. Le autorit\u00e0 sanitarie ricordano che una precedente esposizione non offre una copertura completa e che una seconda infezione pu\u00f2 elevare il rischio di sviluppare la variante grave della malattia.<\/p>\n","protected":false},"excerpt":{"rendered":"<p>L&#8217;America Latina e i Caraibi registrano una diminuzione generale delle infezioni da dengue rispetto al 2025. Fino alla 29esima settimana epidemiologica, le Americhe hanno accumulato 1,47 milioni di casi sospetti, un dato inferiore del 60% in confronto allo stesso periodo dell&#8217;anno precedente. Nonostante il miglioramento complessivo, persistono focolai di crescita nella regione. Nazioni come Costa [&hellip;]<\/p>\n","protected":false},"author":1,"featured_media":1000034475,"comment_status":"closed","ping_status":"open","sticky":false,"template":"","format":"standard","meta":{"content-type":"","advanced_seo_description":"","jetpack_seo_html_title":"","jetpack_seo_noindex":false,"jetpack_post_was_ever_published":false,"_jetpack_newsletter_access":"","_jetpack_dont_email_post_to_subs":false,"_jetpack_newsletter_tier_id":0,"_jetpack_memberships_contains_paywalled_content":false,"_jetpack_memberships_contains_paid_content":false,"jnews-multi-image_gallery":[],"jnews_single_post":{"format":"standard"},"jnews_primary_category":[],"footnotes":"","jetpack_publicize_message":"","jetpack_publicize_feature_enabled":true,"jetpack_social_post_already_shared":true,"jetpack_social_options":{"image_generator_settings":{"template":"highway","default_image_id":0,"font":"","enabled":false},"version":2}},"categories":[270],"tags":[268],"class_list":["post-1000034474","post","type-post","status-publish","format-standard","has-post-thumbnail","category-america-latina","tag-america-latina"],"jetpack_publicize_connections":[],"jetpack_featured_media_url":"https:\/\/i0.wp.com\/gazzettinoitalianopatagonico.com\/wp-content\/uploads\/2026\/09\/ztt-1.jpg?fit=912%2C426&ssl=1","jetpack_likes_enabled":true,"jetpack_sharing_enabled":true,"jetpack-related-posts":[],"_links":{"self":[{"href":"https:\/\/gazzettinoitalianopatagonico.com\/index.php?rest_route=\/wp\/v2\/posts\/1000034474","targetHints":{"allow":["GET"]}}],"collection":[{"href":"https:\/\/gazzettinoitalianopatagonico.com\/index.php?rest_route=\/wp\/v2\/posts"}],"about":[{"href":"https:\/\/gazzettinoitalianopatagonico.com\/index.php?rest_route=\/wp\/v2\/types\/post"}],"author":[{"embeddable":true,"href":"https:\/\/gazzettinoitalianopatagonico.com\/index.php?rest_route=\/wp\/v2\/users\/1"}],"replies":[{"embeddable":true,"href":"https:\/\/gazzettinoitalianopatagonico.com\/index.php?rest_route=%2Fwp%2Fv2%2Fcomments&post=1000034474"}],"version-history":[{"count":1,"href":"https:\/\/gazzettinoitalianopatagonico.com\/index.php?rest_route=\/wp\/v2\/posts\/1000034474\/revisions"}],"predecessor-version":[{"id":1000034476,"href":"https:\/\/gazzettinoitalianopatagonico.com\/index.php?rest_route=\/wp\/v2\/posts\/1000034474\/revisions\/1000034476"}],"wp:featuredmedia":[{"embeddable":true,"href":"https:\/\/gazzettinoitalianopatagonico.com\/index.php?rest_route=\/wp\/v2\/media\/1000034475"}],"wp:attachment":[{"href":"https:\/\/gazzettinoitalianopatagonico.com\/index.php?rest_route=%2Fwp%2Fv2%2Fmedia&parent=1000034474"}],"wp:term":[{"taxonomy":"category","embeddable":true,"href":"https:\/\/gazzettinoitalianopatagonico.com\/index.php?rest_route=%2Fwp%2Fv2%2Fcategories&post=1000034474"},{"taxonomy":"post_tag","embeddable":true,"href":"https:\/\/gazzettinoitalianopatagonico.com\/index.php?rest_route=%2Fwp%2Fv2%2Ftags&post=1000034474"}],"curies":[{"name":"wp","href":"https:\/\/api.w.org\/{rel}","templated":true}]}}