{"id":1000034428,"date":"2026-08-31T15:25:40","date_gmt":"2026-08-31T18:25:40","guid":{"rendered":"https:\/\/gazzettinoitalianopatagonico.com\/?p=1000034428"},"modified":"2026-08-31T15:25:43","modified_gmt":"2026-08-31T18:25:43","slug":"federer-entra-nella-hall-of-fame-il-tennis-per-me-e-stato-tutto","status":"publish","type":"post","link":"https:\/\/gazzettinoitalianopatagonico.com\/?p=1000034428","title":{"rendered":"Federer entra nella Hall of Fame: \u201cIl tennis per me \u00e8 stato tutto\u201d"},"content":{"rendered":"\n<p class=\"wp-block-paragraph\">Emozionato, quasi commosso,&nbsp;<strong>Roger Federer<\/strong>&nbsp;\u00e8 entrato ufficialmente nella International Tennis Hall of Fame, in una cerimonia che lo ha visto protagonista a Newport, nel Rhode Island, per quello che ha definito uno dei \u00abpi\u00f9 grandi onori della mia vita\u00bb.<\/p>\n\n\n\n<p class=\"wp-block-paragraph\">Il 45enne fuoriclasse, vincitore di 103 titoli, venti del Grande Slam, e ritiratosi nel 2022, ha reso omaggio agli avversari, ai tifosi, alla famiglia e agli amici che hanno condiviso la sua carriera durante un discorso che si \u00e8 trasformato in una lettera d&#8217;amore allo sport.<\/p>\n\n\n\n<p class=\"wp-block-paragraph\">\u00abLa chiamano la Hall of Fame, ma la fama non \u00e8 mai stata il mio obiettivo. Il mio obiettivo era passare la vita facendo qualcosa che amo&#8230; con persone che lo amano quanto me.\u00bb In un preambolo scherzoso, l&#8217;otto volte campione di Wimbledon ha citato alcune curiose statistiche: \u00abTra il debutto nel 1998 e il ritiro ho indossato pi\u00f9 di 5.000 fasce per capelli, pi\u00f9 di quelle di Borg e McEnroe messi insieme. E probabilmente ho usato pi\u00f9 di 7000 paia di calzini, perch\u00e9 li indossavo doppi\u00bb.<\/p>\n\n\n\n<p class=\"wp-block-paragraph\">Pi\u00f9 serio, lasciandosi spesso prendere dall&#8217;emozione, Federer ha proseguito: \u00abMi sono goduto ogni momento del viaggio che mi ha portato fino a qui e negli oltre quattromila set giocati ho cercato sempre di mostrare il mio amore per il tennis, meritare la vostra presenza, il vostro tempo, la vostra attenzione. Dovunque giocassi mi sono sempre sentito in casa. Il tennis \u00e8 una cosa bella e complessa.&nbsp;Per me \u00e8 stato tutto\u00bb, ha concluso.<\/p>\n","protected":false},"excerpt":{"rendered":"<p>Emozionato, quasi commosso,&nbsp;Roger Federer&nbsp;\u00e8 entrato ufficialmente nella International Tennis Hall of Fame, in una cerimonia che lo ha visto protagonista a Newport, nel Rhode Island, per quello che ha definito uno dei \u00abpi\u00f9 grandi onori della mia vita\u00bb. Il 45enne fuoriclasse, vincitore di 103 titoli, venti del Grande Slam, e ritiratosi nel 2022, ha reso [&hellip;]<\/p>\n","protected":false},"author":1,"featured_media":1000034429,"comment_status":"closed","ping_status":"open","sticky":false,"template":"","format":"standard","meta":{"content-type":"","advanced_seo_description":"","jetpack_seo_html_title":"","jetpack_seo_noindex":false,"jetpack_post_was_ever_published":false,"_jetpack_newsletter_access":"","_jetpack_dont_email_post_to_subs":false,"_jetpack_newsletter_tier_id":0,"_jetpack_memberships_contains_paywalled_content":false,"_jetpack_memberships_contains_paid_content":false,"jnews-multi-image_gallery":[],"jnews_single_post":{"format":"standard"},"jnews_primary_category":[],"footnotes":"","jetpack_publicize_message":"","jetpack_publicize_feature_enabled":true,"jetpack_social_post_already_shared":true,"jetpack_social_options":{"image_generator_settings":{"template":"highway","default_image_id":0,"font":"","enabled":false},"version":2}},"categories":[169],"tags":[],"class_list":["post-1000034428","post","type-post","status-publish","format-standard","has-post-thumbnail","category-deportes"],"jetpack_publicize_connections":[],"jetpack_featured_media_url":"https:\/\/i0.wp.com\/gazzettinoitalianopatagonico.com\/wp-content\/uploads\/2026\/08\/zgg-1.jpg?fit=912%2C426&ssl=1","jetpack_likes_enabled":true,"jetpack_sharing_enabled":true,"jetpack-related-posts":[],"_links":{"self":[{"href":"https:\/\/gazzettinoitalianopatagonico.com\/index.php?rest_route=\/wp\/v2\/posts\/1000034428","targetHints":{"allow":["GET"]}}],"collection":[{"href":"https:\/\/gazzettinoitalianopatagonico.com\/index.php?rest_route=\/wp\/v2\/posts"}],"about":[{"href":"https:\/\/gazzettinoitalianopatagonico.com\/index.php?rest_route=\/wp\/v2\/types\/post"}],"author":[{"embeddable":true,"href":"https:\/\/gazzettinoitalianopatagonico.com\/index.php?rest_route=\/wp\/v2\/users\/1"}],"replies":[{"embeddable":true,"href":"https:\/\/gazzettinoitalianopatagonico.com\/index.php?rest_route=%2Fwp%2Fv2%2Fcomments&post=1000034428"}],"version-history":[{"count":1,"href":"https:\/\/gazzettinoitalianopatagonico.com\/index.php?rest_route=\/wp\/v2\/posts\/1000034428\/revisions"}],"predecessor-version":[{"id":1000034430,"href":"https:\/\/gazzettinoitalianopatagonico.com\/index.php?rest_route=\/wp\/v2\/posts\/1000034428\/revisions\/1000034430"}],"wp:featuredmedia":[{"embeddable":true,"href":"https:\/\/gazzettinoitalianopatagonico.com\/index.php?rest_route=\/wp\/v2\/media\/1000034429"}],"wp:attachment":[{"href":"https:\/\/gazzettinoitalianopatagonico.com\/index.php?rest_route=%2Fwp%2Fv2%2Fmedia&parent=1000034428"}],"wp:term":[{"taxonomy":"category","embeddable":true,"href":"https:\/\/gazzettinoitalianopatagonico.com\/index.php?rest_route=%2Fwp%2Fv2%2Fcategories&post=1000034428"},{"taxonomy":"post_tag","embeddable":true,"href":"https:\/\/gazzettinoitalianopatagonico.com\/index.php?rest_route=%2Fwp%2Fv2%2Ftags&post=1000034428"}],"curies":[{"name":"wp","href":"https:\/\/api.w.org\/{rel}","templated":true}]}}