{"id":1000034421,"date":"2026-08-31T15:09:16","date_gmt":"2026-08-31T18:09:16","guid":{"rendered":"https:\/\/gazzettinoitalianopatagonico.com\/?p=1000034421"},"modified":"2026-08-31T15:09:19","modified_gmt":"2026-08-31T18:09:19","slug":"el-regreso-a-la-argentina-colonial","status":"publish","type":"post","link":"https:\/\/gazzettinoitalianopatagonico.com\/?p=1000034421","title":{"rendered":"El regreso a la Argentina colonial"},"content":{"rendered":"\n<figure class=\"wp-block-image size-full\"><img data-recalc-dims=\"1\" fetchpriority=\"high\" decoding=\"async\" width=\"688\" height=\"379\" data-attachment-id=\"1000034422\" data-permalink=\"https:\/\/gazzettinoitalianopatagonico.com\/?attachment_id=1000034422\" data-orig-file=\"https:\/\/i0.wp.com\/gazzettinoitalianopatagonico.com\/wp-content\/uploads\/2026\/08\/image-7.jpg?fit=688%2C379&amp;ssl=1\" data-orig-size=\"688,379\" data-comments-opened=\"0\" data-image-meta=\"{&quot;aperture&quot;:&quot;0&quot;,&quot;credit&quot;:&quot;&quot;,&quot;camera&quot;:&quot;&quot;,&quot;caption&quot;:&quot;&quot;,&quot;created_timestamp&quot;:&quot;0&quot;,&quot;copyright&quot;:&quot;&quot;,&quot;focal_length&quot;:&quot;0&quot;,&quot;iso&quot;:&quot;0&quot;,&quot;shutter_speed&quot;:&quot;0&quot;,&quot;title&quot;:&quot;&quot;,&quot;orientation&quot;:&quot;0&quot;,&quot;alt&quot;:&quot;&quot;}\" data-image-title=\"image\" data-image-description=\"\" data-image-caption=\"\" data-medium-file=\"https:\/\/i0.wp.com\/gazzettinoitalianopatagonico.com\/wp-content\/uploads\/2026\/08\/image-7.jpg?fit=300%2C165&amp;ssl=1\" data-large-file=\"https:\/\/i0.wp.com\/gazzettinoitalianopatagonico.com\/wp-content\/uploads\/2026\/08\/image-7.jpg?fit=688%2C379&amp;ssl=1\" src=\"https:\/\/i0.wp.com\/gazzettinoitalianopatagonico.com\/wp-content\/uploads\/2026\/08\/image-7.jpg?resize=688%2C379&#038;ssl=1\" alt=\"\" class=\"wp-image-1000034422\" srcset=\"https:\/\/i0.wp.com\/gazzettinoitalianopatagonico.com\/wp-content\/uploads\/2026\/08\/image-7.jpg?w=688&amp;ssl=1 688w, https:\/\/i0.wp.com\/gazzettinoitalianopatagonico.com\/wp-content\/uploads\/2026\/08\/image-7.jpg?resize=300%2C165&amp;ssl=1 300w\" sizes=\"(max-width: 688px) 100vw, 688px\" \/><\/figure>\n\n\n\n<p class=\"wp-block-paragraph\">Con Javier Milei en la Casa Rosada, la Argentina volvi\u00f3 a mirarse en el espejo de su propia historia: un pa\u00eds que exporta materia prima, importa manufactura, desprotege a su poblaci\u00f3n y entrega la llave de sus recursos estrat\u00e9gicos a cambio de financiamiento externo. No es una met\u00e1fora forzada. Es, con matices, el mismo patr\u00f3n que organiz\u00f3 la econom\u00eda argentina entre 1880 y 1930, actualizado con RIGI, d\u00f3lares del FMI y una formaci\u00f3n geol\u00f3gica \u2014Vaca Muerta\u2014 que hoy funciona como garant\u00eda pol\u00edtica y econ\u00f3mica de una deuda que no dej\u00f3 de crecer.<\/p>\n\n\n\n<p class=\"wp-block-paragraph\">1. El modelo primario-exportador vuelve a ser la \u00fanica pol\u00edtica de Estado<\/p>\n\n\n\n<p class=\"wp-block-paragraph\">El diagn\u00f3stico oficial es conocido: Argentina debe volver a ser \u00abgranero y s\u00f3tano petrolero del mundo\u00bb, seg\u00fan la s\u00edntesis que circula en el discurso libertario. En los hechos, la econom\u00eda se reorden\u00f3 alrededor de la exportaci\u00f3n de hidrocarburos, minerales y agroindustria, mientras la industria manufacturera pierde peso relativo mes a mes. El propio INDEC certific\u00f3 que el sector de Minas y canteras \u2014que incluye la actividad petrolera y minera, con Vaca Muerta como n\u00facleo\u2014 creci\u00f3 12,3% interanual en el primer trimestre de 2026, muy por encima del resto de la econom\u00eda. El petr\u00f3leo crudo se convirti\u00f3, durante el primer semestre, en el principal producto individual de exportaci\u00f3n: gener\u00f3 US$4.693 millones y super\u00f3 al ma\u00edz en grano y a la harina y pellets de soja. El complejo sojero completo, sin embargo, mantuvo el primer lugar entre los complejos exportadores, con US$9.082 millones, frente a US$8.116 millones del complejo petrolero-petroqu\u00edmico, seg\u00fan el INDEC. La precisi\u00f3n estad\u00edstica no modifica la tendencia de fondo: el avance de los hidrocarburos en la matriz exportadora fue acelerado y volvi\u00f3 a reforzar el peso de los sectores extractivos. El patr\u00f3n es cl\u00e1sico de una econom\u00eda colonial: crecimiento concentrado en el sector extractivo-exportador, con escaso derrame hacia el resto del entramado productivo. El titular de Industriales Pymes Argentinos (IPA), Daniel Rosato, lo describi\u00f3 con crudeza al referirse a A\u00f1elo, la localidad neuquina que alberga el parque industrial de Vaca Muerta: pese al boom petrolero, \u00abhay gente desocupada\u00bb y el trabajo \u00abno sobra\u00bb. El derrame que promet\u00eda el propio Ministerio de Desregulaci\u00f3n no se verifica ni siquiera en el coraz\u00f3n geogr\u00e1fico del yacimiento.<\/p>\n\n\n\n<p class=\"wp-block-paragraph\">2. Apertura de importaciones y desindustrializaci\u00f3n: los n\u00fameros del \u00abindustricidio\u00bb<\/p>\n\n\n\n<p class=\"wp-block-paragraph\">La segunda pata del modelo es la apertura comercial indiscriminada. Economistas como Hern\u00e1n Bergstein (Universidad Nacional de Lan\u00fas) hablan de \u00abcompetencia desleal\u00bb: el productor extranjero no paga Ingresos Brutos, no paga el impuesto al cheque, tiene costos log\u00edsticos menores y acceso a financiamiento en condiciones que ninguna pyme argentina puede igualar. El resultado se observa en una fuerte contracci\u00f3n neta del universo de empleadores y trabajadores registrados.<\/p>\n\n\n\n<figure class=\"wp-block-table\"><table class=\"has-fixed-layout\"><tbody><tr><td><strong>Indicador<\/strong><\/td><td><strong>Dato (2023\u20132026)<\/strong><\/td><\/tr><tr><td><strong>Reducci\u00f3n neta de empleadores desde noviembre de 2023<\/strong><\/td><td>30.633 empleadores registrados (CEPA, sobre datos de la SRT), equivalentes al 6% del total<\/td><\/tr><tr><td><strong>Reducci\u00f3n neta de trabajadores registrados<\/strong><\/td><td>411.613 puestos en unidades productivas, seg\u00fan CEPA \u2014 unos 450 por d\u00eda<\/td><\/tr><tr><td><strong>Reducci\u00f3n neta en la industria manufacturera<\/strong><\/td><td>97.312 trabajadores, el rubro m\u00e1s golpeado<\/td><\/tr><tr><td><strong>Concursos preventivos en tribunales de CABA (2025)<\/strong><\/td><td>190, un 131,7% m\u00e1s que en 2023<\/td><\/tr><tr><td><strong>Salario real privado registrado vs. nov. 2023<\/strong><\/td><td>-0,6% (Secretar\u00eda de Trabajo, junio 2026)<\/td><\/tr><tr><td><strong>Ca\u00edda real interanual de salarios de convenio: textil \/ metal\u00fargico<\/strong><\/td><td>-12,6% \/ -12,4% (julio 2026)<\/td><\/tr><\/tbody><\/table><\/figure>\n\n\n\n<p class=\"wp-block-paragraph\">En el corte a marzo de 2026, el 98% de la reducci\u00f3n neta se concentr\u00f3 en empleadores de hasta 25 trabajadores y 17.630 correspond\u00edan a unidades productivas con una sola persona registrada. El informe de CEPA actualizado a mayo elev\u00f3 la reducci\u00f3n total a 30.633 empleadores y mostr\u00f3 que 30.565 de las bajas netas correspondieron a firmas de hasta 500 trabajadores. La estad\u00edstica de la Superintendencia de Riesgos del Trabajo permite medir empleadores registrados que dejaron de figurar en el sistema, aunque no identifica cada caso como quiebra o cierre definitivo. Aun con esa precisi\u00f3n metodol\u00f3gica, no es el relato de una econom\u00eda que se sofistica; es el de un entramado productivo que se angosta mientras la balanza comercial se sostiene, cada vez m\u00e1s, sobre la exportaci\u00f3n de recursos sin transformaci\u00f3n industrial.<\/p>\n\n\n\n<p class=\"wp-block-paragraph\">3. El Estado se retira: menos protecci\u00f3n, m\u00e1s vulnerabilidad<\/p>\n\n\n\n<p class=\"wp-block-paragraph\">El tercer eje del modelo colonial cl\u00e1sico \u2014un Estado que no protege a su poblaci\u00f3n frente a los ciclos del mercado externo\u2014 tambi\u00e9n encuentra correlato en la gesti\u00f3n libertaria. El gasto social se redujo un 20% en el segundo semestre de 2025 respecto de igual per\u00edodo de 2023, seg\u00fan el Instituto de Pensamiento y Pol\u00edticas P\u00fablicas (IPYPP). Los recortes por partida son elocuentes: agua potable y saneamiento, -89%; vivienda y urbanismo, -98%; educaci\u00f3n y cultura, -49%; promoci\u00f3n y asistencia social, -77%, con impacto directo en comedores comunitarios. En paralelo, el presupuesto inicial de la SIDE para 2026 fue de $97.135 millones. En julio, el DNU 594\/2026 agreg\u00f3 $49.261 millones y elev\u00f3 el cr\u00e9dito vigente a unos $146.397 millones: un incremento nominal de 50,7% sobre la partida original, incluidos $7.466 millones adicionales para gastos reservados. Mientras tanto, la obra p\u00fablica permanece en niveles muy inferiores a los de 2023 y el salario docente universitario perdi\u00f3 alrededor de 36% de poder adquisitivo desde el inicio de la gesti\u00f3n, de acuerdo con un relevamiento de la Facultad de Ciencias Econ\u00f3micas de la Universidad Nacional del Litoral difundido en mayo de 2026. El Estado no desaparece: cambia de funci\u00f3n. Se retira como garante de derechos sociales y se refuerza como aparato de control. La pobreza, que el Gobierno exhibi\u00f3 como su principal trofeo durante 2025, volvi\u00f3 a mostrar se\u00f1ales de deterioro en 2026. El \u00faltimo dato oficial publicado por el INDEC fue de 28,2% para el segundo semestre de 2025. Un c\u00e1lculo posterior realizado sobre los microdatos de la Encuesta Permanente de Hogares estim\u00f3 una incidencia cercana al 30% en el primer trimestre de 2026, m\u00e1s de tres puntos por encima del tercer trimestre de 2025. No se trata de una medici\u00f3n trimestral oficial del INDEC, pero s\u00ed de una estimaci\u00f3n construida sobre su base estad\u00edstica que contradice la cifra de \u00ab15 millones de personas rescatadas\u00bb que repite el propio Presidente. La informalidad laboral trep\u00f3 de 42% a 44,2% de la poblaci\u00f3n ocupada entre el primer trimestre de 2025 y el mismo per\u00edodo de 2026. En los 31 aglomerados relevados por la EPH, el aumento equivale a alrededor de 380.000 trabajadores no registrados adicionales.<\/p>\n\n\n\n<figure class=\"wp-block-image size-full\"><img data-recalc-dims=\"1\" decoding=\"async\" width=\"737\" height=\"406\" data-attachment-id=\"1000034423\" data-permalink=\"https:\/\/gazzettinoitalianopatagonico.com\/?attachment_id=1000034423\" data-orig-file=\"https:\/\/i0.wp.com\/gazzettinoitalianopatagonico.com\/wp-content\/uploads\/2026\/08\/image-8.jpg?fit=737%2C406&amp;ssl=1\" data-orig-size=\"737,406\" data-comments-opened=\"0\" data-image-meta=\"{&quot;aperture&quot;:&quot;0&quot;,&quot;credit&quot;:&quot;&quot;,&quot;camera&quot;:&quot;&quot;,&quot;caption&quot;:&quot;&quot;,&quot;created_timestamp&quot;:&quot;0&quot;,&quot;copyright&quot;:&quot;&quot;,&quot;focal_length&quot;:&quot;0&quot;,&quot;iso&quot;:&quot;0&quot;,&quot;shutter_speed&quot;:&quot;0&quot;,&quot;title&quot;:&quot;&quot;,&quot;orientation&quot;:&quot;0&quot;,&quot;alt&quot;:&quot;&quot;}\" data-image-title=\"image\" data-image-description=\"\" data-image-caption=\"\" data-medium-file=\"https:\/\/i0.wp.com\/gazzettinoitalianopatagonico.com\/wp-content\/uploads\/2026\/08\/image-8.jpg?fit=300%2C165&amp;ssl=1\" data-large-file=\"https:\/\/i0.wp.com\/gazzettinoitalianopatagonico.com\/wp-content\/uploads\/2026\/08\/image-8.jpg?fit=737%2C406&amp;ssl=1\" src=\"https:\/\/i0.wp.com\/gazzettinoitalianopatagonico.com\/wp-content\/uploads\/2026\/08\/image-8.jpg?resize=737%2C406&#038;ssl=1\" alt=\"\" class=\"wp-image-1000034423\" srcset=\"https:\/\/i0.wp.com\/gazzettinoitalianopatagonico.com\/wp-content\/uploads\/2026\/08\/image-8.jpg?w=737&amp;ssl=1 737w, https:\/\/i0.wp.com\/gazzettinoitalianopatagonico.com\/wp-content\/uploads\/2026\/08\/image-8.jpg?resize=300%2C165&amp;ssl=1 300w\" sizes=\"(max-width: 737px) 100vw, 737px\" \/><\/figure>\n\n\n\n<p class=\"wp-block-paragraph\">4. Extranjerizaci\u00f3n y p\u00e9rdida de soberan\u00eda: la deuda como llave de los recursos<\/p>\n\n\n\n<p class=\"wp-block-paragraph\">El cuarto elemento \u2014quiz\u00e1s el m\u00e1s definitorio de una l\u00f3gica colonial\u2014 es la relaci\u00f3n entre endeudamiento externo y entrega de soberan\u00eda sobre los recursos naturales. La visita de la directora gerente del FMI, Kristalina Georgieva, a Vaca Muerta en julio de 2026 fue, en ese sentido, un episodio revelador: el organismo que concentra m\u00e1s de un tercio de todo su cr\u00e9dito pendiente en el mundo en un solo pa\u00eds recorri\u00f3 Vaca Muerta junto al presidente de YPF, Horacio Mar\u00edn, en lo que distintos analistas describieron como una auditor\u00eda informal de la capacidad de pago argentina. Un an\u00e1lisis de coyuntura financiera publicado por El Economista \u2014sin filiaci\u00f3n con el kirchnerismo ni con la izquierda\u2014 lleg\u00f3 a plantear, en t\u00e9rminos que vale la pena tomar en serio, que Argentina exhibe hoy rasgos propios de una colonia financiera: no porque haya perdido sus instituciones o su soberan\u00eda jur\u00eddica, sino porque la distancia entre la soberan\u00eda formal y la autonom\u00eda real se ensanch\u00f3. El pa\u00eds conserva, formalmente, el derecho a decirle que no a su principal sost\u00e9n financiero; lo que cambi\u00f3 es el costo de ejercer ese derecho, que se volvi\u00f3 extraordinariamente alto. Ese an\u00e1lisis describe con precisi\u00f3n el nudo del modelo: los vencimientos brutos programados con el FMI rondan los US$4.200 millones en 2026 y los US$7.500 millones en 2027. Para 2027, si se descuentan los desembolsos ya previstos y no aparece financiamiento adicional, distintos c\u00e1lculos ubican la salida neta hacia el organismo en torno a US$5.800 millones. La deuda p\u00fablica bruta, por su parte, se mantiene cerca del 70% del PBI seg\u00fan las proyecciones multilaterales, aunque el porcentaje var\u00eda de acuerdo con el universo de obligaciones y el tipo de cambio utilizados. El respaldo de esa deuda ya no son solo promesas fiscales: es Vaca Muerta. El R\u00e9gimen de Incentivo a las Grandes Inversiones (RIGI), hoy vigente, garantiza treinta a\u00f1os de estabilidad tributaria, aduanera y cambiaria a los proyectos de gran escala. El llamado \u00abS\u00faper RIGI\u00bb, todav\u00eda en tr\u00e1mite legislativo, propone un r\u00e9gimen complementario para inversiones superiores a US$1.000 millones, con treinta a\u00f1os de estabilidad y hasta cuarenta para proyectos considerados estrat\u00e9gicos. Ambos esquemas est\u00e1n abiertos a capitales nacionales y extranjeros, aunque varios de los proyectos de mayor escala tienen una participaci\u00f3n decisiva de compa\u00f1\u00edas o consorcios internacionales y contemplan amplias facilidades para disponer de divisas y girar utilidades al exterior. En paralelo, el Gobierno intent\u00f3 reformar los l\u00edmites a la propiedad extranjera de tierras rurales, pero el cap\u00edtulo correspondiente fue retirado del proyecto de Ley de Inviolabilidad de la Propiedad Privada el 5 de agosto por falta de votos en el Senado. La Ley 26.737 contin\u00faa vigente por una cautelar judicial. El rev\u00e9s parlamentario no borra la orientaci\u00f3n de la iniciativa oficial: como se\u00f1al\u00f3 la Revista Anfibia, no se trata de agendas paralelas, sino de un mismo dise\u00f1o que procura condiciones cada vez m\u00e1s favorables para la apropiaci\u00f3n y explotaci\u00f3n privada de recursos estrat\u00e9gicos, mientras el pa\u00eds exhibe esos activos como respaldo de pago frente a sus acreedores.<\/p>\n\n\n\n<p class=\"wp-block-paragraph\">5. La s\u00edntesis: cuatro variables, un mismo patr\u00f3n<\/p>\n\n\n\n<p class=\"wp-block-paragraph\">Ordenados uno junto al otro, los cuatro ejes dibujan una estructura reconocible: un sistema econ\u00f3mico que vuelve a organizarse en torno a la exportaci\u00f3n de materias primas sin agregado de valor; una apertura comercial que desplaza a la industria nacional en lugar de modernizarla; un Estado que se retira de la protecci\u00f3n social en el momento en que m\u00e1s se la necesita; y un esquema de endeudamiento que compromete, como garant\u00eda, el control sobre los recursos naturales m\u00e1s valiosos del pa\u00eds. Ninguno de estos cuatro elementos, por separado, define por s\u00ed solo una relaci\u00f3n colonial. Juntos, y sostenidos en el tiempo, s\u00ed reconstruyen su l\u00f3gica: producir materia prima para que otros la transformen, y financiar el presente hipotecando el futuro. Neuqu\u00e9n y el Alto Valle son, en ese sentido, un observatorio privilegiado de la contradicci\u00f3n: la provincia que m\u00e1s crece en producci\u00f3n hidrocarbur\u00edfera empieza a mostrar, en A\u00f1elo, los l\u00edmites del \u00abderrame\u00bb prometido. Vaca Muerta genera d\u00f3lares, regal\u00edas y servicios petroleros, pero funciona tambi\u00e9n como el principal respaldo de divisas que el Gobierno exhibe ante el FMI para sostener un programa cuyo costo social \u2014menos empleadores y puestos registrados, ca\u00edda salarial y recortes en educaci\u00f3n y vivienda\u2014 paga el resto del pa\u00eds.<\/p>\n\n\n\n<p class=\"wp-block-paragraph\">A.G.<\/p>\n","protected":false},"excerpt":{"rendered":"<p>Con Javier Milei en la Casa Rosada, la Argentina volvi\u00f3 a mirarse en el espejo de su propia historia: un pa\u00eds que exporta materia prima, importa manufactura, desprotege a su poblaci\u00f3n y entrega la llave de sus recursos estrat\u00e9gicos a cambio de financiamiento externo. No es una met\u00e1fora forzada. Es, con matices, el mismo patr\u00f3n [&hellip;]<\/p>\n","protected":false},"author":1,"featured_media":1000034422,"comment_status":"closed","ping_status":"open","sticky":false,"template":"","format":"standard","meta":{"content-type":"","advanced_seo_description":"","jetpack_seo_html_title":"","jetpack_seo_noindex":false,"jetpack_post_was_ever_published":false,"_jetpack_newsletter_access":"","_jetpack_dont_email_post_to_subs":false,"_jetpack_newsletter_tier_id":0,"_jetpack_memberships_contains_paywalled_content":false,"_jetpack_memberships_contains_paid_content":false,"jnews-multi-image_gallery":[],"jnews_single_post":{"format":"standard"},"jnews_primary_category":[],"footnotes":"","jetpack_publicize_message":"","jetpack_publicize_feature_enabled":true,"jetpack_social_post_already_shared":true,"jetpack_social_options":{"image_generator_settings":{"template":"highway","default_image_id":0,"font":"","enabled":false},"version":2}},"categories":[388],"tags":[389],"class_list":["post-1000034421","post","type-post","status-publish","format-standard","has-post-thumbnail","category-editorial","tag-editorial"],"jetpack_publicize_connections":[],"jetpack_featured_media_url":"https:\/\/i0.wp.com\/gazzettinoitalianopatagonico.com\/wp-content\/uploads\/2026\/08\/image-7.jpg?fit=688%2C379&ssl=1","jetpack_likes_enabled":true,"jetpack_sharing_enabled":true,"jetpack-related-posts":[],"_links":{"self":[{"href":"https:\/\/gazzettinoitalianopatagonico.com\/index.php?rest_route=\/wp\/v2\/posts\/1000034421","targetHints":{"allow":["GET"]}}],"collection":[{"href":"https:\/\/gazzettinoitalianopatagonico.com\/index.php?rest_route=\/wp\/v2\/posts"}],"about":[{"href":"https:\/\/gazzettinoitalianopatagonico.com\/index.php?rest_route=\/wp\/v2\/types\/post"}],"author":[{"embeddable":true,"href":"https:\/\/gazzettinoitalianopatagonico.com\/index.php?rest_route=\/wp\/v2\/users\/1"}],"replies":[{"embeddable":true,"href":"https:\/\/gazzettinoitalianopatagonico.com\/index.php?rest_route=%2Fwp%2Fv2%2Fcomments&post=1000034421"}],"version-history":[{"count":1,"href":"https:\/\/gazzettinoitalianopatagonico.com\/index.php?rest_route=\/wp\/v2\/posts\/1000034421\/revisions"}],"predecessor-version":[{"id":1000034424,"href":"https:\/\/gazzettinoitalianopatagonico.com\/index.php?rest_route=\/wp\/v2\/posts\/1000034421\/revisions\/1000034424"}],"wp:featuredmedia":[{"embeddable":true,"href":"https:\/\/gazzettinoitalianopatagonico.com\/index.php?rest_route=\/wp\/v2\/media\/1000034422"}],"wp:attachment":[{"href":"https:\/\/gazzettinoitalianopatagonico.com\/index.php?rest_route=%2Fwp%2Fv2%2Fmedia&parent=1000034421"}],"wp:term":[{"taxonomy":"category","embeddable":true,"href":"https:\/\/gazzettinoitalianopatagonico.com\/index.php?rest_route=%2Fwp%2Fv2%2Fcategories&post=1000034421"},{"taxonomy":"post_tag","embeddable":true,"href":"https:\/\/gazzettinoitalianopatagonico.com\/index.php?rest_route=%2Fwp%2Fv2%2Ftags&post=1000034421"}],"curies":[{"name":"wp","href":"https:\/\/api.w.org\/{rel}","templated":true}]}}