{"id":1000030886,"date":"2026-05-02T10:30:29","date_gmt":"2026-05-02T13:30:29","guid":{"rendered":"https:\/\/gazzettinoitalianopatagonico.com\/?p=1000030886"},"modified":"2026-05-02T10:30:31","modified_gmt":"2026-05-02T13:30:31","slug":"colombia-primera-cumbre-internacional-para-decir-no-al-petroleo-y-al-gas","status":"publish","type":"post","link":"https:\/\/gazzettinoitalianopatagonico.com\/?p=1000030886","title":{"rendered":"Colombia: Primera cumbre internacional para decir no al petr\u00f3leo y al gas"},"content":{"rendered":"\n<p>El futuro de la transici\u00f3n ecol\u00f3gica del mundo se juega en parte tambi\u00e9n en Santa Marta, Colombia. Esta peque\u00f1a ciudad situada a orillas del mar Caribe, protegida a sus espaldas por la Sierra Nevada de Santa Marta, un macizo monta\u00f1oso tan extenso como la regi\u00f3n del V\u00e9neto, acoge la primera conferencia internacional en la que delegados de 50 pa\u00edses y representantes de organizaciones de la sociedad civil, ONG y representantes de diferentes iglesias y religiones est\u00e1n discutiendo un objetivo ambicioso pero que ya no puede posponerse: abandonar definitivamente los combustibles f\u00f3siles para emprender caminos diferentes, no caracterizados por el uso de carb\u00f3n, petr\u00f3leo y gas, principales responsables del desastroso cambio clim\u00e1tico.<\/p>\n\n\n\n<p>Decisiones espec\u00edficas<\/p>\n\n\n\n<p>El evento, que concluir\u00e1 el pr\u00f3ximo 29 de abril tras seis d\u00edas de debates, conferencias y seminarios, ha sido impulsado con firmeza por los gobiernos de los Pa\u00edses Bajos y de Colombia. No es casualidad que se haya elegido precisamente a Colombia, y en concreto a Santa Marta, como sede de esta primera y hist\u00f3rica cumbre. La ciudad, situada al norte de la capital, Bogot\u00e1, se ha convertido con el tiempo en el principal cruce de caminos para la exportaci\u00f3n de carb\u00f3n destinado a toda Sudam\u00e9rica. Mientras tanto, Colombia tiene una econom\u00eda fuertemente dependiente de los combustibles f\u00f3siles y busca desesperadamente una alternativa.<\/p>\n\n\n\n<p>Convicciones compartidas<\/p>\n\n\n\n<p>\u00abLa convicci\u00f3n del presidente colombiano, Gustavo Petro, es que precisamente los combustibles f\u00f3siles son la causa principal de la crisis ambiental que est\u00e1 poniendo en riesgo la vida en nuestro planeta. Un punto de vista compartido por muchas naciones, aunque algunos gobernantes no quieran admitirlo\u00bb. Alberto Franco Giraldo, religioso redentorista colombiano y responsable de Iglesias y Miner\u00eda en Colombia \u2014red ecum\u00e9nica que busca enfrentar los desaf\u00edos que plantean los impactos y las violaciones de los derechos socioambientales causados por las actividades mineras\u2014 responde a los medios vaticanos mientras sigue el evento.<\/p>\n\n\n\n<p>Conceptos clave<\/p>\n\n\n\n<p>Los debates que se han desarrollado hasta ahora, cuenta, han girado en torno a algunos conceptos clave: \u00abEn primer lugar, el hecho de que las soluciones no pueden provenir del mismo sistema que genera las crisis. En segundo lugar, que las soluciones no se encuentran en los \u201cnegocios verdes\u201d que solo buscan modificar actividades sin tocar las causas de la crisis y sin asumir la responsabilidad de sus propias acciones y decisiones. Y luego, que no puede haber transici\u00f3n energ\u00e9tica sin justicia clim\u00e1tica y sin justicia social, sin escuchar el grito de la Tierra y el grito de los pobres. Por \u00faltimo, que el modelo y la l\u00f3gica extractivista, que han creado el problema, no pueden ser parte de la soluci\u00f3n. El cambio necesario para resolver la crisis no ser\u00e1 posible sin transformaciones sociales, culturales y espirituales\u00bb.<\/p>\n\n\n\n<p>Peligros inminentes<\/p>\n\n\n\n<p>Recientemente, con vistas a la conferencia de Santa Marta, la red Iglesias y Miner\u00eda, en un documento, hab\u00eda advertido que la carrera armamentista, el aumento de las guerras \u2014con las de Ucrania y Oriente Medio a la cabeza\u2014, as\u00ed como la extracci\u00f3n desenfrenada de minerales cr\u00edticos y tierras raras \u00abgeneran un mayor consumo de combustibles f\u00f3siles, emisiones de gases de efecto invernadero y una destrucci\u00f3n acelerada de la naturaleza. El genocidio y el ecocidio no son causados solo por los conflictos, sino tambi\u00e9n por el sistema extractivista que los sustenta\u00bb. Y el padre Alberto Franco Giraldo no se anda con rodeos,&nbsp;&nbsp;nombra a los responsables con nombre y apellido: \u00abEl capital financiero, las multinacionales, los gobiernos del Norte del mundo, las peque\u00f1as \u00e9lites del Sur del mundo. Que quieren conservar los capitales y los privilegios acumulados a lo largo de la historia a trav\u00e9s de guerras, violencia y chantajes\u00bb.<\/p>\n\n\n\n<p>Alternativa posible<\/p>\n\n\n\n<p>\u00bfPero es realmente posible una alternativa? Parece que s\u00ed, seg\u00fan el religioso redentorista. \u00abLas comunidades ind\u00edgenas locales est\u00e1n demostrando que una verdadera transici\u00f3n ecol\u00f3gica se basa en la producci\u00f3n alimentaria diversificada y ecol\u00f3gica; en energ\u00edas aut\u00f3nomas, el cuidado del agua y de los bosques, y una baja huella de carbono. Es necesario dar visibilidad a estas alternativas, apoyarlas econ\u00f3mica y t\u00e9cnicamente, y crear redes de intercambio justo. Pero, sobre todo, hay que reconocer y valorar la espiritualidad de las comunidades ind\u00edgenas en relaci\u00f3n con nuestra Madre Tierra\u00bb.<\/p>\n\n\n\n<p>Federico Piana<\/p>\n","protected":false},"excerpt":{"rendered":"<p>El futuro de la transici\u00f3n ecol\u00f3gica del mundo se juega en parte tambi\u00e9n en Santa Marta, Colombia. Esta peque\u00f1a ciudad situada a orillas del mar Caribe, protegida a sus espaldas por la Sierra Nevada de Santa Marta, un macizo monta\u00f1oso tan extenso como la regi\u00f3n del V\u00e9neto, acoge la primera conferencia internacional en la que [&hellip;]<\/p>\n","protected":false},"author":1,"featured_media":1000030887,"comment_status":"closed","ping_status":"open","sticky":false,"template":"","format":"standard","meta":{"content-type":"","_jetpack_memberships_contains_paid_content":false,"jnews-multi-image_gallery":[],"jnews_single_post":{"format":"standard"},"jnews_primary_category":[],"footnotes":"","jetpack_publicize_message":"","jetpack_publicize_feature_enabled":true,"jetpack_social_post_already_shared":true,"jetpack_social_options":{"image_generator_settings":{"template":"highway","default_image_id":0,"font":"","enabled":false},"version":2}},"categories":[41],"tags":[],"class_list":{"0":"post-1000030886","1":"post","2":"type-post","3":"status-publish","4":"format-standard","5":"has-post-thumbnail","7":"category-mundo"},"jetpack_publicize_connections":[],"jetpack_featured_media_url":"https:\/\/i0.wp.com\/gazzettinoitalianopatagonico.com\/wp-content\/uploads\/2026\/05\/zawe.jpg?fit=750%2C421&ssl=1","jetpack_likes_enabled":true,"jetpack_sharing_enabled":true,"_links":{"self":[{"href":"https:\/\/gazzettinoitalianopatagonico.com\/index.php?rest_route=\/wp\/v2\/posts\/1000030886","targetHints":{"allow":["GET"]}}],"collection":[{"href":"https:\/\/gazzettinoitalianopatagonico.com\/index.php?rest_route=\/wp\/v2\/posts"}],"about":[{"href":"https:\/\/gazzettinoitalianopatagonico.com\/index.php?rest_route=\/wp\/v2\/types\/post"}],"author":[{"embeddable":true,"href":"https:\/\/gazzettinoitalianopatagonico.com\/index.php?rest_route=\/wp\/v2\/users\/1"}],"replies":[{"embeddable":true,"href":"https:\/\/gazzettinoitalianopatagonico.com\/index.php?rest_route=%2Fwp%2Fv2%2Fcomments&post=1000030886"}],"version-history":[{"count":1,"href":"https:\/\/gazzettinoitalianopatagonico.com\/index.php?rest_route=\/wp\/v2\/posts\/1000030886\/revisions"}],"predecessor-version":[{"id":1000030888,"href":"https:\/\/gazzettinoitalianopatagonico.com\/index.php?rest_route=\/wp\/v2\/posts\/1000030886\/revisions\/1000030888"}],"wp:featuredmedia":[{"embeddable":true,"href":"https:\/\/gazzettinoitalianopatagonico.com\/index.php?rest_route=\/wp\/v2\/media\/1000030887"}],"wp:attachment":[{"href":"https:\/\/gazzettinoitalianopatagonico.com\/index.php?rest_route=%2Fwp%2Fv2%2Fmedia&parent=1000030886"}],"wp:term":[{"taxonomy":"category","embeddable":true,"href":"https:\/\/gazzettinoitalianopatagonico.com\/index.php?rest_route=%2Fwp%2Fv2%2Fcategories&post=1000030886"},{"taxonomy":"post_tag","embeddable":true,"href":"https:\/\/gazzettinoitalianopatagonico.com\/index.php?rest_route=%2Fwp%2Fv2%2Ftags&post=1000030886"}],"curies":[{"name":"wp","href":"https:\/\/api.w.org\/{rel}","templated":true}]}}