{"id":1000030883,"date":"2026-05-01T13:47:44","date_gmt":"2026-05-01T16:47:44","guid":{"rendered":"https:\/\/gazzettinoitalianopatagonico.com\/?p=1000030883"},"modified":"2026-05-01T13:47:46","modified_gmt":"2026-05-01T16:47:46","slug":"biennale-di-venezia-si-dimette-la-giuria-internazionale-a-votare-sara-il-pubblico-qui-pace-e-arte-nessuna-censura","status":"publish","type":"post","link":"https:\/\/gazzettinoitalianopatagonico.com\/?p=1000030883","title":{"rendered":"Biennale di Venezia, si dimette la giuria internazionale. A votare sar\u00e0 il pubblico: \u201cQui pace e arte, nessuna censura\u201d"},"content":{"rendered":"\n<p>Si \u00e8 dimessa in blocco la giuria internazionale della Biennale di Venezia, a pochi giorni dall\u2019apertura ufficiale, prevista per il 9 maggio, della 61esima Esposizione internazionale d\u2019Arte. Hanno lasciato l\u2019incarico Solange Farkas, presidente, insieme ai membri Zoe Butt, Elvira Dyangani Ose, Marta Kuzma e Giovanna Zapperi. La notizia, diffusa oggi pomeriggio con una nota ufficiale della Fondazione, arriva all\u2019indomani della visita degli ispettori inviati dal ministero della Cultura dopo settimane di polemiche legate alla presenza di artisti di Russia e Israele.<\/p>\n\n\n\n<p>Nell\u2019annunciare il correttivo legato alle dimissioni della giuria (a votare dar\u00e0 il pubblico e la premiazione slitta a novembre), la Biennale in una nota ribadisce di essere \u201ccontro ogni forma di chiusura o censura\u201d, scrivendo cos\u00ec: \u201cLo spirito fondativo della Biennale \u00e8 basato sull\u2019apertura, sul dialogo e sul rifiuto di ogni forma di chiusura e censura. La Biennale vuole e si conferma luogo della tregua in nome dell\u2019arte, della cultura e della libert\u00e0 artistica\u201d.<\/p>\n\n\n\n<p>LE DIMISSIONI DOPO SETTIMANE DI POLEMICHE<\/p>\n\n\n\n<p>Le polemiche si sono innescate dopo la decisione del presidente della Biennale, Pietrangelo Buttafuoco, di concedere uno spazio al padiglione russo, ma anche sulla presenza degli artisti israeliani. Contro l\u2019apertura di uno spazio per i rappresentanti di Mosca, si sono scagliati l\u2019Unione europea (minacciando anche un taglio dei fondi per la Biennale) e il governo italiano, tramite il ministro della Cultura, Alessandro Giuli.<\/p>\n\n\n\n<p>I LEONI VOTATI DAL PUBBLICO<\/p>\n\n\n\n<p>Dopo le dimissioni della Giuria Internazionale, la Biennale ha deciso di istituire due Leoni dei visitatori, cio\u00e8 votati da coloro che visiteranno la mostra. La cerimonia di premiazione \u00e8 stata quindi spostata dal 9 maggio al 22 novembre, giorno di chiusura della manifestazione. I Leoni sono dedicati al miglior partecipante della 61esima Esposizione e alla migliore Partecipazione Nazionale della 61esima Esposizione.<\/p>\n\n\n\n<p>RUSSIA E ISRAELE IN GARA<\/p>\n\n\n\n<p>Al premio per la migliore Partecipazione nazionale, si legge sul sito della Biennale, \u201cconcorrono tutte le Partecipazioni Nazionali presenti, come da lista ufficiale, seguendo il principio di inclusione e di parit\u00e0 di trattamento tra tutti i partecipanti. Ci\u00f2 in coerenza con lo spirito fondativo della Biennale stessa basato sull\u2019apertura, sul dialogo e sul rifiuto di ogni forma di chiusura e censura. La Biennale vuole e si conferma luogo della tregua in nome dell\u2019arte, della cultura e della libert\u00e0 artistica\u201d.<\/p>\n\n\n\n<p>MELONI: \u201cBUTTAFUOCO CAPACISSIMO, NON AVREI FATTO SCELTA SU PADIGLIONE RUSSO\u201d<\/p>\n\n\n\n<p>\u201cNon le so dire delle dimissioni della giuria, perch\u00e9 l\u2019ho letto mentre scendevo. Non so dire se sono collegate al tema dell\u2019invio degli ispettori. Sulle dinamiche di questa vicenda mi sono leggermente persa, mi fermo alla posizione iniziale: posso dire che la scelta sul padiglione russo, il governo ha dichiarato di non condividerla, dopodich\u00e9 la Biennale \u00e8 un ente autonomo, e Buttafuoco \u00e8 una persona capacissima. Io questa scelta non l\u2019avrei fatta al posto di Buttafuoco\u201d. Cos\u00ec la premier Giorgia Meloni in conferenza stampa dopo il Consiglio dei ministri commentando le ultime novit\u00e0 sulla Biennale di Venezia.<\/p>\n\n\n\n<p>\u201cSull\u2019invio degli ispettori la persona giusta a cui chiedere credo sia il ministro Giuli, perch\u00e9 presumo lui abbia fatto questa scelta perch\u00e9 non ho avuto modo di parlarne con lui\u201d, ha aggiunto.<\/p>\n\n\n\n<p>Marcella Piretti<\/p>\n","protected":false},"excerpt":{"rendered":"<p>Si \u00e8 dimessa in blocco la giuria internazionale della Biennale di Venezia, a pochi giorni dall\u2019apertura ufficiale, prevista per il 9 maggio, della 61esima Esposizione internazionale d\u2019Arte. Hanno lasciato l\u2019incarico Solange Farkas, presidente, insieme ai membri Zoe Butt, Elvira Dyangani Ose, Marta Kuzma e Giovanna Zapperi. La notizia, diffusa oggi pomeriggio con una nota ufficiale [&hellip;]<\/p>\n","protected":false},"author":1,"featured_media":1000030884,"comment_status":"closed","ping_status":"open","sticky":false,"template":"","format":"standard","meta":{"content-type":"","_jetpack_memberships_contains_paid_content":false,"jnews-multi-image_gallery":[],"jnews_single_post":{"format":"standard"},"jnews_primary_category":[],"footnotes":"","jetpack_publicize_message":"","jetpack_publicize_feature_enabled":true,"jetpack_social_post_already_shared":true,"jetpack_social_options":{"image_generator_settings":{"template":"highway","default_image_id":0,"font":"","enabled":false},"version":2}},"categories":[9],"tags":[241],"class_list":{"0":"post-1000030883","1":"post","2":"type-post","3":"status-publish","4":"format-standard","5":"has-post-thumbnail","7":"category-cultura","8":"tag-cultura"},"jetpack_publicize_connections":[],"jetpack_featured_media_url":"https:\/\/i0.wp.com\/gazzettinoitalianopatagonico.com\/wp-content\/uploads\/2026\/05\/zcs.jpg?fit=750%2C501&ssl=1","jetpack_likes_enabled":true,"jetpack_sharing_enabled":true,"_links":{"self":[{"href":"https:\/\/gazzettinoitalianopatagonico.com\/index.php?rest_route=\/wp\/v2\/posts\/1000030883","targetHints":{"allow":["GET"]}}],"collection":[{"href":"https:\/\/gazzettinoitalianopatagonico.com\/index.php?rest_route=\/wp\/v2\/posts"}],"about":[{"href":"https:\/\/gazzettinoitalianopatagonico.com\/index.php?rest_route=\/wp\/v2\/types\/post"}],"author":[{"embeddable":true,"href":"https:\/\/gazzettinoitalianopatagonico.com\/index.php?rest_route=\/wp\/v2\/users\/1"}],"replies":[{"embeddable":true,"href":"https:\/\/gazzettinoitalianopatagonico.com\/index.php?rest_route=%2Fwp%2Fv2%2Fcomments&post=1000030883"}],"version-history":[{"count":1,"href":"https:\/\/gazzettinoitalianopatagonico.com\/index.php?rest_route=\/wp\/v2\/posts\/1000030883\/revisions"}],"predecessor-version":[{"id":1000030885,"href":"https:\/\/gazzettinoitalianopatagonico.com\/index.php?rest_route=\/wp\/v2\/posts\/1000030883\/revisions\/1000030885"}],"wp:featuredmedia":[{"embeddable":true,"href":"https:\/\/gazzettinoitalianopatagonico.com\/index.php?rest_route=\/wp\/v2\/media\/1000030884"}],"wp:attachment":[{"href":"https:\/\/gazzettinoitalianopatagonico.com\/index.php?rest_route=%2Fwp%2Fv2%2Fmedia&parent=1000030883"}],"wp:term":[{"taxonomy":"category","embeddable":true,"href":"https:\/\/gazzettinoitalianopatagonico.com\/index.php?rest_route=%2Fwp%2Fv2%2Fcategories&post=1000030883"},{"taxonomy":"post_tag","embeddable":true,"href":"https:\/\/gazzettinoitalianopatagonico.com\/index.php?rest_route=%2Fwp%2Fv2%2Ftags&post=1000030883"}],"curies":[{"name":"wp","href":"https:\/\/api.w.org\/{rel}","templated":true}]}}