{"id":1000030880,"date":"2026-05-01T13:46:39","date_gmt":"2026-05-01T16:46:39","guid":{"rendered":"https:\/\/gazzettinoitalianopatagonico.com\/?p=1000030880"},"modified":"2026-05-01T13:46:40","modified_gmt":"2026-05-01T16:46:40","slug":"via-libera-dellunione-europea-al-primo-vaccino-combinato-contro-influenza-e-covid-19","status":"publish","type":"post","link":"https:\/\/gazzettinoitalianopatagonico.com\/?p=1000030880","title":{"rendered":"Via libera dell\u2019Unione europea al primo vaccino combinato contro influenza e Covid-19"},"content":{"rendered":"\n<p>Via libera dell\u2019Unione europea al primo vaccino combinato contro influenza e Covid-19. La Commissione europea ha autorizzato l\u2019immissione in commercio del vaccino a mRna sviluppato da Moderna per l\u2019uso nelle persone dai 50 anni in su, dopo il parere favorevole dell\u2019Ema.<\/p>\n\n\n\n<p>L\u2019ok, valido nei 27 Stati membri oltre a Islanda, Liechtenstein e Norvegia, arriva dopo i risultati positivi dello studio di fase 3 e riguarda il quarto prodotto autorizzato della casa farmaceutica.<\/p>\n\n\n\n<p>\u201cAccogliamo con favore l\u2019approvazione della Commissione Europea per il primo vaccino combinato influenza pi\u00f9 Covid-19 al mondo \u2013 ha dichiarato St\u00e9phane Bancel, Ceo di Moderna \u2013 Combinando la protezione contro due importanti virus respiratori in una singola dose, il nostro vaccino mira a semplificare l\u2019immunizzazione per gli adulti, in particolare quelli ad alto rischio. Questo prodotto offre una nuova importante opzione per la popolazione europea, contribuendo al contempo a rafforzare la resilienza dei sistemi sanitari in Europa\u201d.<\/p>\n\n\n\n<p>Secondo l\u2019azienda, il vaccino sar\u00e0 disponibile nei Paesi Ue secondo le procedure nazionali, mentre gli studi hanno mostrato una risposta immunitaria non inferiore rispetto ai vaccini somministrati separatamente e un profilo di sicurezza coerente.<\/p>\n\n\n\n<p>\u201cL\u2019autorizzazione del primo vaccino combinato al mondo rappresenta un passaggio cruciale nell\u2019evoluzione della medicina preventiva per l\u2019adulto\u201d, ha commentato Cinzia Marano, Ad di Moderna Italia. \u201cQuesta innovazione introduce un cambio di paradigma nella gestione delle patologie respiratorie in oggetto proponendo una soluzione integrata, capace di ottimizzare i percorsi vaccinali, ridurre la complessit\u00e0 organizzativa e migliorare l\u2019allocazione delle risorse. Grazie a tecnologie avanzate come l\u2019mRna, \u00e8 oggi possibile sviluppare strumenti pi\u00f9 flessibili ed efficienti, che semplificano l\u2019accesso per i cittadini e supportano concretamente la sostenibilit\u00e0 operativa del sistema. In Moderna Italia siamo impegnati a guidare questa trasformazione, mettendo a disposizione strumenti sempre pi\u00f9 efficaci, flessibili e accessibili. Il nostro obiettivo \u00e8 contribuire a un sistema sanitario pi\u00f9 resiliente, in grado di proteggere in modo proattivo le fasce adulte e pi\u00f9 vulnerabili della popolazione, oggi e negli anni a venire\u201d.<\/p>\n\n\n\n<p>Francesca Ripoli<\/p>\n","protected":false},"excerpt":{"rendered":"<p>Via libera dell\u2019Unione europea al primo vaccino combinato contro influenza e Covid-19. La Commissione europea ha autorizzato l\u2019immissione in commercio del vaccino a mRna sviluppato da Moderna per l\u2019uso nelle persone dai 50 anni in su, dopo il parere favorevole dell\u2019Ema. L\u2019ok, valido nei 27 Stati membri oltre a Islanda, Liechtenstein e Norvegia, arriva dopo [&hellip;]<\/p>\n","protected":false},"author":1,"featured_media":1000030881,"comment_status":"closed","ping_status":"open","sticky":false,"template":"","format":"standard","meta":{"content-type":"","_jetpack_memberships_contains_paid_content":false,"jnews-multi-image_gallery":[],"jnews_single_post":{"format":"standard"},"jnews_primary_category":[],"footnotes":"","jetpack_publicize_message":"","jetpack_publicize_feature_enabled":true,"jetpack_social_post_already_shared":true,"jetpack_social_options":{"image_generator_settings":{"template":"highway","default_image_id":0,"font":"","enabled":false},"version":2}},"categories":[43],"tags":[],"class_list":{"0":"post-1000030880","1":"post","2":"type-post","3":"status-publish","4":"format-standard","5":"has-post-thumbnail","7":"category-salud"},"jetpack_publicize_connections":[],"jetpack_featured_media_url":"https:\/\/i0.wp.com\/gazzettinoitalianopatagonico.com\/wp-content\/uploads\/2026\/05\/zjjj.jpg?fit=731%2C453&ssl=1","jetpack_likes_enabled":true,"jetpack_sharing_enabled":true,"_links":{"self":[{"href":"https:\/\/gazzettinoitalianopatagonico.com\/index.php?rest_route=\/wp\/v2\/posts\/1000030880","targetHints":{"allow":["GET"]}}],"collection":[{"href":"https:\/\/gazzettinoitalianopatagonico.com\/index.php?rest_route=\/wp\/v2\/posts"}],"about":[{"href":"https:\/\/gazzettinoitalianopatagonico.com\/index.php?rest_route=\/wp\/v2\/types\/post"}],"author":[{"embeddable":true,"href":"https:\/\/gazzettinoitalianopatagonico.com\/index.php?rest_route=\/wp\/v2\/users\/1"}],"replies":[{"embeddable":true,"href":"https:\/\/gazzettinoitalianopatagonico.com\/index.php?rest_route=%2Fwp%2Fv2%2Fcomments&post=1000030880"}],"version-history":[{"count":1,"href":"https:\/\/gazzettinoitalianopatagonico.com\/index.php?rest_route=\/wp\/v2\/posts\/1000030880\/revisions"}],"predecessor-version":[{"id":1000030882,"href":"https:\/\/gazzettinoitalianopatagonico.com\/index.php?rest_route=\/wp\/v2\/posts\/1000030880\/revisions\/1000030882"}],"wp:featuredmedia":[{"embeddable":true,"href":"https:\/\/gazzettinoitalianopatagonico.com\/index.php?rest_route=\/wp\/v2\/media\/1000030881"}],"wp:attachment":[{"href":"https:\/\/gazzettinoitalianopatagonico.com\/index.php?rest_route=%2Fwp%2Fv2%2Fmedia&parent=1000030880"}],"wp:term":[{"taxonomy":"category","embeddable":true,"href":"https:\/\/gazzettinoitalianopatagonico.com\/index.php?rest_route=%2Fwp%2Fv2%2Fcategories&post=1000030880"},{"taxonomy":"post_tag","embeddable":true,"href":"https:\/\/gazzettinoitalianopatagonico.com\/index.php?rest_route=%2Fwp%2Fv2%2Ftags&post=1000030880"}],"curies":[{"name":"wp","href":"https:\/\/api.w.org\/{rel}","templated":true}]}}