{"id":1000030850,"date":"2026-05-01T09:23:05","date_gmt":"2026-05-01T12:23:05","guid":{"rendered":"https:\/\/gazzettinoitalianopatagonico.com\/?p=1000030850"},"modified":"2026-05-01T09:23:06","modified_gmt":"2026-05-01T12:23:06","slug":"1-maggio-berrino-fdi-con-governo-meloni-messe-in-campo-sul-lavoro-politiche-concrete","status":"publish","type":"post","link":"https:\/\/gazzettinoitalianopatagonico.com\/?p=1000030850","title":{"rendered":"1 MAGGIO, BERRINO (FDI): CON GOVERNO MELONI MESSE IN CAMPO SUL LAVORO POLITICHE CONCRETE"},"content":{"rendered":"\n<p>\u201cNel giorno della Festa dei Lavoratori, desidero rivolgere un pensiero profondo a tutte le donne e gli uomini che ogni giorno contribuiscono, con impegno e dignit\u00e0, alla crescita del nostro Paese. Come componente della Commissione Lavoro del Senato, sento ildovere di sottolineare con soddisfazione i risultati raggiunti in questi anni dal Governo guidato da Giorgia Meloni. Le politiche messe in campo hanno segnato un cambio di passo concreto, ovvero pi\u00f9 occupazione, pi\u00f9 persone inserite nel mondo del lavoro eun\u2019attenzione crescente alla qualit\u00e0 dell\u2019impiego. Non si tratta solo di numeri, ma di un percorso che restituisce centralit\u00e0 al lavoro come valore fondante della nostra societ\u00e0. L\u2019obiettivo di garantire salari pi\u00f9 giusti e condizioni pi\u00f9 dignitose non \u00e8 unoslogan, ma una direzione chiara che stiamo perseguendo con determinazione. Come Senatore, rinnovo il mio impegno affinch\u00e9 questo percorso prosegua, rafforzando le tutele, sostenendo le imprese e valorizzando il merito. Il lavoro deve tornare ad essere sinonimodi sicurezza, stabilit\u00e0 e futuro. Oggi celebriamo il lavoro, ma soprattutto guardiamo avanti, con il cuore e con responsabilit\u00e0, consapevoli che i risultati raggiunti sono solo l\u2019inizio di un cammino che deve continuare con coraggio e visione\u201d.<\/p>\n","protected":false},"excerpt":{"rendered":"<p>\u201cNel giorno della Festa dei Lavoratori, desidero rivolgere un pensiero profondo a tutte le donne e gli uomini che ogni giorno contribuiscono, con impegno e dignit\u00e0, alla crescita del nostro Paese. Come componente della Commissione Lavoro del Senato, sento ildovere di sottolineare con soddisfazione i risultati raggiunti in questi anni dal Governo guidato da Giorgia [&hellip;]<\/p>\n","protected":false},"author":1,"featured_media":1000030851,"comment_status":"closed","ping_status":"open","sticky":false,"template":"","format":"standard","meta":{"content-type":"","_jetpack_memberships_contains_paid_content":false,"jnews-multi-image_gallery":[],"jnews_single_post":{"format":"standard"},"jnews_primary_category":[],"footnotes":"","jetpack_publicize_message":"","jetpack_publicize_feature_enabled":true,"jetpack_social_post_already_shared":true,"jetpack_social_options":{"image_generator_settings":{"template":"highway","default_image_id":0,"font":"","enabled":false},"version":2}},"categories":[255],"tags":[],"class_list":{"0":"post-1000030850","1":"post","2":"type-post","3":"status-publish","4":"format-standard","5":"has-post-thumbnail","7":"category-sociales"},"jetpack_publicize_connections":[],"jetpack_featured_media_url":"https:\/\/i0.wp.com\/gazzettinoitalianopatagonico.com\/wp-content\/uploads\/2026\/05\/pexels-photo-9396159.jpeg?fit=1300%2C1300&ssl=1","jetpack_likes_enabled":true,"jetpack_sharing_enabled":true,"_links":{"self":[{"href":"https:\/\/gazzettinoitalianopatagonico.com\/index.php?rest_route=\/wp\/v2\/posts\/1000030850","targetHints":{"allow":["GET"]}}],"collection":[{"href":"https:\/\/gazzettinoitalianopatagonico.com\/index.php?rest_route=\/wp\/v2\/posts"}],"about":[{"href":"https:\/\/gazzettinoitalianopatagonico.com\/index.php?rest_route=\/wp\/v2\/types\/post"}],"author":[{"embeddable":true,"href":"https:\/\/gazzettinoitalianopatagonico.com\/index.php?rest_route=\/wp\/v2\/users\/1"}],"replies":[{"embeddable":true,"href":"https:\/\/gazzettinoitalianopatagonico.com\/index.php?rest_route=%2Fwp%2Fv2%2Fcomments&post=1000030850"}],"version-history":[{"count":1,"href":"https:\/\/gazzettinoitalianopatagonico.com\/index.php?rest_route=\/wp\/v2\/posts\/1000030850\/revisions"}],"predecessor-version":[{"id":1000030852,"href":"https:\/\/gazzettinoitalianopatagonico.com\/index.php?rest_route=\/wp\/v2\/posts\/1000030850\/revisions\/1000030852"}],"wp:featuredmedia":[{"embeddable":true,"href":"https:\/\/gazzettinoitalianopatagonico.com\/index.php?rest_route=\/wp\/v2\/media\/1000030851"}],"wp:attachment":[{"href":"https:\/\/gazzettinoitalianopatagonico.com\/index.php?rest_route=%2Fwp%2Fv2%2Fmedia&parent=1000030850"}],"wp:term":[{"taxonomy":"category","embeddable":true,"href":"https:\/\/gazzettinoitalianopatagonico.com\/index.php?rest_route=%2Fwp%2Fv2%2Fcategories&post=1000030850"},{"taxonomy":"post_tag","embeddable":true,"href":"https:\/\/gazzettinoitalianopatagonico.com\/index.php?rest_route=%2Fwp%2Fv2%2Ftags&post=1000030850"}],"curies":[{"name":"wp","href":"https:\/\/api.w.org\/{rel}","templated":true}]}}