{"id":1000030847,"date":"2026-05-01T09:20:54","date_gmt":"2026-05-01T12:20:54","guid":{"rendered":"https:\/\/gazzettinoitalianopatagonico.com\/?p=1000030847"},"modified":"2026-05-01T09:20:56","modified_gmt":"2026-05-01T12:20:56","slug":"la-minaccia-invisibile-quando-la-nube-di-chernobyl-si-poso-sullitalia","status":"publish","type":"post","link":"https:\/\/gazzettinoitalianopatagonico.com\/?p=1000030847","title":{"rendered":"La minaccia invisibile, quando la nube di Chernobyl si pos\u00f2 sull\u2019Italia"},"content":{"rendered":"\n<p>Il disastro nucleare di Chernobyl, avvenuto 40 anni fa, ha avuto ripercussioni anche in Italia. Mentre nella zona della centrale si cercava di contenere la tragedia, il nostro Paese stava per fare i conti con una minaccia \u2018invisibile\u2019. Pochi giorni dopo l\u2019esplosione, una presenza silenziosa attravers\u00f2 infatti l\u2019Europa, \u2018posandosi\u2019 anche sulle nostre citt\u00e0. Nessuna esplosione o evacuazione, ma una paura che cambi\u00f2 le abitudini di vita. Una generazione, oggi adulta, ricorda quei giorni di incertezza e timore. La nube radioattiva salita in cielo, infatti, si condens\u00f2 nelle piogge, trasformando l\u2019acqua in un veicolo di contaminazione per suoli, pascoli e coltivazioni. Improvvisamente, la sicurezza alimentare fu a rischio. L\u2019attenzione si focalizz\u00f2 sui prodotti della terra, e il timore si cristallizz\u00f2 attorno a un\u2019espressione divenuta iconica: l\u2019insalata radioattiva. Furono accertati aumenti di cesio e iodio, soprattutto nelle regioni del Nord Italia. Le autorit\u00e0 sanitarie furono costrette a imporre divieti e a dare direttive: fu diramato l\u2019invito ad astenersi dal consumo di latte fresco, verdure come spinaci e lattuga, e tutti i prodotti spontanei come funghi e selvaggina. Fare la spesa divenne un atto di diffidenza. Si puntava su cibi in scatola, latte in polvere e prodotti importati da zone ritenute non contaminate. Per gli adulti era una scelta difficile, ma per i bambini fu un\u2019esperienza ancora pi\u00f9 destabilizzante. Molti si trovarono improvvisamente privati di alimenti quotidiani, senza comprenderne davvero il motivo. Non si potevano mangiare certe cose e non si poteva stare troppo all\u2019aperto, in particolare in certe zone. Regole imposte da qualcosa che non si vedeva. Un nemico astratto, ma reale. C\u2019era un senso diffuso di vulnerabilit\u00e0. Anche un gesto semplice, come lavare l\u2019insalata o scegliere un litro di latte, diventava una decisione carica di conseguenze. Col tempo, l\u2019emergenza rientr\u00f2. I controlli si stabilizzarono, la vita riprese il suo corso. Ma qualcosa era cambiato. E forse \u00e8 proprio questo il segno pi\u00f9 profondo lasciato da Chernobyl nel nostro Paese: non solo la paura di ci\u00f2 che accadde lontano, ma la consapevolezza che, in un mondo interconnesso, anche l\u2019invisibile pu\u00f2 attraversare i confini e modificare per sempre il modo in cui viviamo il quotidiano. Certamente quanto avvenuto ebbe anche un peso sul referendum del 1987 che decise lo stop al nucleare in Italia.<\/p>\n\n\n\n<p>Michele Fantasia<\/p>\n","protected":false},"excerpt":{"rendered":"<p>Il disastro nucleare di Chernobyl, avvenuto 40 anni fa, ha avuto ripercussioni anche in Italia. Mentre nella zona della centrale si cercava di contenere la tragedia, il nostro Paese stava per fare i conti con una minaccia \u2018invisibile\u2019. Pochi giorni dopo l\u2019esplosione, una presenza silenziosa attravers\u00f2 infatti l\u2019Europa, \u2018posandosi\u2019 anche sulle nostre citt\u00e0. Nessuna esplosione [&hellip;]<\/p>\n","protected":false},"author":1,"featured_media":1000030848,"comment_status":"closed","ping_status":"open","sticky":false,"template":"","format":"standard","meta":{"content-type":"","_jetpack_memberships_contains_paid_content":false,"jnews-multi-image_gallery":[],"jnews_single_post":{"format":"standard"},"jnews_primary_category":[],"footnotes":"","jetpack_publicize_message":"","jetpack_publicize_feature_enabled":true,"jetpack_social_post_already_shared":true,"jetpack_social_options":{"image_generator_settings":{"template":"highway","default_image_id":0,"font":"","enabled":false},"version":2}},"categories":[391,42],"tags":[171],"class_list":{"0":"post-1000030847","1":"post","2":"type-post","3":"status-publish","4":"format-standard","5":"has-post-thumbnail","7":"category-ambiente","8":"category-ecologia","9":"tag-ecologia"},"jetpack_publicize_connections":[],"jetpack_featured_media_url":"https:\/\/i0.wp.com\/gazzettinoitalianopatagonico.com\/wp-content\/uploads\/2026\/05\/zsdf.jpg?fit=1024%2C576&ssl=1","jetpack_likes_enabled":true,"jetpack_sharing_enabled":true,"_links":{"self":[{"href":"https:\/\/gazzettinoitalianopatagonico.com\/index.php?rest_route=\/wp\/v2\/posts\/1000030847","targetHints":{"allow":["GET"]}}],"collection":[{"href":"https:\/\/gazzettinoitalianopatagonico.com\/index.php?rest_route=\/wp\/v2\/posts"}],"about":[{"href":"https:\/\/gazzettinoitalianopatagonico.com\/index.php?rest_route=\/wp\/v2\/types\/post"}],"author":[{"embeddable":true,"href":"https:\/\/gazzettinoitalianopatagonico.com\/index.php?rest_route=\/wp\/v2\/users\/1"}],"replies":[{"embeddable":true,"href":"https:\/\/gazzettinoitalianopatagonico.com\/index.php?rest_route=%2Fwp%2Fv2%2Fcomments&post=1000030847"}],"version-history":[{"count":1,"href":"https:\/\/gazzettinoitalianopatagonico.com\/index.php?rest_route=\/wp\/v2\/posts\/1000030847\/revisions"}],"predecessor-version":[{"id":1000030849,"href":"https:\/\/gazzettinoitalianopatagonico.com\/index.php?rest_route=\/wp\/v2\/posts\/1000030847\/revisions\/1000030849"}],"wp:featuredmedia":[{"embeddable":true,"href":"https:\/\/gazzettinoitalianopatagonico.com\/index.php?rest_route=\/wp\/v2\/media\/1000030848"}],"wp:attachment":[{"href":"https:\/\/gazzettinoitalianopatagonico.com\/index.php?rest_route=%2Fwp%2Fv2%2Fmedia&parent=1000030847"}],"wp:term":[{"taxonomy":"category","embeddable":true,"href":"https:\/\/gazzettinoitalianopatagonico.com\/index.php?rest_route=%2Fwp%2Fv2%2Fcategories&post=1000030847"},{"taxonomy":"post_tag","embeddable":true,"href":"https:\/\/gazzettinoitalianopatagonico.com\/index.php?rest_route=%2Fwp%2Fv2%2Ftags&post=1000030847"}],"curies":[{"name":"wp","href":"https:\/\/api.w.org\/{rel}","templated":true}]}}