{"id":1000030844,"date":"2026-05-01T09:19:32","date_gmt":"2026-05-01T12:19:32","guid":{"rendered":"https:\/\/gazzettinoitalianopatagonico.com\/?p=1000030844"},"modified":"2026-05-01T09:19:33","modified_gmt":"2026-05-01T12:19:33","slug":"calcio-dopo-35-anni-lostiamare-in-serie-c-festa-sul-pontile-per-daniele-de-rossi","status":"publish","type":"post","link":"https:\/\/gazzettinoitalianopatagonico.com\/?p=1000030844","title":{"rendered":"Calcio, dopo 35 anni l\u2019Ostiamare in serie C. Festa sul Pontile per Daniele De Rossi"},"content":{"rendered":"\n<p>Dopo 35 anni, la squadra dell\u2019Ostiamare torna in serie C. Un successo per il \u201cfiglio di Ostia\u201d, l\u2019ex calciatore della Roma e allenatore del Genoa Daniele De Rossi, che ha acquistato il club nel gennaio del 2025. Il club lidense ha conquistato la promozione in Serie C con una giornata di anticipo, chiudendo al primo posto il proprio girone di Serie D e completando una stagione di altissimo livello. Decisiva la vittoria contro il Termoli, un successo che, unito al passo falso delle dirette concorrenti come l\u2019Ancona, ha sancito matematicamente il salto di categoria.<\/p>\n\n\n\n<p>Grande la soddisfazione anche nelle parole dello stesso De Rossi, che visibilmente commosso, ha detto: \u201cOstia se lo merita\u201d.<\/p>\n\n\n\n<p>Ieri sera un centinaio di tifosi ha atteso l\u2019arrivo di De Rossi al Pontile di Ostia. Dopo la sconfitta interna del Genoa contro il Como, l\u2019allenatore rossobl\u00f9, infatti, \u00e8 volato subito a Roma per raggiungere il litorale e unirsi ai festeggiamenti per la promozione in Lega Pro della squadra di cui \u00e8 presidente. Cori, applausi e un ritornello tutto per lui: \u201cC\u2019\u00e8 solo un presidente\u201d, hanno accompagnato l\u2019arrivo dell\u2019ex capitano della Roma.<\/p>\n\n\n\n<p>Il successo \u00e8 stato accolto con entusiasmo anche dalle istituzioni: \u201cLa promozione dell\u2019Ostiamare in Serie C \u00e8 una grande notizia per Ostia e per tutta Roma. Un risultato importante, frutto del lavoro della squadra, dello staff e di un progetto che ha saputo crescere nel tempo, a partire dai pi\u00f9 giovani. Un ringraziamento speciale a Daniele De Rossi che ha investito cuore e anima in questo percorso, contribuendo a trasformare una situazione complessa in una storia di successo- ha detto il sindaco Roberto Gualtieri\u2013 \u00c8 un traguardo che arriva in un momento significativo per Ostia, al centro di un percorso di rilancio che stiamo portando avanti con determinazione, fondato su legalit\u00e0, qualit\u00e0 degli spazi e nuove opportunit\u00e0. Un cambio di passo che vuole restituire al mare di Roma il ruolo che merita e rafforzare il legame tra territorio, sport e comunit\u00e0. In questa direzione continueremo a seguire la crescita dell\u2019Ostiamare e a investire sul futuro di Ostia, perch\u00e9 successi come questo sono il segno concreto di una nuova stagione che riguarda tutto il territorio. Aspettiamo Daniele, la squadra e tutto il team tecnico in Campidoglio per celebrare questa storica promozione\u201d.<\/p>\n\n\n\n<p>\u201cLa promozione dell\u2019Ostiamare in Serie C \u00e8 la vittoria di un intero territorio, \u00e8 il sogno di Ostia che oggi festeggia un risultato incredibile- ha aggiunto Alessandro Onorato, Assessore ai Grandi Eventi, Sport, Turismo e Moda- Complimenti alla squadra e staff tecnico, ma soprattutto grazie a Daniele De Rossi che fin dal primo giorno ha creduto in questo progetto sociale e sportivo cos\u00ec bello che parte dai bambini piccoli, dalla scuola calcio, fino alla prima squadra. Ha ereditato una situazione complicata e, giorno dopo giorno, con l\u2019aiuto di una squadra di professionisti, ha realizzato un\u2019impresa. Solo De Rossi, figlio di Ostia, avrebbe potuto realizzare tutto ci\u00f2. E lo ringrazio non solo a nome dell\u2019Amministrazione e del Sindaco, ma anche a nome mio, che sono nato qui e che da piccolo ho giocato con l\u2019Ostiamare. Vi aspettiamo tutti in Campidoglio per festeggiare questo trionfo, sapendo che \u00e8 soltanto l\u2019inizio di un progetto ancora pi\u00f9 ambizioso che, con gli uffici di Roma Capitale, stiamo seguendo passo dopo passo. Per consentire alla societ\u00e0 di avere un impianto moderno, nuovo, che sia un fiore all\u2019occhiello in tutto il Paese\u201d.<\/p>\n\n\n\n<p>\u201cDesidero esprimere le mie pi\u00f9 sincere congratulazioni all\u2019Ostiamare, ai giocatori, allo staff tecnico e alla dirigenza per questo importante risultato sportivo. La promozione in Serie C \u00e8 un traguardo che premia impegno, sacrificio e visione, e che rende orgoglioso tutto il nostro territorio\u2013 ha sottolineato il mini sindaco di Ostia, Mario Falconi\u2013 Lo sport, soprattutto a questi livelli, rappresenta un presidio fondamentale per la crescita dei giovani e per la coesione sociale. Realt\u00e0 come l\u2019Ostiamare offrono ai ragazzi un\u2019occasione concreta di formazione, di aggregazione e di sviluppo personale, contribuendo a costruire una comunit\u00e0 pi\u00f9 forte e consapevole. Un riconoscimento particolare va a Daniele De Rossi, presidente della societ\u00e0 e figlio di Ostia, che con passione e senso di appartenenza sta contribuendo a valorizzare una realt\u00e0 sportiva storica del nostro territorio, portandola a raggiungere traguardi sempre pi\u00f9 ambiziosi. Come Municipio X intendiamo invitare ufficialmente la dirigenza e la squadra dell\u2019Ostiamare in Consiglio municipale per rendere omaggio a questo straordinario risultato e testimoniare la gratitudine dell\u2019intera comunit\u00e0. A tutti loro va il nostro grazie e il nostro sostegno per il futuro!\u201d.<\/p>\n\n\n\n<p>Amedeo Liris<\/p>\n","protected":false},"excerpt":{"rendered":"<p>Dopo 35 anni, la squadra dell\u2019Ostiamare torna in serie C. Un successo per il \u201cfiglio di Ostia\u201d, l\u2019ex calciatore della Roma e allenatore del Genoa Daniele De Rossi, che ha acquistato il club nel gennaio del 2025. Il club lidense ha conquistato la promozione in Serie C con una giornata di anticipo, chiudendo al primo [&hellip;]<\/p>\n","protected":false},"author":1,"featured_media":1000030845,"comment_status":"closed","ping_status":"open","sticky":false,"template":"","format":"standard","meta":{"content-type":"","_jetpack_memberships_contains_paid_content":false,"jnews-multi-image_gallery":[],"jnews_single_post":{"format":"standard"},"jnews_primary_category":[],"footnotes":"","jetpack_publicize_message":"","jetpack_publicize_feature_enabled":true,"jetpack_social_post_already_shared":true,"jetpack_social_options":{"image_generator_settings":{"template":"highway","default_image_id":0,"font":"","enabled":false},"version":2}},"categories":[169],"tags":[],"class_list":{"0":"post-1000030844","1":"post","2":"type-post","3":"status-publish","4":"format-standard","5":"has-post-thumbnail","7":"category-deportes"},"jetpack_publicize_connections":[],"jetpack_featured_media_url":"https:\/\/i0.wp.com\/gazzettinoitalianopatagonico.com\/wp-content\/uploads\/2026\/05\/zawref.jpg?fit=1024%2C576&ssl=1","jetpack_likes_enabled":true,"jetpack_sharing_enabled":true,"_links":{"self":[{"href":"https:\/\/gazzettinoitalianopatagonico.com\/index.php?rest_route=\/wp\/v2\/posts\/1000030844","targetHints":{"allow":["GET"]}}],"collection":[{"href":"https:\/\/gazzettinoitalianopatagonico.com\/index.php?rest_route=\/wp\/v2\/posts"}],"about":[{"href":"https:\/\/gazzettinoitalianopatagonico.com\/index.php?rest_route=\/wp\/v2\/types\/post"}],"author":[{"embeddable":true,"href":"https:\/\/gazzettinoitalianopatagonico.com\/index.php?rest_route=\/wp\/v2\/users\/1"}],"replies":[{"embeddable":true,"href":"https:\/\/gazzettinoitalianopatagonico.com\/index.php?rest_route=%2Fwp%2Fv2%2Fcomments&post=1000030844"}],"version-history":[{"count":1,"href":"https:\/\/gazzettinoitalianopatagonico.com\/index.php?rest_route=\/wp\/v2\/posts\/1000030844\/revisions"}],"predecessor-version":[{"id":1000030846,"href":"https:\/\/gazzettinoitalianopatagonico.com\/index.php?rest_route=\/wp\/v2\/posts\/1000030844\/revisions\/1000030846"}],"wp:featuredmedia":[{"embeddable":true,"href":"https:\/\/gazzettinoitalianopatagonico.com\/index.php?rest_route=\/wp\/v2\/media\/1000030845"}],"wp:attachment":[{"href":"https:\/\/gazzettinoitalianopatagonico.com\/index.php?rest_route=%2Fwp%2Fv2%2Fmedia&parent=1000030844"}],"wp:term":[{"taxonomy":"category","embeddable":true,"href":"https:\/\/gazzettinoitalianopatagonico.com\/index.php?rest_route=%2Fwp%2Fv2%2Fcategories&post=1000030844"},{"taxonomy":"post_tag","embeddable":true,"href":"https:\/\/gazzettinoitalianopatagonico.com\/index.php?rest_route=%2Fwp%2Fv2%2Ftags&post=1000030844"}],"curies":[{"name":"wp","href":"https:\/\/api.w.org\/{rel}","templated":true}]}}