{"id":1000030780,"date":"2026-05-01T08:37:19","date_gmt":"2026-05-01T11:37:19","guid":{"rendered":"https:\/\/gazzettinoitalianopatagonico.com\/?p=1000030780"},"modified":"2026-05-01T08:37:21","modified_gmt":"2026-05-01T11:37:21","slug":"onori-az-nessy-guerra-bloccata-in-egitto-il-governo-agisca-subito-per-riportarla-a-casa-con-sua-figlia","status":"publish","type":"post","link":"https:\/\/gazzettinoitalianopatagonico.com\/?p=1000030780","title":{"rendered":"Onori (Az), Nessy Guerra bloccata in Egitto, il governo agisca subito per riportarla a casa con sua figlia"},"content":{"rendered":"\n<p>\u00abUna cittadina italiana \u00e8 bloccata da tre anni con la figlia minore in Egitto, dove \u00e8 stata condannata per adulterio su denuncia dell&#8217;ex marito \u2013 a sua volta condannato in Italia per stalking e violenza sessuale \u2013 che ha ottenuto un divieto di espatrio per la bambina fino ai 21 anni. Una vicenda drammatica, che si aggrava di giorno in giorno e che non pu\u00f2 pi\u00f9 attendere risposte\u00bb. Lo dichiara la deputata di Azione Federica Onori, segretaria della Commissione Esteri.<\/p>\n\n\n\n<p>\u00abAbbiamo interrogato i Ministri competenti, Carlo Nordio e Antonio Tajani, per chiedere iniziative diplomatiche urgenti volte a garantire l&#8217;incolumit\u00e0 della donna e di sua figlia, e consentirne il rapido rientro in Italia. Gi\u00e0 nel 2024 la Farnesina aveva assicurato che stava lavorando ad una soluzione: \u00e8 necessario ora un impegno pi\u00f9 incisivo, all&#8217;altezza della gravit\u00e0 della situazione\u00bb, conclude Onori.<\/p>\n","protected":false},"excerpt":{"rendered":"<p>\u00abUna cittadina italiana \u00e8 bloccata da tre anni con la figlia minore in Egitto, dove \u00e8 stata condannata per adulterio su denuncia dell&#8217;ex marito \u2013 a sua volta condannato in Italia per stalking e violenza sessuale \u2013 che ha ottenuto un divieto di espatrio per la bambina fino ai 21 anni. Una vicenda drammatica, che [&hellip;]<\/p>\n","protected":false},"author":1,"featured_media":1000030781,"comment_status":"closed","ping_status":"open","sticky":false,"template":"","format":"standard","meta":{"content-type":"","_jetpack_memberships_contains_paid_content":false,"jnews-multi-image_gallery":[],"jnews_single_post":{"format":"standard"},"jnews_primary_category":[],"footnotes":"","jetpack_publicize_message":"","jetpack_publicize_feature_enabled":true,"jetpack_social_post_already_shared":true,"jetpack_social_options":{"image_generator_settings":{"template":"highway","default_image_id":0,"font":"","enabled":false},"version":2}},"categories":[46,32],"tags":[640],"class_list":{"0":"post-1000030780","1":"post","2":"type-post","3":"status-publish","4":"format-standard","5":"has-post-thumbnail","7":"category-italia","8":"category-politica","9":"tag-federica-onori"},"jetpack_publicize_connections":[],"jetpack_featured_media_url":"https:\/\/i0.wp.com\/gazzettinoitalianopatagonico.com\/wp-content\/uploads\/2026\/05\/onori.png?fit=720%2C390&ssl=1","jetpack_likes_enabled":true,"jetpack_sharing_enabled":true,"_links":{"self":[{"href":"https:\/\/gazzettinoitalianopatagonico.com\/index.php?rest_route=\/wp\/v2\/posts\/1000030780","targetHints":{"allow":["GET"]}}],"collection":[{"href":"https:\/\/gazzettinoitalianopatagonico.com\/index.php?rest_route=\/wp\/v2\/posts"}],"about":[{"href":"https:\/\/gazzettinoitalianopatagonico.com\/index.php?rest_route=\/wp\/v2\/types\/post"}],"author":[{"embeddable":true,"href":"https:\/\/gazzettinoitalianopatagonico.com\/index.php?rest_route=\/wp\/v2\/users\/1"}],"replies":[{"embeddable":true,"href":"https:\/\/gazzettinoitalianopatagonico.com\/index.php?rest_route=%2Fwp%2Fv2%2Fcomments&post=1000030780"}],"version-history":[{"count":1,"href":"https:\/\/gazzettinoitalianopatagonico.com\/index.php?rest_route=\/wp\/v2\/posts\/1000030780\/revisions"}],"predecessor-version":[{"id":1000030782,"href":"https:\/\/gazzettinoitalianopatagonico.com\/index.php?rest_route=\/wp\/v2\/posts\/1000030780\/revisions\/1000030782"}],"wp:featuredmedia":[{"embeddable":true,"href":"https:\/\/gazzettinoitalianopatagonico.com\/index.php?rest_route=\/wp\/v2\/media\/1000030781"}],"wp:attachment":[{"href":"https:\/\/gazzettinoitalianopatagonico.com\/index.php?rest_route=%2Fwp%2Fv2%2Fmedia&parent=1000030780"}],"wp:term":[{"taxonomy":"category","embeddable":true,"href":"https:\/\/gazzettinoitalianopatagonico.com\/index.php?rest_route=%2Fwp%2Fv2%2Fcategories&post=1000030780"},{"taxonomy":"post_tag","embeddable":true,"href":"https:\/\/gazzettinoitalianopatagonico.com\/index.php?rest_route=%2Fwp%2Fv2%2Ftags&post=1000030780"}],"curies":[{"name":"wp","href":"https:\/\/api.w.org\/{rel}","templated":true}]}}