{"id":1000030766,"date":"2026-04-29T18:42:21","date_gmt":"2026-04-29T21:42:21","guid":{"rendered":"https:\/\/gazzettinoitalianopatagonico.com\/?p=1000030766"},"modified":"2026-04-29T18:42:23","modified_gmt":"2026-04-29T21:42:23","slug":"cultura-coop-alleanza-3-0-lancia-il-premio-letterario-pane-e-parole","status":"publish","type":"post","link":"https:\/\/gazzettinoitalianopatagonico.com\/?p=1000030766","title":{"rendered":"Cultura, Coop Alleanza 3.0 lancia il premio letterario \u2018Pane e parole\u2019"},"content":{"rendered":"\n<p>Nasce il Premio letterario \u2018Pane e Parole\u2019 di Coop Alleanza 3.0, un\u2019iniziativa inedita dedicata alla saggistica e ai podcast che esplorano le dinamiche delle trasformazioni civili attraverso una lente storica, politica, economica o sociale, o che approfondiscono il rapporto tra scienza, societ\u00e0 e produzione alimentare. L\u2019annuncio, avvenuto oggi a Roma, segna un nuovo capitolo nell\u2019impegno storico della Cooperativa per la diffusione della conoscenza come strumento di elevazione civile.<\/p>\n\n\n\n<p>IL PREMIO: PERCH\u00c9 E PERCH\u00c9 ORA<\/p>\n\n\n\n<p>Uno degli assiomi della Cooperazione \u00e8 che pu\u00f2 vivere solo in democrazia, ed \u00e8 pertanto interessata alla sua salvaguardia, oltre che per una convinzione etica, anche per tutelare il suo stesso esistere e prosperare. Perci\u00f2, in un contesto geopolitico in cui il modello democratico liberale cede terreno a spinte autoritarie, in cui i valori fondanti della partecipazione sono messi in discussione, Coop Alleanza 3.0 sceglie di scendere in campo sul terreno della cultura. La ragione \u00e8 dichiarata: la pi\u00f9 grande cooperativa di consumo italiana vuole offrire ai propri soci e alla collettivit\u00e0 strumenti di analisi critica e di partecipazione civile consapevole. Il progetto affonda le sue radici nella tradizione mutualistica della cooperazione di consumo: cos\u00ec come essa ha storicamente garantito a tutti l\u2019accesso ai prodotti del progresso scientifico e alimentare, oggi \u2013 in quest\u2019epoca di sovraccarico mediatico \u2013 attraverso il Premio \u2018Pane e Parole\u2019, punta a educare a un consumo critico di quel bene immateriale che \u00e8 l\u2019informazione.<\/p>\n\n\n\n<p>UNICIT\u00c0 E INNOVAZIONE: TRE CATEGORIE PER L\u2019ITALIA<\/p>\n\n\n\n<p>Il Premio si distingue nel panorama nazionale come uno dei pochi, se non l\u2019unico, a essere caratterizzato da una simile impostazione tematica e dalla decisa apertura ai nuovi formati. Si articola in tre sezioni: saggistica storica, politica, economica o sociale; saggistica sul rapporto tra scienza, societ\u00e0 e produzione alimentare; e una sezione dedicata ai podcast, che potranno vertere su entrambi gli argomenti sopra riportati. Proprio l\u2019inclusione dei podcast rappresenta una novit\u00e0 assoluta nel panorama dei premi letterari, una novit\u00e0 che riconosce a questo linguaggio la capacit\u00e0 di coinvolgere il pubblico in nuove esperienze di ascolto e conoscenza.<\/p>\n\n\n\n<p>COMITATO SCIENTIFICO E GIURIA COOPERATIVA<\/p>\n\n\n\n<p>A garanzia dell\u2019alto profilo dell\u2019iniziativa, la presidenza \u00e8 affidata ad Anna Finocchiaro. Oltre a lei, il Comitato scientifico riunisce personalit\u00e0 di chiara fama provenienti dalla politica, dall\u2019accademia, dal giornalismo e dalla scienza, con un profilo plurale che rispecchia le diverse anime democratiche del Paese. Sono Giampiero dalla Zuanna, Antonio Funiciello, Michele Morgante, Massimiliano Panarari, Antonio Pascale, Flavia Piccoli Nardelli e Andrea Zannini. Il Comitato selezioner\u00e0 tre finalisti per categoria, ma la scelta dei vincitori spetter\u00e0 a una giuria composta da soci e dipendenti di Coop Alleanza 3.0 e Librerie.coop. Questo meccanismo trasforma il premio in un atto concreto di democrazia partecipata, coerente con il principio cooperativo dell\u2019attenzione alla comunit\u00e0.<\/p>\n\n\n\n<p>IL PERCORSO DEL PREMIO<\/p>\n\n\n\n<p>L\u2019iter del Premio letterario \u2018Pane e Parole\u2019 di Coop Alleanza 3.0 si sviluppa attraverso un calendario ben definito. Entro maggio avverr\u00e0 l\u2019individuazione dei saggi e dei podcast finalisti da parte del Comitato scientifico, mentre durante l\u2019estate viene concesso a tutti gli interessati un tempo congruo per la lettura e l\u2019ascolto delle opere, accompagnato da attivit\u00e0 di comunicazione dedicate. Tra la fine dell\u2019estate e l\u2019autunno si chiuderanno le votazioni dei soci per decretare i vincitori, la cui proclamazione culminer\u00e0 nella cerimonia ufficiale di premiazione prevista per la fine di ottobre.<\/p>\n\n\n\n<p>TROMBONE: \u201cINVESTIRE IN CULTURA OFFRE SEMPRE UN SALDO POSITIVO\u201d<\/p>\n\n\n\n<p>Secondo Domenico Trombone, presidente di Coop Alleanza 3.0, \u201cl\u2019attenzione alla comunit\u00e0 \u00e8 uno dei sette principi cardine della cooperazione mondiale. Il lancio di questo premio risponde alla nostra missione di partner attivo della vita intellettuale. La diffusione della conoscenza non \u00e8 solo uno strumento di elevazione individuale, ma un fattore di competitivit\u00e0 economica per il territorio. Investire in cultura offre sempre un saldo positivo: \u00e8 l\u2019investimento pi\u00f9 efficace per diffondere i valori della democrazia liberale come habitat naturale dello sviluppo umano\u201d.<\/p>\n\n\n\n<p>Anna Finocchiaro, presidente del comitato scientifico del Premio, ha dichiarato: \u201cAbbiamo avviato questo premio per rispondere a due esigenze connesse tra loro: offrire ai soci una selezione qualificata di testi e podcast, utili a comprendere i cambiamenti che stanno trasformando il nostro modo di produrre, consumare e relazionarci; e al tempo stesso promuovere una partecipazione civile pi\u00f9 consapevole. La scelta ricadr\u00e0 su testi accessibili e dai contenuti rigorosi sul piano scientifico, con l\u2019obiettivo di fornire strumenti concreti per interpretare il presente e guardare al futuro con spirito critico\u201d.<\/p>\n\n\n\n<p>Nicoletta Di Placido<\/p>\n","protected":false},"excerpt":{"rendered":"<p>Nasce il Premio letterario \u2018Pane e Parole\u2019 di Coop Alleanza 3.0, un\u2019iniziativa inedita dedicata alla saggistica e ai podcast che esplorano le dinamiche delle trasformazioni civili attraverso una lente storica, politica, economica o sociale, o che approfondiscono il rapporto tra scienza, societ\u00e0 e produzione alimentare. L\u2019annuncio, avvenuto oggi a Roma, segna un nuovo capitolo nell\u2019impegno [&hellip;]<\/p>\n","protected":false},"author":1,"featured_media":1000030767,"comment_status":"closed","ping_status":"open","sticky":false,"template":"","format":"standard","meta":{"content-type":"","_jetpack_memberships_contains_paid_content":false,"jnews-multi-image_gallery":[],"jnews_single_post":{"format":"standard"},"jnews_primary_category":[],"footnotes":"","jetpack_publicize_message":"","jetpack_publicize_feature_enabled":true,"jetpack_social_post_already_shared":true,"jetpack_social_options":{"image_generator_settings":{"template":"highway","default_image_id":0,"font":"","enabled":false},"version":2}},"categories":[9],"tags":[241],"class_list":{"0":"post-1000030766","1":"post","2":"type-post","3":"status-publish","4":"format-standard","5":"has-post-thumbnail","7":"category-cultura","8":"tag-cultura"},"jetpack_publicize_connections":[],"jetpack_featured_media_url":"https:\/\/i0.wp.com\/gazzettinoitalianopatagonico.com\/wp-content\/uploads\/2026\/04\/zsf-1.jpg?fit=1024%2C768&ssl=1","jetpack_likes_enabled":true,"jetpack_sharing_enabled":true,"_links":{"self":[{"href":"https:\/\/gazzettinoitalianopatagonico.com\/index.php?rest_route=\/wp\/v2\/posts\/1000030766","targetHints":{"allow":["GET"]}}],"collection":[{"href":"https:\/\/gazzettinoitalianopatagonico.com\/index.php?rest_route=\/wp\/v2\/posts"}],"about":[{"href":"https:\/\/gazzettinoitalianopatagonico.com\/index.php?rest_route=\/wp\/v2\/types\/post"}],"author":[{"embeddable":true,"href":"https:\/\/gazzettinoitalianopatagonico.com\/index.php?rest_route=\/wp\/v2\/users\/1"}],"replies":[{"embeddable":true,"href":"https:\/\/gazzettinoitalianopatagonico.com\/index.php?rest_route=%2Fwp%2Fv2%2Fcomments&post=1000030766"}],"version-history":[{"count":1,"href":"https:\/\/gazzettinoitalianopatagonico.com\/index.php?rest_route=\/wp\/v2\/posts\/1000030766\/revisions"}],"predecessor-version":[{"id":1000030768,"href":"https:\/\/gazzettinoitalianopatagonico.com\/index.php?rest_route=\/wp\/v2\/posts\/1000030766\/revisions\/1000030768"}],"wp:featuredmedia":[{"embeddable":true,"href":"https:\/\/gazzettinoitalianopatagonico.com\/index.php?rest_route=\/wp\/v2\/media\/1000030767"}],"wp:attachment":[{"href":"https:\/\/gazzettinoitalianopatagonico.com\/index.php?rest_route=%2Fwp%2Fv2%2Fmedia&parent=1000030766"}],"wp:term":[{"taxonomy":"category","embeddable":true,"href":"https:\/\/gazzettinoitalianopatagonico.com\/index.php?rest_route=%2Fwp%2Fv2%2Fcategories&post=1000030766"},{"taxonomy":"post_tag","embeddable":true,"href":"https:\/\/gazzettinoitalianopatagonico.com\/index.php?rest_route=%2Fwp%2Fv2%2Ftags&post=1000030766"}],"curies":[{"name":"wp","href":"https:\/\/api.w.org\/{rel}","templated":true}]}}