{"id":1000030728,"date":"2026-04-27T06:58:25","date_gmt":"2026-04-27T09:58:25","guid":{"rendered":"https:\/\/gazzettinoitalianopatagonico.com\/?p=1000030728"},"modified":"2026-04-27T06:58:28","modified_gmt":"2026-04-27T09:58:28","slug":"patto-di-stabilita-meloni-allentare-i-vincoli-su-alcuni-settori-merz-cerchiamo-di-avvicinare-le-posizioni","status":"publish","type":"post","link":"https:\/\/gazzettinoitalianopatagonico.com\/?p=1000030728","title":{"rendered":"Patto di stabilit\u00e0, Meloni: \u201cAllentare i vincoli su alcuni settori. Merz? Cerchiamo di avvicinare le posizioni\u201d"},"content":{"rendered":"\n<p>\u201cQuando si parla di allentamento delle regole sugli aiuti di Stato, penso che questo possa essere sensato. Ovviamente le due questioni che ho posto sono: quali sono i settori che vengono coinvolti\u201d perch\u00e9 \u201csu questo noi abbiamo degli interessi che vanno considerati, citavo ieri l\u2019elemento degli autotrasportatori ad esempio\u201d. Poi c\u2019\u00e8 \u201cla questione della capacit\u00e0 fiscale che non \u00e8 uguale nei diversi Stati membri. Se non si parte dall\u2019allentamento dei vincoli per questi, almeno per questi settori, ovviamente si parla di una misura che \u00e8 buona per alcuni e non \u00e8 buona per altri\u201d. Cos\u00ec la presidente del Consiglio, Giorgia Meloni, a margine del Consiglio europeo informale a Nicosia. Ora, prosegue la premier, \u201cdi tutto abbiamo bisogno fuorch\u00e9 di creare in questo momento ulteriori disparit\u00e0 all\u2019interno degli Stati membri. Non sono la sola che chiede queste misure. C\u2019\u00e8 un dibattito, ci sono anche paesi che non sono d\u2019accordo, ma sicuramente ho trovato consapevolezza della situazione, che \u00e8 una situazione seria, che dobbiamo saper affrontare. Tutti capiscono che in ogni caso, quando il problema impatta anche su alcuni Stati membri solamente, alla fine, siccome le nostre economie sono interconnesse, arriva anche dagli altri\u201d, aggiunge.<\/p>\n\n\n\n<p>PATTO STABILIT\u00c0, MELONI: MERZ? CERCHIAMO DI AVVICINARE POSIZIONI<\/p>\n\n\n\n<p>La posizione della Germania rispetto al Patto di stabilit\u00e0 \u201c\u00e8 nota\u201d ma \u201csicuramente anche i tedeschi si rendono conto di quanto sia difficile la situazione che si sta affrontando. Io non penso di dover riferire alla stampa italiana quali sono le preoccupazioni del cancelliere tedesco. C\u2019\u00e8 sicuramente la volont\u00e0 di venirsi incontro, cio\u00e8 di trovare delle soluzioni che possano andare bene per tutti\u201d, ha spiegato la presidente del Consiglio.<\/p>\n\n\n\n<p>Emanuele Nuccitelli<\/p>\n","protected":false},"excerpt":{"rendered":"<p>\u201cQuando si parla di allentamento delle regole sugli aiuti di Stato, penso che questo possa essere sensato. Ovviamente le due questioni che ho posto sono: quali sono i settori che vengono coinvolti\u201d perch\u00e9 \u201csu questo noi abbiamo degli interessi che vanno considerati, citavo ieri l\u2019elemento degli autotrasportatori ad esempio\u201d. Poi c\u2019\u00e8 \u201cla questione della capacit\u00e0 [&hellip;]<\/p>\n","protected":false},"author":1,"featured_media":1000030729,"comment_status":"closed","ping_status":"open","sticky":false,"template":"","format":"standard","meta":{"content-type":"","_jetpack_memberships_contains_paid_content":false,"jnews-multi-image_gallery":[],"jnews_single_post":{"format":"standard"},"jnews_primary_category":[],"footnotes":"","jetpack_publicize_message":"","jetpack_publicize_feature_enabled":true,"jetpack_social_post_already_shared":true,"jetpack_social_options":{"image_generator_settings":{"template":"highway","default_image_id":0,"font":"","enabled":false},"version":2}},"categories":[46,32],"tags":[],"class_list":{"0":"post-1000030728","1":"post","2":"type-post","3":"status-publish","4":"format-standard","5":"has-post-thumbnail","7":"category-italia","8":"category-politica"},"jetpack_publicize_connections":[],"jetpack_featured_media_url":"https:\/\/i0.wp.com\/gazzettinoitalianopatagonico.com\/wp-content\/uploads\/2026\/04\/zdfg-2.jpg?fit=799%2C480&ssl=1","jetpack_likes_enabled":true,"jetpack_sharing_enabled":true,"_links":{"self":[{"href":"https:\/\/gazzettinoitalianopatagonico.com\/index.php?rest_route=\/wp\/v2\/posts\/1000030728","targetHints":{"allow":["GET"]}}],"collection":[{"href":"https:\/\/gazzettinoitalianopatagonico.com\/index.php?rest_route=\/wp\/v2\/posts"}],"about":[{"href":"https:\/\/gazzettinoitalianopatagonico.com\/index.php?rest_route=\/wp\/v2\/types\/post"}],"author":[{"embeddable":true,"href":"https:\/\/gazzettinoitalianopatagonico.com\/index.php?rest_route=\/wp\/v2\/users\/1"}],"replies":[{"embeddable":true,"href":"https:\/\/gazzettinoitalianopatagonico.com\/index.php?rest_route=%2Fwp%2Fv2%2Fcomments&post=1000030728"}],"version-history":[{"count":1,"href":"https:\/\/gazzettinoitalianopatagonico.com\/index.php?rest_route=\/wp\/v2\/posts\/1000030728\/revisions"}],"predecessor-version":[{"id":1000030730,"href":"https:\/\/gazzettinoitalianopatagonico.com\/index.php?rest_route=\/wp\/v2\/posts\/1000030728\/revisions\/1000030730"}],"wp:featuredmedia":[{"embeddable":true,"href":"https:\/\/gazzettinoitalianopatagonico.com\/index.php?rest_route=\/wp\/v2\/media\/1000030729"}],"wp:attachment":[{"href":"https:\/\/gazzettinoitalianopatagonico.com\/index.php?rest_route=%2Fwp%2Fv2%2Fmedia&parent=1000030728"}],"wp:term":[{"taxonomy":"category","embeddable":true,"href":"https:\/\/gazzettinoitalianopatagonico.com\/index.php?rest_route=%2Fwp%2Fv2%2Fcategories&post=1000030728"},{"taxonomy":"post_tag","embeddable":true,"href":"https:\/\/gazzettinoitalianopatagonico.com\/index.php?rest_route=%2Fwp%2Fv2%2Ftags&post=1000030728"}],"curies":[{"name":"wp","href":"https:\/\/api.w.org\/{rel}","templated":true}]}}