{"id":1000030720,"date":"2026-04-27T06:56:41","date_gmt":"2026-04-27T09:56:41","guid":{"rendered":"https:\/\/gazzettinoitalianopatagonico.com\/?p=1000030720"},"modified":"2026-04-27T06:56:43","modified_gmt":"2026-04-27T09:56:43","slug":"disabilita-dal-bus-alla-valigia-dei-ricordi-a-exposanita-si-viaggia-nella-memoria","status":"publish","type":"post","link":"https:\/\/gazzettinoitalianopatagonico.com\/?p=1000030720","title":{"rendered":"Disabilit\u00e0, dal bus alla valigia dei ricordi. A Exposanit\u00e0 si viaggia nella memoria"},"content":{"rendered":"\n<p>Viaggiare nei ricordi, nutrire con cura, superare le barriere, progettare autonomia, stimolare i sensi, reinventare il proprio presente e disegnare il futuro. E\u2019 con queste parole chiave che si \u00e8 parlato di disabilit\u00e0, nelle sue molteplici sfaccettature, all\u2019interno dell\u2019edizione 2026 di Exposanit\u00e0, l\u2019evento dedicato al mondo sanitario e socio-sanitario che si conclude oggi a Bologna. Associazioni, aziende, istituzioni, operatori del settore, tecnici, scuole e famiglie si sono incontrati lungo i corridoi e nei padiglioni della fiera per condividere una visione comune orientata al benessere e al futuro.<\/p>\n\n\n\n<p>INNOVAZIONI TECNOLOGICHE PER FACILITARE LA VITA DELLE PERSONE<\/p>\n\n\n\n<p>\u2018Planning solutions\u2019 \u00e8 il claim scelto per questa edizione della manifestazione e nei cinque saloni tematici (Hospital, Diagnostica, Terza Et\u00e0, Sanit\u00e0 Digitale e Horus), ogni innovazione tecnologica proposta \u00e8 stata pensata proprio per facilitare la vita delle persone e garantirne il diritto alla cura e all\u2019assistenza. E se innovazione non vuol dire solo dispositivi medici tech ma anche cura della persona e delle sue necessit\u00e0 a 360 gradi c\u2019\u00e8 chi, come Io Sano con il progetto \u2018Ristosano Home\u2019, ha presentato soluzioni clinico nutrizionali per la disfagia facendo provare ai visitatori prodotti diversi nelle consistenze, nutrienti, vari e gustosi, pensati per far ritrovare anche a chi soffre di disfagia la tranquillit\u00e0 e il piacere di poter mangiare a casa propria, preservando e valorizzando la memoria alimentare di ciascuno. Cos\u00ec, Generali Arredamenti, allestendo nel proprio stand un autobus di linea e una fermata con pensilina, ha voluto far conoscere la \u2018terapia del viaggio\u2019, un approccio non farmacologico che aiuta a gestire i disturbi comportamentali nelle persone con demenza stimolando al contempo l\u2019area cognitiva ed emotiva. Il viaggio si svolge in un ambiente strutturato che riproduce un ambiente reale conosciuto dal paziente per far in modo che la simulazione di una realt\u00e0 familiare risvegli ricordi ed emozioni legati al passato. Un principio, quello della stimolazione dei ricordi, che si ritrova anche in \u2018Memora\u2019, la \u2018valigia dei ricordi\u2019 sviluppata da Senova per la stimolazione cognitiva e la reminiscenza in persone con demenza: in un device, che simula una valigia, vengono raccolti biografia e storia di vita di una persona, insieme a degli oggetti \u2018mediatori\u2019 che vengono attivati attraverso il device e mostrano video, canzoni, fotografie fortemente legati alle emozioni e alla vita della persona stessa.<\/p>\n\n\n\n<figure class=\"wp-block-image size-full\"><img data-recalc-dims=\"1\" fetchpriority=\"high\" decoding=\"async\" width=\"1024\" height=\"768\" data-attachment-id=\"1000030721\" data-permalink=\"https:\/\/gazzettinoitalianopatagonico.com\/?attachment_id=1000030721\" data-orig-file=\"https:\/\/i0.wp.com\/gazzettinoitalianopatagonico.com\/wp-content\/uploads\/2026\/04\/zxc-1.jpg?fit=1024%2C768&amp;ssl=1\" data-orig-size=\"1024,768\" data-comments-opened=\"0\" data-image-meta=\"{&quot;aperture&quot;:&quot;0&quot;,&quot;credit&quot;:&quot;&quot;,&quot;camera&quot;:&quot;&quot;,&quot;caption&quot;:&quot;&quot;,&quot;created_timestamp&quot;:&quot;0&quot;,&quot;copyright&quot;:&quot;&quot;,&quot;focal_length&quot;:&quot;0&quot;,&quot;iso&quot;:&quot;0&quot;,&quot;shutter_speed&quot;:&quot;0&quot;,&quot;title&quot;:&quot;&quot;,&quot;orientation&quot;:&quot;0&quot;}\" data-image-title=\"zxc\" data-image-description=\"\" data-image-caption=\"\" data-medium-file=\"https:\/\/i0.wp.com\/gazzettinoitalianopatagonico.com\/wp-content\/uploads\/2026\/04\/zxc-1.jpg?fit=300%2C225&amp;ssl=1\" data-large-file=\"https:\/\/i0.wp.com\/gazzettinoitalianopatagonico.com\/wp-content\/uploads\/2026\/04\/zxc-1.jpg?fit=1024%2C768&amp;ssl=1\" src=\"https:\/\/i0.wp.com\/gazzettinoitalianopatagonico.com\/wp-content\/uploads\/2026\/04\/zxc-1.jpg?resize=1024%2C768&#038;ssl=1\" alt=\"\" class=\"wp-image-1000030721\" srcset=\"https:\/\/i0.wp.com\/gazzettinoitalianopatagonico.com\/wp-content\/uploads\/2026\/04\/zxc-1.jpg?w=1024&amp;ssl=1 1024w, https:\/\/i0.wp.com\/gazzettinoitalianopatagonico.com\/wp-content\/uploads\/2026\/04\/zxc-1.jpg?resize=300%2C225&amp;ssl=1 300w, https:\/\/i0.wp.com\/gazzettinoitalianopatagonico.com\/wp-content\/uploads\/2026\/04\/zxc-1.jpg?resize=768%2C576&amp;ssl=1 768w, https:\/\/i0.wp.com\/gazzettinoitalianopatagonico.com\/wp-content\/uploads\/2026\/04\/zxc-1.jpg?resize=700%2C525&amp;ssl=1 700w, https:\/\/i0.wp.com\/gazzettinoitalianopatagonico.com\/wp-content\/uploads\/2026\/04\/zxc-1.jpg?resize=750%2C563&amp;ssl=1 750w\" sizes=\"(max-width: 1000px) 100vw, 1000px\" \/><\/figure>\n\n\n\n<p>IL PADIGLIONE DEDICATO ALLA DISABILIT\u00c0<\/p>\n\n\n\n<p>In tema di vita attiva e autonomia, all\u2019interno del padiglione dedicato alla disabilit\u00e0, una menzione speciale merita Living Lab, \u2018Autonomia per la casa\u2019, un\u2019area dove sono stati ricreati spazi come la cucina con arredi e tecnologie accessibili, fruibili e sicuri. Questa iniziativa di Exposanit\u00e0 2026 si colloca tra quelle di maggior interesse per la sua natura sperimentale: con il supporto di terapisti occupazionali, la cucina, cuore della vita domestica dove per\u00f2 insistono anche rischi e ostacoli, in particolare per le persone che vivono una condizione di fragilit\u00e0, diventa un vero e proprio laboratorio finalizzato alla creazione di un ambiente progettato in modo accessibile e funzionale, tale da favorire una vita autonoma, ma allo stesso tempo sicura. Alla sperimentazione hanno potuto accedere persone con diverse fragilit\u00e0 e partecipare attivamente, sotto la guida di terapisti esperti, ai vari laboratori proposti.<\/p>\n\n\n\n<figure class=\"wp-block-image size-full\"><img data-recalc-dims=\"1\" decoding=\"async\" width=\"1024\" height=\"768\" data-attachment-id=\"1000030722\" data-permalink=\"https:\/\/gazzettinoitalianopatagonico.com\/?attachment_id=1000030722\" data-orig-file=\"https:\/\/i0.wp.com\/gazzettinoitalianopatagonico.com\/wp-content\/uploads\/2026\/04\/zcgi.jpg?fit=1024%2C768&amp;ssl=1\" data-orig-size=\"1024,768\" data-comments-opened=\"0\" data-image-meta=\"{&quot;aperture&quot;:&quot;0&quot;,&quot;credit&quot;:&quot;&quot;,&quot;camera&quot;:&quot;&quot;,&quot;caption&quot;:&quot;&quot;,&quot;created_timestamp&quot;:&quot;0&quot;,&quot;copyright&quot;:&quot;&quot;,&quot;focal_length&quot;:&quot;0&quot;,&quot;iso&quot;:&quot;0&quot;,&quot;shutter_speed&quot;:&quot;0&quot;,&quot;title&quot;:&quot;&quot;,&quot;orientation&quot;:&quot;0&quot;}\" data-image-title=\"zcgi\" data-image-description=\"\" data-image-caption=\"\" data-medium-file=\"https:\/\/i0.wp.com\/gazzettinoitalianopatagonico.com\/wp-content\/uploads\/2026\/04\/zcgi.jpg?fit=300%2C225&amp;ssl=1\" data-large-file=\"https:\/\/i0.wp.com\/gazzettinoitalianopatagonico.com\/wp-content\/uploads\/2026\/04\/zcgi.jpg?fit=1024%2C768&amp;ssl=1\" src=\"https:\/\/i0.wp.com\/gazzettinoitalianopatagonico.com\/wp-content\/uploads\/2026\/04\/zcgi.jpg?resize=1024%2C768&#038;ssl=1\" alt=\"\" class=\"wp-image-1000030722\" srcset=\"https:\/\/i0.wp.com\/gazzettinoitalianopatagonico.com\/wp-content\/uploads\/2026\/04\/zcgi.jpg?w=1024&amp;ssl=1 1024w, https:\/\/i0.wp.com\/gazzettinoitalianopatagonico.com\/wp-content\/uploads\/2026\/04\/zcgi.jpg?resize=300%2C225&amp;ssl=1 300w, https:\/\/i0.wp.com\/gazzettinoitalianopatagonico.com\/wp-content\/uploads\/2026\/04\/zcgi.jpg?resize=768%2C576&amp;ssl=1 768w, https:\/\/i0.wp.com\/gazzettinoitalianopatagonico.com\/wp-content\/uploads\/2026\/04\/zcgi.jpg?resize=700%2C525&amp;ssl=1 700w, https:\/\/i0.wp.com\/gazzettinoitalianopatagonico.com\/wp-content\/uploads\/2026\/04\/zcgi.jpg?resize=750%2C563&amp;ssl=1 750w\" sizes=\"(max-width: 1000px) 100vw, 1000px\" \/><\/figure>\n\n\n\n<p>200 CONVEGNI E WORKSHOP, 16 INIZIATIVE SPECIALI, 5 SALONI TEMATICI E 450 AZIENDE PARTECIPANTI<\/p>\n\n\n\n<p>Al termine di Exposanit\u00e0 2026, il progetto proseguir\u00e0, trasformandosi in un ambiente abitativo reale: Exposanit\u00e0, in collaborazione con Veneta Cucine, Aias Bologna e la Consulta Handicap di Bologna, ha infatti avviato un percorso etico e sostenibile e la cucina verr\u00e0 donata a un\u2019associazione che, con un progetto dedicato, la utilizzer\u00e0 per sostenere concretamente l\u2019autonomia quotidiana di persone con fragilit\u00e0. Oltre 200 convegni e workshop, 16 iniziative speciali, 5 saloni tematici e 450 aziende partecipanti sono alcuni dei numeri che hanno caratterizzato i tre giorni della fiera. Poi tante domande e pi\u00f9 di 600 persone che si sono fermate nello spazio del contact center SuperAbile Inail, allestito nel padiglione Horus, per avere delucidazioni sulla riforma della disabilit\u00e0; chiedere informazioni sui percorsi di accesso agli ausili; avere delucidazioni sulle modalit\u00e0 da seguire per il riconoscimento della malattia professionale; conoscere le opportunit\u00e0 in tema di collocamento, reinserimento professionale o contributi economici. Famiglie, scuole, operatori del settore, tantissime storie e persone diverse si sono interfacciate con il personale di SuperAbile Inail, presente allo stand, ricevendo risposte puntuali e mirate alle proprie necessit\u00e0 o suggerimenti su come poter approfondire le tematiche esposte.<\/p>\n\n\n\n<p>Marco Pausini<\/p>\n","protected":false},"excerpt":{"rendered":"<p>Viaggiare nei ricordi, nutrire con cura, superare le barriere, progettare autonomia, stimolare i sensi, reinventare il proprio presente e disegnare il futuro. E\u2019 con queste parole chiave che si \u00e8 parlato di disabilit\u00e0, nelle sue molteplici sfaccettature, all\u2019interno dell\u2019edizione 2026 di Exposanit\u00e0, l\u2019evento dedicato al mondo sanitario e socio-sanitario che si conclude oggi a Bologna. [&hellip;]<\/p>\n","protected":false},"author":1,"featured_media":1000030722,"comment_status":"closed","ping_status":"open","sticky":false,"template":"","format":"standard","meta":{"content-type":"","_jetpack_memberships_contains_paid_content":false,"jnews-multi-image_gallery":[],"jnews_single_post":{"format":"standard"},"jnews_primary_category":[],"footnotes":"","jetpack_publicize_message":"","jetpack_publicize_feature_enabled":true,"jetpack_social_post_already_shared":true,"jetpack_social_options":{"image_generator_settings":{"template":"highway","default_image_id":0,"font":"","enabled":false},"version":2}},"categories":[43],"tags":[],"class_list":{"0":"post-1000030720","1":"post","2":"type-post","3":"status-publish","4":"format-standard","5":"has-post-thumbnail","7":"category-salud"},"jetpack_publicize_connections":[],"jetpack_featured_media_url":"https:\/\/i0.wp.com\/gazzettinoitalianopatagonico.com\/wp-content\/uploads\/2026\/04\/zcgi.jpg?fit=1024%2C768&ssl=1","jetpack_likes_enabled":true,"jetpack_sharing_enabled":true,"_links":{"self":[{"href":"https:\/\/gazzettinoitalianopatagonico.com\/index.php?rest_route=\/wp\/v2\/posts\/1000030720","targetHints":{"allow":["GET"]}}],"collection":[{"href":"https:\/\/gazzettinoitalianopatagonico.com\/index.php?rest_route=\/wp\/v2\/posts"}],"about":[{"href":"https:\/\/gazzettinoitalianopatagonico.com\/index.php?rest_route=\/wp\/v2\/types\/post"}],"author":[{"embeddable":true,"href":"https:\/\/gazzettinoitalianopatagonico.com\/index.php?rest_route=\/wp\/v2\/users\/1"}],"replies":[{"embeddable":true,"href":"https:\/\/gazzettinoitalianopatagonico.com\/index.php?rest_route=%2Fwp%2Fv2%2Fcomments&post=1000030720"}],"version-history":[{"count":1,"href":"https:\/\/gazzettinoitalianopatagonico.com\/index.php?rest_route=\/wp\/v2\/posts\/1000030720\/revisions"}],"predecessor-version":[{"id":1000030723,"href":"https:\/\/gazzettinoitalianopatagonico.com\/index.php?rest_route=\/wp\/v2\/posts\/1000030720\/revisions\/1000030723"}],"wp:featuredmedia":[{"embeddable":true,"href":"https:\/\/gazzettinoitalianopatagonico.com\/index.php?rest_route=\/wp\/v2\/media\/1000030722"}],"wp:attachment":[{"href":"https:\/\/gazzettinoitalianopatagonico.com\/index.php?rest_route=%2Fwp%2Fv2%2Fmedia&parent=1000030720"}],"wp:term":[{"taxonomy":"category","embeddable":true,"href":"https:\/\/gazzettinoitalianopatagonico.com\/index.php?rest_route=%2Fwp%2Fv2%2Fcategories&post=1000030720"},{"taxonomy":"post_tag","embeddable":true,"href":"https:\/\/gazzettinoitalianopatagonico.com\/index.php?rest_route=%2Fwp%2Fv2%2Ftags&post=1000030720"}],"curies":[{"name":"wp","href":"https:\/\/api.w.org\/{rel}","templated":true}]}}