{"id":1000030714,"date":"2026-04-27T06:54:00","date_gmt":"2026-04-27T09:54:00","guid":{"rendered":"https:\/\/gazzettinoitalianopatagonico.com\/?p=1000030714"},"modified":"2026-04-27T06:54:02","modified_gmt":"2026-04-27T09:54:02","slug":"lannuncio-di-macron-lascio-la-politica","status":"publish","type":"post","link":"https:\/\/gazzettinoitalianopatagonico.com\/?p=1000030714","title":{"rendered":"L\u2019annuncio di Macron: \u201cLascio la politica\u201d"},"content":{"rendered":"\n<p>Ve lo ricordate quando, sulle note dell\u2019Inno alla Gioia, era il 2017, camminava sotto l\u2019arco di Trionfo elogiato da tutti i media del mondo, soprattutto italiani? Ne \u00e8 passata di acqua sotto i ponti, e dell\u2019Emmanuel Macron visto come il salvatore dell\u2019Europa \u00e8 rimasta solo l\u2019ombra. O forse nemmeno quella. Il presidente francese, alla fine del suo secondo mandato, non continuer\u00e0 a fare politica. Tanti saluti e grazie. \u201cNon ho fatto politica prima, non ne far\u00f2 dopo\u201d, ha confessato ad alcuni studenti franco-ciprioti. \u201cQuello che dopo 9 anni \u00e8 pi\u00f9 difficile \u2013 ha sottolineato \u2013 \u00e8 che bisogna tenersi stretto quello che hai fatto bene e provare ad andare oltre, ma bisogna talvolta riprendere cose che hai fatto male\u201d.&nbsp;&nbsp;L\u2019inquilino dell\u2019Eliseo si trova a Nicosia per partecipare al vertice informale dei leader Ue. In un video, postato sull\u2019account X dell\u2019Eliseo, Macron viene interrogato sui motivi per cui ha voluto diventare presidente e lui risponde che \u201cnon era tanto un progetto di carriera\u201d. \u201cHo sempre amato il mio paese e mi sono sempre interessato alla vita del mio paese \u2013 ha detto Macron \u2013 ma questo non \u00e8 qualcosa che fa di te un presidente. Avevo voglia che le mie idee potessero realizzarsi. Mi sono detto \u2018si possono cambiare le cose pi\u00f9 forte e pi\u00f9 velocemente\u2019, cos\u00ec ho lanciato un movimento politico e poi sono andato alla presidenza. Ma era, ed \u00e8 tuttora, per fare cose che credo non soltanto utili. Significa battermi affinch\u00e9 il mio paese e la nostra Europa progrediscano, e difendere dei valori ai quali credo. Quindi, si tratta di una storia di passione\u201d. Per\u00f2 il suo percorso finisce qui. O meglio: definir\u00e0 alla conclusione del suo mandato. \u201cHo consigliato altri presidenti e sono stato anche ministro, e poi mi sono detto che si potevano cambiare le cose pi\u00f9 energicamente, pi\u00f9 velocemente\u201d diventando leader della Francia. Diventare presidente, ha aggiunto, era il modo migliore \u201cper battersi perch\u00e9 il mio Paese e la nostra Europa avanzassero e difendessero i valori nei quali credo\u201d. Ma la domanda vera \u00e8: quale eredit\u00e0 lascia, Emmanuel? Del suo mandato si ricorderanno molto le proteste dei gilet gialli, le difficolt\u00e0 economiche della Francia, le proteste sulle pensioni, ma anche e soprattutto gli insuccessi geopolitici. Macron aveva dato la Nato in \u201cmorte cerebrale\u201d, e pensava di sostituirla con qualcosa di europeo, ma la guerra in Ucraina ha prodotto suo malgrado la rinascita dell\u2019Alleanza. \u00c8 andato a Mosca per trattare con Putin, e s\u2019\u00e8 ritrovato dall\u2019altra parte del tavolone. Con Trump non \u00e8 mai esploso l\u2019amore, ma Emmanuel non \u00e8 neppure riuscito \u2013 ed era il suo intento \u2013 ad abbracciare l\u2019Unione Europea sotto il mantello nucleare francese per farla staccare dall\u2019alleato americano. Senza contare le sconfitte interne. Il secondo mandato da presidente l\u2019ha conquistato solo grazie al classico tutti contro Marine Le Pen. Ha cambiato pi\u00f9 premier che calzini, ha perso (e male) le Europee, poi ha sciolto l\u2019Assemblea senza avere un vero progetto politico. Ha di fatto capitolato pure alle legislative, salvandosi solo grazie ad un clamoroso accordo con la sinistra estrema. E le ultime amministrative non sono andate meglio. Azzoppato politicamente, debole all\u2019estero. Tra un anno finir\u00e0 il suo mandato e a quanto pare non sentiremo pi\u00f9 parlare di lui, almeno politicamente. Salvo che non prenda spunto da Matteo Renzi, che la politica doveva lasciarla dopo il referendum e invece \u00e8 ancora qui che combatte insieme a noi\u2026<\/p>\n\n\n\n<p>N.P.<\/p>\n","protected":false},"excerpt":{"rendered":"<p>Ve lo ricordate quando, sulle note dell\u2019Inno alla Gioia, era il 2017, camminava sotto l\u2019arco di Trionfo elogiato da tutti i media del mondo, soprattutto italiani? Ne \u00e8 passata di acqua sotto i ponti, e dell\u2019Emmanuel Macron visto come il salvatore dell\u2019Europa \u00e8 rimasta solo l\u2019ombra. O forse nemmeno quella. Il presidente francese, alla fine [&hellip;]<\/p>\n","protected":false},"author":1,"featured_media":1000030715,"comment_status":"closed","ping_status":"open","sticky":false,"template":"","format":"standard","meta":{"content-type":"","_jetpack_memberships_contains_paid_content":false,"jnews-multi-image_gallery":[],"jnews_single_post":{"format":"standard"},"jnews_primary_category":[],"footnotes":"","jetpack_publicize_message":"","jetpack_publicize_feature_enabled":true,"jetpack_social_post_already_shared":true,"jetpack_social_options":{"image_generator_settings":{"template":"highway","default_image_id":0,"font":"","enabled":false},"version":2}},"categories":[41],"tags":[],"class_list":{"0":"post-1000030714","1":"post","2":"type-post","3":"status-publish","4":"format-standard","5":"has-post-thumbnail","7":"category-mundo"},"jetpack_publicize_connections":[],"jetpack_featured_media_url":"https:\/\/i0.wp.com\/gazzettinoitalianopatagonico.com\/wp-content\/uploads\/2026\/04\/zea.jpg?fit=912%2C512&ssl=1","jetpack_likes_enabled":true,"jetpack_sharing_enabled":true,"_links":{"self":[{"href":"https:\/\/gazzettinoitalianopatagonico.com\/index.php?rest_route=\/wp\/v2\/posts\/1000030714","targetHints":{"allow":["GET"]}}],"collection":[{"href":"https:\/\/gazzettinoitalianopatagonico.com\/index.php?rest_route=\/wp\/v2\/posts"}],"about":[{"href":"https:\/\/gazzettinoitalianopatagonico.com\/index.php?rest_route=\/wp\/v2\/types\/post"}],"author":[{"embeddable":true,"href":"https:\/\/gazzettinoitalianopatagonico.com\/index.php?rest_route=\/wp\/v2\/users\/1"}],"replies":[{"embeddable":true,"href":"https:\/\/gazzettinoitalianopatagonico.com\/index.php?rest_route=%2Fwp%2Fv2%2Fcomments&post=1000030714"}],"version-history":[{"count":1,"href":"https:\/\/gazzettinoitalianopatagonico.com\/index.php?rest_route=\/wp\/v2\/posts\/1000030714\/revisions"}],"predecessor-version":[{"id":1000030716,"href":"https:\/\/gazzettinoitalianopatagonico.com\/index.php?rest_route=\/wp\/v2\/posts\/1000030714\/revisions\/1000030716"}],"wp:featuredmedia":[{"embeddable":true,"href":"https:\/\/gazzettinoitalianopatagonico.com\/index.php?rest_route=\/wp\/v2\/media\/1000030715"}],"wp:attachment":[{"href":"https:\/\/gazzettinoitalianopatagonico.com\/index.php?rest_route=%2Fwp%2Fv2%2Fmedia&parent=1000030714"}],"wp:term":[{"taxonomy":"category","embeddable":true,"href":"https:\/\/gazzettinoitalianopatagonico.com\/index.php?rest_route=%2Fwp%2Fv2%2Fcategories&post=1000030714"},{"taxonomy":"post_tag","embeddable":true,"href":"https:\/\/gazzettinoitalianopatagonico.com\/index.php?rest_route=%2Fwp%2Fv2%2Ftags&post=1000030714"}],"curies":[{"name":"wp","href":"https:\/\/api.w.org\/{rel}","templated":true}]}}