{"id":1000030708,"date":"2026-04-27T06:52:21","date_gmt":"2026-04-27T09:52:21","guid":{"rendered":"https:\/\/gazzettinoitalianopatagonico.com\/?p=1000030708"},"modified":"2026-04-27T06:52:22","modified_gmt":"2026-04-27T09:52:22","slug":"a-riccione-torna-il-festival-del-fundraising-attese-4500-presenze","status":"publish","type":"post","link":"https:\/\/gazzettinoitalianopatagonico.com\/?p=1000030708","title":{"rendered":"A Riccione torna il Festival del Fundraising, attese 4500 presenze"},"content":{"rendered":"\n<p>Il 3, 4 e 5 giugno torna al Palacongressi di Riccione il Festival del Fundraising, il pi\u00f9 grande evento europeo dedicato alla raccolta fondi e alla sostenibilit\u00e0 del Terzo Settore. Giunto alla 19esima edizione, il Festival rappresenta da anni un appuntamento per chi lavora, o desidera iniziare a lavorare, nel mondo nonprofit: tre giorni di formazione, incontri e confronto tra professionisti, organizzazioni e aziende impegnate a costruire un futuro pi\u00f9 sostenibile attraverso solidariet\u00e0, nnovazione e cultura del dono. Ogni anno il Festival riunisce fundraiser, professionisti del Terzo Settore, esperti di comunicazione, aziende e Fondazioni che collaborano con il nonprofit. L\u2019edizione 2026 prevede oltre 4.500 presenze, confermando l\u2019evento come il pi\u00f9 grande appuntamento europeo dedicato al fundraising. Il Festival \u00e8 anche un luogo in cui nascono opportunit\u00e0 professionali concrete. Accanto ai fundraiser esperti partecipano ogni anno anche persone che si affacciano per la prima volta al settore, interessate a capire meglio questa professione e a orientare il proprio percorso nel nonprofit. Secondo la survey finale del Festival del Fundraising 2025, il 95% dei partecipanti afferma di aver trovato nuove opportunit\u00e0 di lavoro o di aver migliorato la propria posizione professionale grazie alle relazioni e agli incontri avvenuti durante l\u2019evento. Uno degli elementi distintivi del Festival \u00e8 infatti il networking.<\/p>\n\n\n\n<p>TRE GIORNI DI EVENTI<\/p>\n\n\n\n<p>Durante le tre giornate, i partecipanti possono confrontarsi direttamente con professionisti del settore, partecipare a workshop tematici, scambiare idee e costruire nuove collaborazioni. Non \u00e8 una semplice conferenza: \u00e8 una vera e propria community in movimento, come dimostra il fatto che il 78% dei partecipanti torna ogni anno. A Riccione torna anche l\u2019Italian Fundraising Award, il riconoscimento che celebra le eccellenze del nonprofit italiano e valorizza i progetti e i professionisti che stanno innovando il settore. Tra gli ospiti gi\u00e0 annunciati ci sar\u00e0 Bebe Vio, campionessa paralimpica e simbolo di determinazione, che sul palco del Festival racconter\u00e0 il suo impegno a supporto dei giovani atleti con disabilit\u00e0 nel loro percorso sportivo. Accanto a lei, alcune delle voci pi\u00f9 autorevoli del panorama internazionale e italiano: Alan Clayton, tra i principali esperti di fundraising a livello globale, e Paolo Iabichino insieme a Gianluca Diegoli, punti di riferimento nel mondo del marketing e della comunicazione. Tra gli interventi pi\u00f9 attesi anche quello di Gino Cecchettin, che porter\u00e0 la sua testimonianza su come trasformare un\u2019esperienza personale di dolore in impegno sociale attraverso la Fondazione Giulia Cecchettin. Completa il programma la presenza di altri professionisti di rilievo, tra cui il giornalista ed esperto di content strategy Andrea Girolami e lo specialista di neuromarketing Mariano Diotto, insieme a molti altri speaker. Con un programma ricco di sessioni formative, workshop e momenti di confronto, il Festival del Fundraising si conferma un appuntamento formativo completo per chi vuole far crescere la propria organizzazione e contribuire a rafforzare il ruolo del Terzo Settore nella societ\u00e0.<\/p>\n\n\n\n<p>Patrizia Carotenuto<\/p>\n","protected":false},"excerpt":{"rendered":"<p>Il 3, 4 e 5 giugno torna al Palacongressi di Riccione il Festival del Fundraising, il pi\u00f9 grande evento europeo dedicato alla raccolta fondi e alla sostenibilit\u00e0 del Terzo Settore. Giunto alla 19esima edizione, il Festival rappresenta da anni un appuntamento per chi lavora, o desidera iniziare a lavorare, nel mondo nonprofit: tre giorni di [&hellip;]<\/p>\n","protected":false},"author":1,"featured_media":1000030709,"comment_status":"closed","ping_status":"open","sticky":false,"template":"","format":"standard","meta":{"content-type":"","_jetpack_memberships_contains_paid_content":false,"jnews-multi-image_gallery":[],"jnews_single_post":{"format":"standard"},"jnews_primary_category":[],"footnotes":"","jetpack_publicize_message":"","jetpack_publicize_feature_enabled":true,"jetpack_social_post_already_shared":true,"jetpack_social_options":{"image_generator_settings":{"template":"highway","default_image_id":0,"font":"","enabled":false},"version":2}},"categories":[255],"tags":[],"class_list":{"0":"post-1000030708","1":"post","2":"type-post","3":"status-publish","4":"format-standard","5":"has-post-thumbnail","7":"category-sociales"},"jetpack_publicize_connections":[],"jetpack_featured_media_url":"https:\/\/i0.wp.com\/gazzettinoitalianopatagonico.com\/wp-content\/uploads\/2026\/04\/zxcvbv.jpg?fit=1024%2C684&ssl=1","jetpack_likes_enabled":true,"jetpack_sharing_enabled":true,"_links":{"self":[{"href":"https:\/\/gazzettinoitalianopatagonico.com\/index.php?rest_route=\/wp\/v2\/posts\/1000030708","targetHints":{"allow":["GET"]}}],"collection":[{"href":"https:\/\/gazzettinoitalianopatagonico.com\/index.php?rest_route=\/wp\/v2\/posts"}],"about":[{"href":"https:\/\/gazzettinoitalianopatagonico.com\/index.php?rest_route=\/wp\/v2\/types\/post"}],"author":[{"embeddable":true,"href":"https:\/\/gazzettinoitalianopatagonico.com\/index.php?rest_route=\/wp\/v2\/users\/1"}],"replies":[{"embeddable":true,"href":"https:\/\/gazzettinoitalianopatagonico.com\/index.php?rest_route=%2Fwp%2Fv2%2Fcomments&post=1000030708"}],"version-history":[{"count":1,"href":"https:\/\/gazzettinoitalianopatagonico.com\/index.php?rest_route=\/wp\/v2\/posts\/1000030708\/revisions"}],"predecessor-version":[{"id":1000030710,"href":"https:\/\/gazzettinoitalianopatagonico.com\/index.php?rest_route=\/wp\/v2\/posts\/1000030708\/revisions\/1000030710"}],"wp:featuredmedia":[{"embeddable":true,"href":"https:\/\/gazzettinoitalianopatagonico.com\/index.php?rest_route=\/wp\/v2\/media\/1000030709"}],"wp:attachment":[{"href":"https:\/\/gazzettinoitalianopatagonico.com\/index.php?rest_route=%2Fwp%2Fv2%2Fmedia&parent=1000030708"}],"wp:term":[{"taxonomy":"category","embeddable":true,"href":"https:\/\/gazzettinoitalianopatagonico.com\/index.php?rest_route=%2Fwp%2Fv2%2Fcategories&post=1000030708"},{"taxonomy":"post_tag","embeddable":true,"href":"https:\/\/gazzettinoitalianopatagonico.com\/index.php?rest_route=%2Fwp%2Fv2%2Ftags&post=1000030708"}],"curies":[{"name":"wp","href":"https:\/\/api.w.org\/{rel}","templated":true}]}}