{"id":1000030697,"date":"2026-04-27T06:49:30","date_gmt":"2026-04-27T09:49:30","guid":{"rendered":"https:\/\/gazzettinoitalianopatagonico.com\/?p=1000030697"},"modified":"2026-04-27T06:49:32","modified_gmt":"2026-04-27T09:49:32","slug":"attentato-a-donald-trump-spari-alla-cena-di-gala","status":"publish","type":"post","link":"https:\/\/gazzettinoitalianopatagonico.com\/?p=1000030697","title":{"rendered":"Attentato a Donald Trump, spari alla cena di gala"},"content":{"rendered":"\n<p>Questa notte il presidente Usa Donald Trump \u00e8 stato preso di mira durante una cena di gala a Washington, organizzata per i corrispondenti della Casa Bianca. L\u2019evento, che si teneva in un noto hotel della capitale americana, \u00e8 stato interrotto da alcuni spari. Un uomo ha aperto il fuoco mentre il presidente si trovava a pochi metri di distanza dai giornalisti. Immediatamente \u00e8 scattato il protocollo di sicurezza: Trump \u00e8 stato evacuato senza riportare ferite.<\/p>\n\n\n\n<p>L\u2019arresto dell\u2019attentatore<\/p>\n\n\n\n<p>L\u2019aggressore, identificato come Cole Tomas Allen, \u00e8 stato arrestato subito dopo l\u2019attacco. Allen, 35 anni, era noto nella sua comunit\u00e0 come insegnante e aveva persino ricevuto il titolo di \u201cinsegnante del mese\u201d in passato. Tuttavia, le autorit\u00e0 locali hanno scoperto che l\u2019uomo aveva con s\u00e9 alte munizioni e un arsenale di armi, segnalando una preparazione studiata per l\u2019attentato. Durante l\u2019interrogatorio, non ha fornito spiegazioni sul suo gesto. Le autorit\u00e0 stanno setacciando i collegamenti di Allen per capire se abbia agito da solo o come parte di un\u2019organizzazione.<\/p>\n\n\n\n<p>La dinamica dell\u2019attentato<\/p>\n\n\n\n<p>Gli spari hanno provocato il caos nella sala del gala, con molti giornalisti e invitati che si sono nascosti sotto i tavoli o hanno cercato vie di fuga. Un episodio curioso ha attirato l\u2019attenzione sui social: un uomo \u00e8 rimasto seduto a mangiare durante la sparatoria ed \u00e8 stato fotografato, diventando successivamente un meme virale. Nessuno dei presenti \u00e8 rimasto ferito gravemente, grazie all\u2019immediato intervento dello staff di sicurezza che ha neutralizzato rapidamente la minaccia.<\/p>\n\n\n\n<p>N.P.<\/p>\n","protected":false},"excerpt":{"rendered":"<p>Questa notte il presidente Usa Donald Trump \u00e8 stato preso di mira durante una cena di gala a Washington, organizzata per i corrispondenti della Casa Bianca. L\u2019evento, che si teneva in un noto hotel della capitale americana, \u00e8 stato interrotto da alcuni spari. Un uomo ha aperto il fuoco mentre il presidente si trovava a [&hellip;]<\/p>\n","protected":false},"author":1,"featured_media":1000030698,"comment_status":"closed","ping_status":"open","sticky":false,"template":"","format":"standard","meta":{"content-type":"","_jetpack_memberships_contains_paid_content":false,"jnews-multi-image_gallery":[],"jnews_single_post":{"format":"standard"},"jnews_primary_category":[],"footnotes":"","jetpack_publicize_message":"","jetpack_publicize_feature_enabled":true,"jetpack_social_post_already_shared":true,"jetpack_social_options":{"image_generator_settings":{"template":"highway","default_image_id":0,"font":"","enabled":false},"version":2}},"categories":[41],"tags":[],"class_list":{"0":"post-1000030697","1":"post","2":"type-post","3":"status-publish","4":"format-standard","5":"has-post-thumbnail","7":"category-mundo"},"jetpack_publicize_connections":[],"jetpack_featured_media_url":"https:\/\/i0.wp.com\/gazzettinoitalianopatagonico.com\/wp-content\/uploads\/2026\/04\/zcdfr.jpg?fit=912%2C512&ssl=1","jetpack_likes_enabled":true,"jetpack_sharing_enabled":true,"_links":{"self":[{"href":"https:\/\/gazzettinoitalianopatagonico.com\/index.php?rest_route=\/wp\/v2\/posts\/1000030697","targetHints":{"allow":["GET"]}}],"collection":[{"href":"https:\/\/gazzettinoitalianopatagonico.com\/index.php?rest_route=\/wp\/v2\/posts"}],"about":[{"href":"https:\/\/gazzettinoitalianopatagonico.com\/index.php?rest_route=\/wp\/v2\/types\/post"}],"author":[{"embeddable":true,"href":"https:\/\/gazzettinoitalianopatagonico.com\/index.php?rest_route=\/wp\/v2\/users\/1"}],"replies":[{"embeddable":true,"href":"https:\/\/gazzettinoitalianopatagonico.com\/index.php?rest_route=%2Fwp%2Fv2%2Fcomments&post=1000030697"}],"version-history":[{"count":1,"href":"https:\/\/gazzettinoitalianopatagonico.com\/index.php?rest_route=\/wp\/v2\/posts\/1000030697\/revisions"}],"predecessor-version":[{"id":1000030699,"href":"https:\/\/gazzettinoitalianopatagonico.com\/index.php?rest_route=\/wp\/v2\/posts\/1000030697\/revisions\/1000030699"}],"wp:featuredmedia":[{"embeddable":true,"href":"https:\/\/gazzettinoitalianopatagonico.com\/index.php?rest_route=\/wp\/v2\/media\/1000030698"}],"wp:attachment":[{"href":"https:\/\/gazzettinoitalianopatagonico.com\/index.php?rest_route=%2Fwp%2Fv2%2Fmedia&parent=1000030697"}],"wp:term":[{"taxonomy":"category","embeddable":true,"href":"https:\/\/gazzettinoitalianopatagonico.com\/index.php?rest_route=%2Fwp%2Fv2%2Fcategories&post=1000030697"},{"taxonomy":"post_tag","embeddable":true,"href":"https:\/\/gazzettinoitalianopatagonico.com\/index.php?rest_route=%2Fwp%2Fv2%2Ftags&post=1000030697"}],"curies":[{"name":"wp","href":"https:\/\/api.w.org\/{rel}","templated":true}]}}