{"id":1000030673,"date":"2026-04-27T06:42:01","date_gmt":"2026-04-27T09:42:01","guid":{"rendered":"https:\/\/gazzettinoitalianopatagonico.com\/?p=1000030673"},"modified":"2026-04-27T06:42:04","modified_gmt":"2026-04-27T09:42:04","slug":"ranieri-aveva-detto-no-per-la-roma-ora-lascia-la-roma-per-la-nazionale","status":"publish","type":"post","link":"https:\/\/gazzettinoitalianopatagonico.com\/?p=1000030673","title":{"rendered":"Ranieri aveva detto no per la Roma: ora lascia la Roma per la Nazionale?"},"content":{"rendered":"\n<p>Adesso \u00e8 ufficiale: le strade della Roma e di Claudio Ranieri si separano. Il Club giallorosso ha infatti annunciato la conclusione del rapporto con il \u2018senior advisor\u2019 (era consigliere della propriet\u00e0, la famiglia Friedkin). \u201cL\u2019As Roma comunica che il rapporto con Claudio Ranieri \u00e8 terminato- si legge nel comunicato- Il Club desidera ringraziare Claudio per il suo significativo contributo alla Roma. Ha guidato la squadra in un momento molto difficile e saremo sempre grati per i suoi sforzi\u201d. Il Club pensa ora al futuro: \u201cLa nostra direzione \u00e8 chiara. Il Club \u00e8 solido, con una leadership forte e una visione ben definita. L\u2019As Roma verr\u00e0 sempre al primo posto. Abbiamo piena fiducia nel percorso che ci attende sotto la guida tecnica di Gian Piero Gasperini, con l\u2019obiettivo condiviso di crescere, migliorare e ottenere risultati all\u2019altezza della nostra storia\u201d. Questa volta, forse, sar\u00e0 l\u2019ultimo addio. E sar\u00e0 diverso dagli altri, perch\u00e9 se il 18 maggio 2025 con la vittoria sul Milan per 3-1 Claudio Ranieri aveva salutato la Roma e il suo pubblico colmo d\u2019affetto, in occasione dell\u2019ultima giornata di campionato, questa volta il solido rapporto con l\u2019ambiente giallorosso sembra mostrare qualche crepa. Il 10 aprile scorso prima di Roma-Pisa, in piena corsa (disperata) per un posto in Champions League, proprio il Senior Advisor scelto dalla famiglia Friedkin aveva usato parole dure nei confronti di Gian Piero Gasperini, con cui ormai da tempo c\u2019erano frizioni corso. Parole che hanno colpito tutto l\u2019ambiente, soprattutto il pubblico romanista che le ha ritenute pi\u00f9 inopportune che sbagliate: \u201cMa perch\u00e9 dirlo ora che stiamo cercando di andare in Champions? Cos\u00ec si destabilizza l\u2019ambiente\u201d \u00e8 stato il tenore dei post apparsi sulle pagine social dedicato alle notizie sulla Roma. Non \u00e8 stata certo un\u2019uscita per far male alla squadra giallorossa, non lo avrebbe mai voluto fare e, anzi, forse si sar\u00e0 gi\u00e0 pentito o, probabilmente, sar\u00e0 rimasto colpito da tanto clamore convinto di aver parlato veramente con il cuore e solo per aiutare la sua squadra del cuore. Cinquecentouno panchine forse hanno pesato su questo primo anno dopo l\u2019addio, definitivo, al calcio giocato nel ruolo di allenatore, forse sarebbe stato meglio \u2018appendere\u2019 veramente il ruolo di allenatore al classico chiodo? Proprio a maggio 2025, dopo la vittoria in casa del Torino nell\u2019ultima di campionato disse, quasi profeticamente, \u201cmagari tra qualche mese o anno ripenser\u00f2 alla mia carriera. Sono ancora allenatore\u201d ma \u201cmi piace stare nel calcio, lavorer\u00f2 di pi\u00f9\u201d. E qui si inserisce il tema futuro. Cosa succeder\u00e0? Si dipinger\u00e0 d\u2019azzurro dopo l\u2019amato giallorosso? Appena 318 giorni fa, era il 10 giugno, Ranieri disse no alla proposta di sedersi sulla panchina dell\u2019Italia (magari con il doppio ruolo, quello romanista da Senior Advisor che era gi\u00e0 iniziato e quello da ct) per sostituire Luciano Spalletti: \u201cNon me la sento\u201d di lasciare la Roma fu la motivazione. E ora? Dopo aver lasciato il club giallorosso trover\u00e0 forza e decisione per accettare la Nazionale che potrebbe proporgli un Giovanni Malag\u00f2 nuovo presidente della Figc?<\/p>\n\n\n\n<p>Adriano Gasperetti<\/p>\n","protected":false},"excerpt":{"rendered":"<p>Adesso \u00e8 ufficiale: le strade della Roma e di Claudio Ranieri si separano. Il Club giallorosso ha infatti annunciato la conclusione del rapporto con il \u2018senior advisor\u2019 (era consigliere della propriet\u00e0, la famiglia Friedkin). \u201cL\u2019As Roma comunica che il rapporto con Claudio Ranieri \u00e8 terminato- si legge nel comunicato- Il Club desidera ringraziare Claudio per [&hellip;]<\/p>\n","protected":false},"author":1,"featured_media":1000030674,"comment_status":"closed","ping_status":"open","sticky":false,"template":"","format":"standard","meta":{"content-type":"","_jetpack_memberships_contains_paid_content":false,"jnews-multi-image_gallery":[],"jnews_single_post":{"format":"standard"},"jnews_primary_category":[],"footnotes":"","jetpack_publicize_message":"","jetpack_publicize_feature_enabled":true,"jetpack_social_post_already_shared":true,"jetpack_social_options":{"image_generator_settings":{"template":"highway","default_image_id":0,"font":"","enabled":false},"version":2}},"categories":[169],"tags":[],"class_list":{"0":"post-1000030673","1":"post","2":"type-post","3":"status-publish","4":"format-standard","5":"has-post-thumbnail","7":"category-deportes"},"jetpack_publicize_connections":[],"jetpack_featured_media_url":"https:\/\/i0.wp.com\/gazzettinoitalianopatagonico.com\/wp-content\/uploads\/2026\/04\/zcxv.jpg?fit=1024%2C768&ssl=1","jetpack_likes_enabled":true,"jetpack_sharing_enabled":true,"_links":{"self":[{"href":"https:\/\/gazzettinoitalianopatagonico.com\/index.php?rest_route=\/wp\/v2\/posts\/1000030673","targetHints":{"allow":["GET"]}}],"collection":[{"href":"https:\/\/gazzettinoitalianopatagonico.com\/index.php?rest_route=\/wp\/v2\/posts"}],"about":[{"href":"https:\/\/gazzettinoitalianopatagonico.com\/index.php?rest_route=\/wp\/v2\/types\/post"}],"author":[{"embeddable":true,"href":"https:\/\/gazzettinoitalianopatagonico.com\/index.php?rest_route=\/wp\/v2\/users\/1"}],"replies":[{"embeddable":true,"href":"https:\/\/gazzettinoitalianopatagonico.com\/index.php?rest_route=%2Fwp%2Fv2%2Fcomments&post=1000030673"}],"version-history":[{"count":1,"href":"https:\/\/gazzettinoitalianopatagonico.com\/index.php?rest_route=\/wp\/v2\/posts\/1000030673\/revisions"}],"predecessor-version":[{"id":1000030675,"href":"https:\/\/gazzettinoitalianopatagonico.com\/index.php?rest_route=\/wp\/v2\/posts\/1000030673\/revisions\/1000030675"}],"wp:featuredmedia":[{"embeddable":true,"href":"https:\/\/gazzettinoitalianopatagonico.com\/index.php?rest_route=\/wp\/v2\/media\/1000030674"}],"wp:attachment":[{"href":"https:\/\/gazzettinoitalianopatagonico.com\/index.php?rest_route=%2Fwp%2Fv2%2Fmedia&parent=1000030673"}],"wp:term":[{"taxonomy":"category","embeddable":true,"href":"https:\/\/gazzettinoitalianopatagonico.com\/index.php?rest_route=%2Fwp%2Fv2%2Fcategories&post=1000030673"},{"taxonomy":"post_tag","embeddable":true,"href":"https:\/\/gazzettinoitalianopatagonico.com\/index.php?rest_route=%2Fwp%2Fv2%2Ftags&post=1000030673"}],"curies":[{"name":"wp","href":"https:\/\/api.w.org\/{rel}","templated":true}]}}