{"id":1000030638,"date":"2026-04-27T06:32:59","date_gmt":"2026-04-27T09:32:59","guid":{"rendered":"https:\/\/gazzettinoitalianopatagonico.com\/?p=1000030638"},"modified":"2026-04-27T06:33:01","modified_gmt":"2026-04-27T09:33:01","slug":"incendio-forestal-en-japon-obligo-a-evacuar-miles-de-personas-y-arraso-viviendas","status":"publish","type":"post","link":"https:\/\/gazzettinoitalianopatagonico.com\/?p=1000030638","title":{"rendered":"Incendio forestal en Jap\u00f3n oblig\u00f3 a evacuar miles de personas y arras\u00f3 viviendas"},"content":{"rendered":"\n<p>Un incendio forestal de gran magnitud avanza en la prefectura de Iwate, en el noreste de Jap\u00f3n, y ya provoc\u00f3 evacuaciones masivas, destrucci\u00f3n de viviendas y un amplio operativo de emergencia. El fuego comenz\u00f3 el pasado mi\u00e9rcoles 22 de abril y contin\u00faa activo pese al despliegue de fuerzas especializadas. Las llamas ya afectaron aproximadamente 1.176 hect\u00e1reas y destruyeron al menos ocho edificaciones, entre ellas una vivienda, seg\u00fan informaron autoridades locales. El incendio se expande de manera constante, lo que dificulta las tareas de contenci\u00f3n en la zona.<\/p>\n\n\n\n<p>Evacuaciones masivas<\/p>\n\n\n\n<p>M\u00e1s de mil efectivos, entre bomberos y miembros de las Fuerzas de Autodefensa de Jap\u00f3n, trabajan en el lugar para controlar el avance del fuego. En la localidad de Otsuchi, la m\u00e1s cercana al foco del incendio, se orden\u00f3 la evacuaci\u00f3n de 3.233 personas, lo que representa cerca del 30% de su poblaci\u00f3n. Las autoridades habilitaron cinco centros de evacuaci\u00f3n en la ciudad y otros dos en localidades vecinas para alojar a los desplazados.<\/p>\n\n\n\n<p>Preocupaci\u00f3n en la comunidad local<\/p>\n\n\n\n<p>El intendente de Otsuchi, Kozo Hirano, expres\u00f3 su preocupaci\u00f3n por el impacto emocional que genera la emergencia, especialmente entre los residentes que ya hab\u00edan sufrido las consecuencias del terremoto y tsunami de 2011. Si bien no se reportaron personas atrapadas por el fuego, se confirm\u00f3 un herido leve debido a una ca\u00edda en uno de los centros de evacuaci\u00f3n.<\/p>\n\n\n\n<p>M.T.<\/p>\n","protected":false},"excerpt":{"rendered":"<p>Un incendio forestal de gran magnitud avanza en la prefectura de Iwate, en el noreste de Jap\u00f3n, y ya provoc\u00f3 evacuaciones masivas, destrucci\u00f3n de viviendas y un amplio operativo de emergencia. El fuego comenz\u00f3 el pasado mi\u00e9rcoles 22 de abril y contin\u00faa activo pese al despliegue de fuerzas especializadas. Las llamas ya afectaron aproximadamente 1.176 [&hellip;]<\/p>\n","protected":false},"author":1,"featured_media":1000030639,"comment_status":"closed","ping_status":"open","sticky":false,"template":"","format":"standard","meta":{"content-type":"","_jetpack_memberships_contains_paid_content":false,"jnews-multi-image_gallery":[],"jnews_single_post":{"format":"standard"},"jnews_primary_category":[],"footnotes":"","jetpack_publicize_message":"","jetpack_publicize_feature_enabled":true,"jetpack_social_post_already_shared":true,"jetpack_social_options":{"image_generator_settings":{"template":"highway","default_image_id":0,"font":"","enabled":false},"version":2}},"categories":[41],"tags":[],"class_list":{"0":"post-1000030638","1":"post","2":"type-post","3":"status-publish","4":"format-standard","5":"has-post-thumbnail","7":"category-mundo"},"jetpack_publicize_connections":[],"jetpack_featured_media_url":"https:\/\/i0.wp.com\/gazzettinoitalianopatagonico.com\/wp-content\/uploads\/2026\/04\/zaqw-1.jpg?fit=870%2C580&ssl=1","jetpack_likes_enabled":true,"jetpack_sharing_enabled":true,"_links":{"self":[{"href":"https:\/\/gazzettinoitalianopatagonico.com\/index.php?rest_route=\/wp\/v2\/posts\/1000030638","targetHints":{"allow":["GET"]}}],"collection":[{"href":"https:\/\/gazzettinoitalianopatagonico.com\/index.php?rest_route=\/wp\/v2\/posts"}],"about":[{"href":"https:\/\/gazzettinoitalianopatagonico.com\/index.php?rest_route=\/wp\/v2\/types\/post"}],"author":[{"embeddable":true,"href":"https:\/\/gazzettinoitalianopatagonico.com\/index.php?rest_route=\/wp\/v2\/users\/1"}],"replies":[{"embeddable":true,"href":"https:\/\/gazzettinoitalianopatagonico.com\/index.php?rest_route=%2Fwp%2Fv2%2Fcomments&post=1000030638"}],"version-history":[{"count":1,"href":"https:\/\/gazzettinoitalianopatagonico.com\/index.php?rest_route=\/wp\/v2\/posts\/1000030638\/revisions"}],"predecessor-version":[{"id":1000030640,"href":"https:\/\/gazzettinoitalianopatagonico.com\/index.php?rest_route=\/wp\/v2\/posts\/1000030638\/revisions\/1000030640"}],"wp:featuredmedia":[{"embeddable":true,"href":"https:\/\/gazzettinoitalianopatagonico.com\/index.php?rest_route=\/wp\/v2\/media\/1000030639"}],"wp:attachment":[{"href":"https:\/\/gazzettinoitalianopatagonico.com\/index.php?rest_route=%2Fwp%2Fv2%2Fmedia&parent=1000030638"}],"wp:term":[{"taxonomy":"category","embeddable":true,"href":"https:\/\/gazzettinoitalianopatagonico.com\/index.php?rest_route=%2Fwp%2Fv2%2Fcategories&post=1000030638"},{"taxonomy":"post_tag","embeddable":true,"href":"https:\/\/gazzettinoitalianopatagonico.com\/index.php?rest_route=%2Fwp%2Fv2%2Ftags&post=1000030638"}],"curies":[{"name":"wp","href":"https:\/\/api.w.org\/{rel}","templated":true}]}}