{"id":1000029067,"date":"2026-03-18T08:31:37","date_gmt":"2026-03-18T11:31:37","guid":{"rendered":"https:\/\/gazzettinoitalianopatagonico.com\/?p=1000029067"},"modified":"2026-03-18T08:31:40","modified_gmt":"2026-03-18T11:31:40","slug":"in-alto-la-neve-si-scioglie-in-basso-non-si-riesce-a-recuperare-lacqua","status":"publish","type":"post","link":"https:\/\/gazzettinoitalianopatagonico.com\/?p=1000029067","title":{"rendered":"In alto la neve si scioglie, in basso non si riesce a recuperare l\u2019acqua"},"content":{"rendered":"\n<p>In \u2018alto\u2019, sulle montagne, le abbondanti nevicate di febbraio si stanno gi\u00e0 sciogliendo a causa del rialzo termico. Ma in un contesto \u201ccomunque di deficit\u201d, da ottobre a febbraio, del 36% per le Dolomiti e del 23% per le Prealpi. Quindi, \u201cse da un lato questo fenomeno contribuisce a sostenere le portate attuali dei fiumi, dall\u2019altro rappresenta una risorsa volatile che, per mancanza di adeguati sistemi di stoccaggio, \u00e8 destinata a defluire velocemente verso il mare senza poter essere conservata per i periodi di massima siccit\u00e0\u201d, avvisa il direttore di Anbi Veneto Silvio Parizzi. \u201cA fare la differenza, sar\u00e0 dunque la presenza o la mancanza di piogge nella delicata fase dei trapianti, delle semine e della fioritura degli alberi da frutto\u201d, aggiunge.<\/p>\n\n\n\n<p>Secondo le proiezioni del Centro di sperimentazione per l\u2019innovazione irrigua Cespii-Leb, marzo sar\u00e0 un mese relativamente secco in controtendenza con i primi due del 2026 piovosi: +36 a gennaio e +33% a febbraio, rispetto alla media trentennale 1991-2020. Il bilancio dell\u2019anno idrologico iniziato ad ottobre rimane fin qui negativo con un deficit del 23%. A farne le spese sono soprattutto le falde acquifere, con livelli che nella bassa pianura si stanno riprendendo mentre permane un ritardo della ricarica nella zona di falda. Anomalie nelle temperature, graveranno sulla richiesta di irrigazione. Febbraio non fa ben sperare con 2,6 gradi in pi\u00f9 rispetto alla media e una terza decade in cui la colonnina di mercurio \u00e8 schizzata +6,5.<\/p>\n\n\n\n<p>Con queste premesse la stagione irrigua \u201csi preannuncia complessa sotto diversi punti di vista\u201d e dunque Anbi raccomanda monitoraggio costante e gestione oculata delle derivazioni.<\/p>\n\n\n\n<p>Con l\u2019apertura ufficiale delle paratoie del canale Lessinio Euganeo Berico nella sede direzionale del Consorzio di Bonifica Leb, a Cologna Veneta (Verona), ha preso il via sabato scorso, 14 marzo, la stagione irrigua nel Veneto. Entrer\u00e0 nel vivo ad aprile, in momenti diversi a seconda dei comprensori di bonifica, con l\u2019attivit\u00e0 di irrigazione vera e propria. I Consorzi del Veneto distribuiscono risorsa a fini irrigui ed ecosistemici attraverso un\u2019infrastruttura di 26.000 chilometri, ovvero oltre l\u201980% della rete di fiumi e canali di pianura. Ma lo scenario normativo che regola le derivazioni rischia di mutare.<\/p>\n\n\n\n<p>Dal 1\u00b0 gennaio 2027 entreranno in vigore i nuovi parametri del Deflusso ecologico che, avvisa l\u2019Anbi del Veneto, \u201cpotrebbero rivedere al ribasso la quantit\u00e0 di risorsa prelevata dai fiumi e distribuita tramite la rete secondaria- afferma il presidente Alex Vantini- questi criteri sono attualmente oggetto di una delicata fase di sperimentazione e valutazione presso il tavolo tecnico istituito dalla Regione Veneto con l\u2019Autorit\u00e0 di Bacino delle Alpi Orientali. La posta in gioco \u00e8 altissima, poich\u00e9 la questione riguarda direttamente una produzione agricola regionale dal valore di otto miliardi di euro, la cui stabilit\u00e0 dipende per il 90% dalla disponibilit\u00e0 di irrigazione, senza dimenticare i servizi ecosistemici legati alla risorsa in termini ambientali, paesaggistici, economici e ricreativi, il cui valore \u00e8 stimato in oltre 640 milioni di euro l\u2019anno\u201d.<\/p>\n\n\n\n<p>Mattia Cecchini<\/p>\n","protected":false},"excerpt":{"rendered":"<p>In \u2018alto\u2019, sulle montagne, le abbondanti nevicate di febbraio si stanno gi\u00e0 sciogliendo a causa del rialzo termico. Ma in un contesto \u201ccomunque di deficit\u201d, da ottobre a febbraio, del 36% per le Dolomiti e del 23% per le Prealpi. Quindi, \u201cse da un lato questo fenomeno contribuisce a sostenere le portate attuali dei fiumi, [&hellip;]<\/p>\n","protected":false},"author":1,"featured_media":1000029068,"comment_status":"closed","ping_status":"open","sticky":false,"template":"","format":"standard","meta":{"content-type":"","_jetpack_memberships_contains_paid_content":false,"jnews-multi-image_gallery":[],"jnews_single_post":{"format":"standard"},"jnews_primary_category":[],"footnotes":"","jetpack_publicize_message":"","jetpack_publicize_feature_enabled":true,"jetpack_social_post_already_shared":true,"jetpack_social_options":{"image_generator_settings":{"template":"highway","default_image_id":0,"font":"","enabled":false},"version":2}},"categories":[391,42],"tags":[271,171],"class_list":{"0":"post-1000029067","1":"post","2":"type-post","3":"status-publish","4":"format-standard","5":"has-post-thumbnail","7":"category-ambiente","8":"category-ecologia","9":"tag-ambiente","10":"tag-ecologia"},"jetpack_publicize_connections":[],"jetpack_featured_media_url":"https:\/\/i0.wp.com\/gazzettinoitalianopatagonico.com\/wp-content\/uploads\/2026\/03\/zsqwee.jpg?fit=1024%2C576&ssl=1","jetpack_likes_enabled":true,"jetpack_sharing_enabled":true,"_links":{"self":[{"href":"https:\/\/gazzettinoitalianopatagonico.com\/index.php?rest_route=\/wp\/v2\/posts\/1000029067","targetHints":{"allow":["GET"]}}],"collection":[{"href":"https:\/\/gazzettinoitalianopatagonico.com\/index.php?rest_route=\/wp\/v2\/posts"}],"about":[{"href":"https:\/\/gazzettinoitalianopatagonico.com\/index.php?rest_route=\/wp\/v2\/types\/post"}],"author":[{"embeddable":true,"href":"https:\/\/gazzettinoitalianopatagonico.com\/index.php?rest_route=\/wp\/v2\/users\/1"}],"replies":[{"embeddable":true,"href":"https:\/\/gazzettinoitalianopatagonico.com\/index.php?rest_route=%2Fwp%2Fv2%2Fcomments&post=1000029067"}],"version-history":[{"count":1,"href":"https:\/\/gazzettinoitalianopatagonico.com\/index.php?rest_route=\/wp\/v2\/posts\/1000029067\/revisions"}],"predecessor-version":[{"id":1000029069,"href":"https:\/\/gazzettinoitalianopatagonico.com\/index.php?rest_route=\/wp\/v2\/posts\/1000029067\/revisions\/1000029069"}],"wp:featuredmedia":[{"embeddable":true,"href":"https:\/\/gazzettinoitalianopatagonico.com\/index.php?rest_route=\/wp\/v2\/media\/1000029068"}],"wp:attachment":[{"href":"https:\/\/gazzettinoitalianopatagonico.com\/index.php?rest_route=%2Fwp%2Fv2%2Fmedia&parent=1000029067"}],"wp:term":[{"taxonomy":"category","embeddable":true,"href":"https:\/\/gazzettinoitalianopatagonico.com\/index.php?rest_route=%2Fwp%2Fv2%2Fcategories&post=1000029067"},{"taxonomy":"post_tag","embeddable":true,"href":"https:\/\/gazzettinoitalianopatagonico.com\/index.php?rest_route=%2Fwp%2Fv2%2Ftags&post=1000029067"}],"curies":[{"name":"wp","href":"https:\/\/api.w.org\/{rel}","templated":true}]}}