{"id":1000029027,"date":"2026-03-16T19:15:00","date_gmt":"2026-03-16T22:15:00","guid":{"rendered":"https:\/\/gazzettinoitalianopatagonico.com\/?p=1000029027"},"modified":"2026-03-16T19:15:02","modified_gmt":"2026-03-16T22:15:02","slug":"netanyahu-ironizza-sulla-teoria-del-complotto-che-lo-dava-morto-il-premier-in-un-bar-a-bere-il-caffe","status":"publish","type":"post","link":"https:\/\/gazzettinoitalianopatagonico.com\/?p=1000029027","title":{"rendered":"Netanyahu ironizza sulla teoria del complotto che lo dava morto: il premier in un bar a bere il caff\u00e8"},"content":{"rendered":"\n<p>Morto? S\u00ec, per il caff\u00e8. In un video pubblicato sui social, Benjamin Netanyahu scherza sulla teoria del complotto che lo dava per morto nel conflitto con l\u2019Iran. Le voci che si sono rincorse in questi ultimi giorni, alimentate dal fatto che il primo ministro non si vedesse in video dal 13 marzo. \u201cDicono che io sia cosa?\u201d, dice mentre, in un bar, gli viene servito un caff\u00e8. Il premier prende la tazza con atteggiamento rilassato e dice: \u201cPenso che il caff\u00e8 sia qualcosa di eccezionale, penso che la mia nazione sia qualcosa di eccezionale\u201d. L\u2019ipotesi dell\u2019uccisione di Netanyahu si era, poi, rafforzata per la circolazione sui social del video di un discorso televisivo in cui qualcuno affermava di aver visto sei dita su una sua mano, ipotizzando che si trattasse di una clip generata artificialmente. E il premier scherza su anche su questo, mostrano le mani con cinque dita. Il primo ministro ha, poi, esortato i cittadini israeliani a rispettare le istruzioni di sicurezza in caso di lancio di missili: \u201cUscite e prendete una boccata d\u2019aria fresca, ma rimanete vicino a un luogo protetto. La vostra resilienza \u00e8 incredibile; d\u00e0 forza a me, al governo, alle Forze di Difesa Israeliane e al Mossad.\u201d. Netanyahu ha aggiunto: \u201cStiamo facendo cose che non posso rivelare in questo momento, ma stiamo colpendo duramente l\u2019Iran e anche il Libano\u201d. \u201cAllenteremo le restrizioni il pi\u00f9 possibile. E grazie per il caff\u00e8, \u00e8 ottimo. Non so quanto sia calorico\u2026\u201d, ha concluso. Le Guardie Rivoluzionarie iraniane, intanto, hanno annunciato che continueranno a \u201cdare la caccia e a uccidere con tutte le forze\u201d Benjamin Netanyahu. \u201cProva inconfutabile che alcune delle cose pi\u00f9 ridicole di sempre si trovano su internet! Le notizie secondo cui Netanyahu sarebbe morto o avrebbe 7 dita erano folli quanto alcune delle assurdit\u00e0 di Tucker Carlson. Forse il primo ministro avrebbe dovuto mostrare solo un dito a coloro che dicevano che era morto!\u201d, ha commentato su X l\u2019ambasciatore statunitense in Israele, Mike Huckabee.<\/p>\n\n\n\n<p>Giusy Mercadante<\/p>\n","protected":false},"excerpt":{"rendered":"<p>Morto? S\u00ec, per il caff\u00e8. In un video pubblicato sui social, Benjamin Netanyahu scherza sulla teoria del complotto che lo dava per morto nel conflitto con l\u2019Iran. Le voci che si sono rincorse in questi ultimi giorni, alimentate dal fatto che il primo ministro non si vedesse in video dal 13 marzo. \u201cDicono che io [&hellip;]<\/p>\n","protected":false},"author":1,"featured_media":1000029028,"comment_status":"closed","ping_status":"open","sticky":false,"template":"","format":"standard","meta":{"content-type":"","_jetpack_memberships_contains_paid_content":false,"jnews-multi-image_gallery":[],"jnews_single_post":{"format":"standard"},"jnews_primary_category":[],"footnotes":"","jetpack_publicize_message":"","jetpack_publicize_feature_enabled":true,"jetpack_social_post_already_shared":true,"jetpack_social_options":{"image_generator_settings":{"template":"highway","default_image_id":0,"font":"","enabled":false},"version":2}},"categories":[41],"tags":[],"class_list":{"0":"post-1000029027","1":"post","2":"type-post","3":"status-publish","4":"format-standard","5":"has-post-thumbnail","7":"category-mundo"},"jetpack_publicize_connections":[],"jetpack_featured_media_url":"https:\/\/i0.wp.com\/gazzettinoitalianopatagonico.com\/wp-content\/uploads\/2026\/03\/zvdf.jpg?fit=1024%2C576&ssl=1","jetpack_likes_enabled":true,"jetpack_sharing_enabled":true,"_links":{"self":[{"href":"https:\/\/gazzettinoitalianopatagonico.com\/index.php?rest_route=\/wp\/v2\/posts\/1000029027","targetHints":{"allow":["GET"]}}],"collection":[{"href":"https:\/\/gazzettinoitalianopatagonico.com\/index.php?rest_route=\/wp\/v2\/posts"}],"about":[{"href":"https:\/\/gazzettinoitalianopatagonico.com\/index.php?rest_route=\/wp\/v2\/types\/post"}],"author":[{"embeddable":true,"href":"https:\/\/gazzettinoitalianopatagonico.com\/index.php?rest_route=\/wp\/v2\/users\/1"}],"replies":[{"embeddable":true,"href":"https:\/\/gazzettinoitalianopatagonico.com\/index.php?rest_route=%2Fwp%2Fv2%2Fcomments&post=1000029027"}],"version-history":[{"count":1,"href":"https:\/\/gazzettinoitalianopatagonico.com\/index.php?rest_route=\/wp\/v2\/posts\/1000029027\/revisions"}],"predecessor-version":[{"id":1000029029,"href":"https:\/\/gazzettinoitalianopatagonico.com\/index.php?rest_route=\/wp\/v2\/posts\/1000029027\/revisions\/1000029029"}],"wp:featuredmedia":[{"embeddable":true,"href":"https:\/\/gazzettinoitalianopatagonico.com\/index.php?rest_route=\/wp\/v2\/media\/1000029028"}],"wp:attachment":[{"href":"https:\/\/gazzettinoitalianopatagonico.com\/index.php?rest_route=%2Fwp%2Fv2%2Fmedia&parent=1000029027"}],"wp:term":[{"taxonomy":"category","embeddable":true,"href":"https:\/\/gazzettinoitalianopatagonico.com\/index.php?rest_route=%2Fwp%2Fv2%2Fcategories&post=1000029027"},{"taxonomy":"post_tag","embeddable":true,"href":"https:\/\/gazzettinoitalianopatagonico.com\/index.php?rest_route=%2Fwp%2Fv2%2Ftags&post=1000029027"}],"curies":[{"name":"wp","href":"https:\/\/api.w.org\/{rel}","templated":true}]}}