{"id":1000029021,"date":"2026-03-16T19:12:59","date_gmt":"2026-03-16T22:12:59","guid":{"rendered":"https:\/\/gazzettinoitalianopatagonico.com\/?p=1000029021"},"modified":"2026-03-16T19:13:02","modified_gmt":"2026-03-16T22:13:02","slug":"il-no-di-londra-e-berlino-agli-usa-su-hormuz-lue-lo-stretto-fuori-dal-raggio-dazione-nato","status":"publish","type":"post","link":"https:\/\/gazzettinoitalianopatagonico.com\/?p=1000029021","title":{"rendered":"Il no di Londra e Berlino agli Usa su Hormuz. L\u2019Ue: \u201cLo stretto fuori dal raggio d\u2019azione Nato\u201d"},"content":{"rendered":"\n<p>\u00abSiamo stati in contatto con la Nato in precedenza, ma questo \u00e8 davvero al di fuori dell&#8217;area d&#8217;azione della Nato.<\/p>\n\n\n\n<p>Ecco perch\u00e9 abbiamo l&#8217;operazione Aspides, e ci sono Stati membri che sono anche disposti a contribuire, sia nella coalizione dei volenterosi che nell&#8217;operazione stessa. Ma \u00e8 al di fuori dei territori della Nato. Non ci sono Paesi Nato nello stretto di Hormuz\u00bb, ha detto l&#8217;Alta rappresentante Ue Kaja Kallas al suo arrivo al Consiglio Affari Esteri.<\/p>\n\n\n\n<p>\u00abNel fine settimana ho parlato con il segretario generale dell&#8217;Onu Antonio Guterres per capire se \u00e8 possibile avere un&#8217;iniziativa a Hormuz come quella sul Mar Nero per il grano dell&#8217;Ucraina\u00bb, ha spiegato Kallas. La chiusura dello stretto rappresenta un grave pericolo per le forniture di petrolio, specie per l&#8217;Asia, ma a la situazione \u00e8 problematica \u00abanche per quanto riguarda i fertilizzanti\u00bb, ha detto Kallas. \u00abE se quest&#8217;anno ci sar\u00e0 carenza di fertilizzanti, l&#8217;anno prossimo si verificher\u00e0 anche una carenza di cibo\u00bb.La riapertura dello Stretto di Hormuz, strategico per i commerci globali degli idrocarburi e non solo, non pu\u00f2 essere affidata a \u00abuna missione della Nato\u00bb, ha aggiunto il premier britannico Keir Starmer rispondendo ai giornalisti. \u00abLasciatemi essere chiaro, questo non sar\u00e0 e non \u00e8 mai stata immaginata come una missione della Nato\u00bb, ha tagliato corto Starmer, interpellato sulle parole del presidente Donald Trump, il quale nelle scorse ore ha definito \u00abmolto negativo per la Nato\u00bb l&#8217;eventuale rifiuto degli alleati di farsi coinvolgere con l&#8217;invio di navi militari verso Hormuz.<\/p>\n\n\n\n<p>\u00abLa situazione nello stretto di Hormuz \u00e8 molto preoccupante per gli europei. Questa \u00e8 una guerra che ha un impatto soprattutto ai cittadini europei, e pu\u00f2 farlo ancora di pi\u00f9. Lo vediamo con l&#8217;energia, rischiamo di vederlo con flussi da Iran e Libano. Per questo la situazione dell&#8217;Ue deve essere quella che chiede la fine della guerra\u00bb, ha detto il ministro degli Esteri della Spagna Jos\u00e8 Manuel Albares a margine del Consiglio Affari Esteri. \u00abNon \u00e8 necessario introdurre alcuna modifica al mandato di Aspides, riteniamo che il mandato attuale \u00e8 corretto\u00bb, ha aggiunto.<\/p>\n\n\n\n<p>Il ministro degli Esteri tedesco, Johann Wadephul: \u00abNon mi sembra che la Nato abbia preso una decisione n\u00e9 che possa assumersi la responsabilit\u00e0 per lo Stretto di Hormuz. Se cos\u00ec fosse, gli organi della Nato se ne occuperebbero\u00bb.<\/p>\n\n\n\n<p>Tajani, favorevoli a rafforzare Aspides ma cambiare il mandato \u00e8 complesso<\/p>\n\n\n\n<p>L&#8217;Italia \u00e8 \u00abfavorevole\u00bb al rafforzamento della missione europea Aspides che opera nel Mar Rosso ma giudica \u00abcomplesso\u00bb cambiare il mandato, per includere l&#8217;intervento nello stretto di Hormuz. Lo ha detto il ministro degli Esteri Antonio Tajani a Bruxelles. \u00abContinueremo a lavorare in quella direzione, siamo disposti anche a rinforzare la missione Aspides e la missione Atalanta. Per\u00f2 non mi pare che siano missioni che si possono allargare allo stretto di Hormuz, anche perch\u00e9 sono missioni che hanno il compito uno di anti-periateria e l&#8217;altra difensivo\u00bb.<\/p>\n\n\n\n<p>Salvini, &#8216;Navi militari a Hormuz? L&#8217;Italia non \u00e8 in guerra con nessuno&#8217;<\/p>\n\n\n\n<p>L&#8217;Italia \u00abnon \u00e8 in guerra contro nessuno e l&#8217;invio di navi militari in uno scenario di conflitto significherebbe entrarci\u00bb. Cos\u00ec il vice premier e ministro delle Infrastrutture e dei Trasporti Matteo Salvini a margine di un sopralluogo tecnico a Milano, circa le ipotesi di una missione per scortare le navi mercantili nello stretto di Hormuz. \u00abNon siamo in guerra contro nessuno &#8211; aggiunge &#8211; e non voglio pensare l&#8217;Italia in guerra contro qualcuno. Se mandi una nave militare in uno scenario di guerra entri in guerra. Mi sembra che il presidente del Consiglio su questo sia stato molto chiaro\u00bb.<\/p>\n","protected":false},"excerpt":{"rendered":"<p>\u00abSiamo stati in contatto con la Nato in precedenza, ma questo \u00e8 davvero al di fuori dell&#8217;area d&#8217;azione della Nato. Ecco perch\u00e9 abbiamo l&#8217;operazione Aspides, e ci sono Stati membri che sono anche disposti a contribuire, sia nella coalizione dei volenterosi che nell&#8217;operazione stessa. Ma \u00e8 al di fuori dei territori della Nato. Non ci [&hellip;]<\/p>\n","protected":false},"author":1,"featured_media":1000029022,"comment_status":"closed","ping_status":"open","sticky":false,"template":"","format":"standard","meta":{"content-type":"","_jetpack_memberships_contains_paid_content":false,"jnews-multi-image_gallery":[],"jnews_single_post":{"format":"standard"},"jnews_primary_category":[],"footnotes":"","jetpack_publicize_message":"","jetpack_publicize_feature_enabled":true,"jetpack_social_post_already_shared":true,"jetpack_social_options":{"image_generator_settings":{"template":"highway","default_image_id":0,"font":"","enabled":false},"version":2}},"categories":[41],"tags":[],"class_list":{"0":"post-1000029021","1":"post","2":"type-post","3":"status-publish","4":"format-standard","5":"has-post-thumbnail","7":"category-mundo"},"jetpack_publicize_connections":[],"jetpack_featured_media_url":"https:\/\/i0.wp.com\/gazzettinoitalianopatagonico.com\/wp-content\/uploads\/2026\/03\/zdcs.jpg?fit=842%2C420&ssl=1","jetpack_likes_enabled":true,"jetpack_sharing_enabled":true,"_links":{"self":[{"href":"https:\/\/gazzettinoitalianopatagonico.com\/index.php?rest_route=\/wp\/v2\/posts\/1000029021","targetHints":{"allow":["GET"]}}],"collection":[{"href":"https:\/\/gazzettinoitalianopatagonico.com\/index.php?rest_route=\/wp\/v2\/posts"}],"about":[{"href":"https:\/\/gazzettinoitalianopatagonico.com\/index.php?rest_route=\/wp\/v2\/types\/post"}],"author":[{"embeddable":true,"href":"https:\/\/gazzettinoitalianopatagonico.com\/index.php?rest_route=\/wp\/v2\/users\/1"}],"replies":[{"embeddable":true,"href":"https:\/\/gazzettinoitalianopatagonico.com\/index.php?rest_route=%2Fwp%2Fv2%2Fcomments&post=1000029021"}],"version-history":[{"count":1,"href":"https:\/\/gazzettinoitalianopatagonico.com\/index.php?rest_route=\/wp\/v2\/posts\/1000029021\/revisions"}],"predecessor-version":[{"id":1000029023,"href":"https:\/\/gazzettinoitalianopatagonico.com\/index.php?rest_route=\/wp\/v2\/posts\/1000029021\/revisions\/1000029023"}],"wp:featuredmedia":[{"embeddable":true,"href":"https:\/\/gazzettinoitalianopatagonico.com\/index.php?rest_route=\/wp\/v2\/media\/1000029022"}],"wp:attachment":[{"href":"https:\/\/gazzettinoitalianopatagonico.com\/index.php?rest_route=%2Fwp%2Fv2%2Fmedia&parent=1000029021"}],"wp:term":[{"taxonomy":"category","embeddable":true,"href":"https:\/\/gazzettinoitalianopatagonico.com\/index.php?rest_route=%2Fwp%2Fv2%2Fcategories&post=1000029021"},{"taxonomy":"post_tag","embeddable":true,"href":"https:\/\/gazzettinoitalianopatagonico.com\/index.php?rest_route=%2Fwp%2Fv2%2Ftags&post=1000029021"}],"curies":[{"name":"wp","href":"https:\/\/api.w.org\/{rel}","templated":true}]}}