{"id":1000029018,"date":"2026-03-16T19:11:39","date_gmt":"2026-03-16T22:11:39","guid":{"rendered":"https:\/\/gazzettinoitalianopatagonico.com\/?p=1000029018"},"modified":"2026-03-16T19:11:40","modified_gmt":"2026-03-16T22:11:40","slug":"espana-avanza-hacia-la-prohibicion-de-bebidas-energeticas-para-menores","status":"publish","type":"post","link":"https:\/\/gazzettinoitalianopatagonico.com\/?p=1000029018","title":{"rendered":"Espa\u00f1a avanza hacia la prohibici\u00f3n de bebidas energ\u00e9ticas para menores"},"content":{"rendered":"\n<p>El debate sobre el consumo de bebidas energ\u00e9ticas entre adolescentes volvi\u00f3 al centro de la agenda p\u00fablica en Espa\u00f1a. El gobierno nacional y varias comunidades aut\u00f3nomas impulsan medidas para restringir su venta a menores ante las advertencias de m\u00e9dicos y especialistas sobre sus efectos en la salud. El consumo de bebidas energ\u00e9ticas entre ni\u00f1os y adolescentes se convirti\u00f3 en un tema de preocupaci\u00f3n creciente en Espa\u00f1a. En los \u00faltimos meses, el pa\u00eds europeo comenz\u00f3 a debatir seriamente la posibilidad de limitar o incluso prohibir su venta a menores, en una discusi\u00f3n que combina argumentos sanitarios, educativos y regulatorios. El Ministerio de Derechos Sociales, Consumo y Agenda 2030 anunci\u00f3 recientemente su intenci\u00f3n de impulsar una regulaci\u00f3n que restrinja el acceso de los menores a este tipo de bebidas. La propuesta contempla impedir su venta a menores de 16 a\u00f1os y extender la restricci\u00f3n hasta los 18 a\u00f1os cuando se trate de productos con concentraciones elevadas de cafe\u00edna. Aunque la medida a\u00fan no se encuentra plenamente vigente en todo el territorio espa\u00f1ol, el debate ya comenz\u00f3 a traducirse en legislaci\u00f3n concreta en algunas regiones. Galicia se convirti\u00f3 en la primera comunidad aut\u00f3noma en avanzar con una norma espec\u00edfica que proh\u00edbe la venta de bebidas energ\u00e9ticas a menores de edad. La ley obliga a los comercios a verificar la edad del comprador cuando exista duda y busca reducir el acceso temprano a este tipo de productos, que en muchos casos combinan altas dosis de cafe\u00edna con az\u00facares y otros estimulantes. En Asturias tambi\u00e9n se trabaja en una iniciativa similar. El gobierno regional anunci\u00f3 que prepara un proyecto de ley para impedir su comercializaci\u00f3n a menores de 16 a\u00f1os, en l\u00ednea con la preocupaci\u00f3n creciente por el aumento de su consumo en la poblaci\u00f3n adolescente. El impulso regulatorio est\u00e1 acompa\u00f1ado por advertencias del \u00e1mbito m\u00e9dico. Diversas sociedades cient\u00edficas y asociaciones pedi\u00e1tricas espa\u00f1olas vienen alertando desde hace a\u00f1os sobre los posibles efectos del consumo habitual de estas bebidas en menores. Entre los riesgos se\u00f1alados aparecen trastornos del sue\u00f1o, ansiedad, irritabilidad, cefaleas y alteraciones cardiovasculares, especialmente cuando se consumen en grandes cantidades o se combinan con otras sustancias estimulantes. En paralelo, Espa\u00f1a ya introdujo una restricci\u00f3n indirecta en el \u00e1mbito educativo. Desde 2025 una normativa estatal limita la venta de productos con altos niveles de az\u00facar, grasas o sal en los centros escolares, lo que afecta a muchas de estas bebidas y reduce su disponibilidad en escuelas e institutos. El debate, sin embargo, no est\u00e1 cerrado. Algunos sectores sostienen que la regulaci\u00f3n debe enfocarse m\u00e1s en la informaci\u00f3n al consumidor y en la educaci\u00f3n nutricional, mientras que otros consideran que el impacto sanitario justifica restricciones m\u00e1s estrictas. En cualquier caso, el avance de estas medidas refleja un cambio en la percepci\u00f3n social sobre las bebidas energ\u00e9ticas. Lo que durante a\u00f1os fue presentado como un producto asociado al deporte o al rendimiento f\u00edsico comienza a ser observado con mayor cautela cuando se trata del consumo entre menores. La discusi\u00f3n que hoy atraviesa Espa\u00f1a se inscribe adem\u00e1s en una tendencia m\u00e1s amplia en Europa, donde varios pa\u00edses analizan regulaciones similares ante el aumento del consumo juvenil.<\/p>\n\n\n\n<p>A.G.<\/p>\n","protected":false},"excerpt":{"rendered":"<p>El debate sobre el consumo de bebidas energ\u00e9ticas entre adolescentes volvi\u00f3 al centro de la agenda p\u00fablica en Espa\u00f1a. El gobierno nacional y varias comunidades aut\u00f3nomas impulsan medidas para restringir su venta a menores ante las advertencias de m\u00e9dicos y especialistas sobre sus efectos en la salud. El consumo de bebidas energ\u00e9ticas entre ni\u00f1os y [&hellip;]<\/p>\n","protected":false},"author":1,"featured_media":1000029019,"comment_status":"closed","ping_status":"open","sticky":false,"template":"","format":"standard","meta":{"content-type":"","_jetpack_memberships_contains_paid_content":false,"jnews-multi-image_gallery":[],"jnews_single_post":{"format":"standard"},"jnews_primary_category":[],"footnotes":"","jetpack_publicize_message":"","jetpack_publicize_feature_enabled":true,"jetpack_social_post_already_shared":true,"jetpack_social_options":{"image_generator_settings":{"template":"highway","default_image_id":0,"font":"","enabled":false},"version":2}},"categories":[41],"tags":[],"class_list":{"0":"post-1000029018","1":"post","2":"type-post","3":"status-publish","4":"format-standard","5":"has-post-thumbnail","7":"category-mundo"},"jetpack_publicize_connections":[],"jetpack_featured_media_url":"https:\/\/i0.wp.com\/gazzettinoitalianopatagonico.com\/wp-content\/uploads\/2026\/03\/zxsder.jpg?fit=1440%2C810&ssl=1","jetpack_likes_enabled":true,"jetpack_sharing_enabled":true,"_links":{"self":[{"href":"https:\/\/gazzettinoitalianopatagonico.com\/index.php?rest_route=\/wp\/v2\/posts\/1000029018","targetHints":{"allow":["GET"]}}],"collection":[{"href":"https:\/\/gazzettinoitalianopatagonico.com\/index.php?rest_route=\/wp\/v2\/posts"}],"about":[{"href":"https:\/\/gazzettinoitalianopatagonico.com\/index.php?rest_route=\/wp\/v2\/types\/post"}],"author":[{"embeddable":true,"href":"https:\/\/gazzettinoitalianopatagonico.com\/index.php?rest_route=\/wp\/v2\/users\/1"}],"replies":[{"embeddable":true,"href":"https:\/\/gazzettinoitalianopatagonico.com\/index.php?rest_route=%2Fwp%2Fv2%2Fcomments&post=1000029018"}],"version-history":[{"count":1,"href":"https:\/\/gazzettinoitalianopatagonico.com\/index.php?rest_route=\/wp\/v2\/posts\/1000029018\/revisions"}],"predecessor-version":[{"id":1000029020,"href":"https:\/\/gazzettinoitalianopatagonico.com\/index.php?rest_route=\/wp\/v2\/posts\/1000029018\/revisions\/1000029020"}],"wp:featuredmedia":[{"embeddable":true,"href":"https:\/\/gazzettinoitalianopatagonico.com\/index.php?rest_route=\/wp\/v2\/media\/1000029019"}],"wp:attachment":[{"href":"https:\/\/gazzettinoitalianopatagonico.com\/index.php?rest_route=%2Fwp%2Fv2%2Fmedia&parent=1000029018"}],"wp:term":[{"taxonomy":"category","embeddable":true,"href":"https:\/\/gazzettinoitalianopatagonico.com\/index.php?rest_route=%2Fwp%2Fv2%2Fcategories&post=1000029018"},{"taxonomy":"post_tag","embeddable":true,"href":"https:\/\/gazzettinoitalianopatagonico.com\/index.php?rest_route=%2Fwp%2Fv2%2Ftags&post=1000029018"}],"curies":[{"name":"wp","href":"https:\/\/api.w.org\/{rel}","templated":true}]}}