{"id":1000029009,"date":"2026-03-16T17:36:39","date_gmt":"2026-03-16T20:36:39","guid":{"rendered":"https:\/\/gazzettinoitalianopatagonico.com\/?p=1000029009"},"modified":"2026-03-16T17:36:41","modified_gmt":"2026-03-16T20:36:41","slug":"marielle-franco-el-tiro-que-no-pudo-silenciarla","status":"publish","type":"post","link":"https:\/\/gazzettinoitalianopatagonico.com\/?p=1000029009","title":{"rendered":"Marielle Franco: el tiro que no pudo silenciarla"},"content":{"rendered":"\n<p>Concejala, feminista negra y favelada. La asesinaron el 14 de marzo de 2018. Su voz sigue sonando.<\/p>\n\n\n\n<p>La noche del 14 de marzo de 2018, Marielle Franco sal\u00eda de un evento cultural en el centro de R\u00edo de Janeiro llamado &#8216;J\u00f3venes Negras Moviendo las Estructuras&#8217;. Iba en un autom\u00f3vil con su asistente, Fernanda Chaves, y el chofer Anderson Gomes. En la calle Joaquim Palhares, en el barrio del Est\u00e1cio, otro auto se acerc\u00f3 y un hombre dispar\u00f3 nueve balas hacia el interior del veh\u00edculo. Cuatro de ellas alcanzaron a Marielle Franco en la cabeza. Anderson Gomes tambi\u00e9n muri\u00f3. Fernanda Chaves sobrevivi\u00f3. Ten\u00eda treinta y ocho a\u00f1os. Era concejala por el Partido Socialismo e Liberdade en la C\u00e1mara Municipal de R\u00edo de Janeiro, elegida en 2016 con m\u00e1s de cuarenta y seis mil votos: el quinto resultado m\u00e1s alto de las elecciones municipales de ese a\u00f1o. Era negra, era mujer, era lesbiana, era de la favela de la Mar\u00e9. Era exactamente todo lo que el poder tradicional de R\u00edo de Janeiro no esperaba ver en un cargo pol\u00edtico. Marielle Viana Franco hab\u00eda nacido en 1979 en el Complexo da Mar\u00e9, uno de los conjuntos de favelas m\u00e1s grandes de R\u00edo de Janeiro, en el norte de la ciudad, lejos de las playas y los carteles tur\u00edsticos. Creci\u00f3 en una comunidad donde la violencia policial era una amenaza cotidiana, donde las oportunidades depend\u00edan de qui\u00e9n conoc\u00edas y de qu\u00e9 lado de la ciudad viv\u00edas, donde el Estado aparec\u00eda principalmente en forma de armas. A los diecis\u00e9is a\u00f1os qued\u00f3 embarazada. Tuvo a su hija Luyara, que crece hoy en el mundo que su madre intent\u00f3 cambiar. El embarazo temprano podr\u00eda haber cerrado puertas. Marielle Franco eligi\u00f3 que no. Estudi\u00f3 en la Pontif\u00edcia Universidade Cat\u00f3lica do Rio de Janeiro gracias a una beca, y despu\u00e9s hizo una maestr\u00eda en Administraci\u00f3n P\u00fablica en la Universidade Federal Fluminense, donde investig\u00f3 la pol\u00edtica de seguridad p\u00fablica en las favelas y c\u00f3mo esa pol\u00edtica afectaba desproporcionadamente a la poblaci\u00f3n negra. Trabaj\u00f3 durante a\u00f1os en organizaciones de derechos humanos y en el gabinete de la Comisi\u00f3n de Derechos Humanos de la C\u00e1mara Municipal. Aprendi\u00f3 c\u00f3mo funcionan las instituciones desde adentro, c\u00f3mo se toman las decisiones que afectan a los que viven lejos del centro del poder. Y cuando decidi\u00f3 entrar a la pol\u00edtica directamente, lo hizo con una plataforma que no intentaba suavizar nada para resultar m\u00e1s aceptable: feminismo negro, derechos de las personas LGBTQ+, fin de la violencia policial en las favelas, vivienda digna, salud p\u00fablica. En el Concejo Municipal de R\u00edo, fue durante diecis\u00e9is meses una presencia que incomodaba a quienes estaban acostumbrados a que ciertas voces no llegaran a ciertos espacios. Fiscaliz\u00f3 las operaciones de seguridad en las favelas con datos. Denunci\u00f3 las ejecuciones extrajudiciales. Cuestion\u00f3 la intervenci\u00f3n federal militar en R\u00edo de Janeiro, decretada por el presidente Temer tres semanas antes de su muerte. Nombr\u00f3 lo que el discurso oficial prefer\u00eda dejar innombrado. El crimen ocurri\u00f3 en ese contexto. Los asesinos materiales fueron identificados y condenados: Ronnie Lessa, polic\u00eda militar retirado, dispar\u00f3 las balas. \u00c9lcio de Queiroz condujo el auto. Pero la investigaci\u00f3n sobre qui\u00e9n orden\u00f3 el crimen \u2014los mandantes intelectuales\u2014 tom\u00f3 a\u00f1os de demoras, bloqueos y sospechas de complicidad institucional que sacudieron la pol\u00edtica brasile\u00f1a. En 2024, el expresidente Jair Bolsonaro y su aliado pol\u00edtico Domingos Braz\u00e3o fueron formalmente acusados de ser los mandantes del asesinato. El proceso judicial contin\u00faa. La justicia, cuando llega, llega lenta y sin devolver lo que se llev\u00f3. Pero algo que nadie calcul\u00f3 ocurri\u00f3 despu\u00e9s de esa noche: Marielle Franco se volvi\u00f3 m\u00e1s presente. Su nombre se escribi\u00f3 en muros de todo Brasil, de toda Am\u00e9rica Latina, de Europa, de Estados Unidos. &#8216;Marielle Presente&#8217; se convirti\u00f3 en un grito de protesta en manifestaciones feministas y antirracistas de todo el mundo. Sus palabras \u2014que en vida llegaban a R\u00edo de Janeiro\u2014 en muerte llegaron a todas partes. Su hija Luyara, que ten\u00eda diecinueve a\u00f1os cuando la mataron, se convirti\u00f3 en activista. Su esposa Monica Benicio sigui\u00f3 siendo una voz p\u00fablica por la justicia. El PSOL, su partido, nombr\u00f3 candidatas en su honor. En 2022, Anielle Franco \u2014su hermana\u2014 fue elegida diputada federal y luego nombrada ministra de Igualdad Racial en el gobierno de Lula. El disparo que mat\u00f3 a Marielle Franco quer\u00eda silenciarla. Produjo lo contrario: la multiplic\u00f3.<\/p>\n\n\n\n<p><em>\u201cFui elegida por la fuerza de las mujeres negras de las favelas y voy a ocupar este espacio con mucho orgullo.\u201d<\/em>&nbsp;&nbsp;\u2014 Marielle Franco<\/p>\n\n\n\n<p>M.T.<\/p>\n","protected":false},"excerpt":{"rendered":"<p>Concejala, feminista negra y favelada. La asesinaron el 14 de marzo de 2018. Su voz sigue sonando. La noche del 14 de marzo de 2018, Marielle Franco sal\u00eda de un evento cultural en el centro de R\u00edo de Janeiro llamado &#8216;J\u00f3venes Negras Moviendo las Estructuras&#8217;. Iba en un autom\u00f3vil con su asistente, Fernanda Chaves, y [&hellip;]<\/p>\n","protected":false},"author":1,"featured_media":1000029010,"comment_status":"closed","ping_status":"open","sticky":false,"template":"","format":"standard","meta":{"content-type":"","_jetpack_memberships_contains_paid_content":false,"jnews-multi-image_gallery":[],"jnews_single_post":{"format":"standard"},"jnews_primary_category":[],"footnotes":"","jetpack_publicize_message":"","jetpack_publicize_feature_enabled":true,"jetpack_social_post_already_shared":true,"jetpack_social_options":{"image_generator_settings":{"template":"highway","default_image_id":0,"font":"","enabled":false},"version":2}},"categories":[270],"tags":[268],"class_list":{"0":"post-1000029009","1":"post","2":"type-post","3":"status-publish","4":"format-standard","5":"has-post-thumbnail","7":"category-america-latina","8":"tag-america-latina"},"jetpack_publicize_connections":[],"jetpack_featured_media_url":"https:\/\/i0.wp.com\/gazzettinoitalianopatagonico.com\/wp-content\/uploads\/2026\/03\/zadggh.jpg?fit=900%2C506&ssl=1","jetpack_likes_enabled":true,"jetpack_sharing_enabled":true,"_links":{"self":[{"href":"https:\/\/gazzettinoitalianopatagonico.com\/index.php?rest_route=\/wp\/v2\/posts\/1000029009","targetHints":{"allow":["GET"]}}],"collection":[{"href":"https:\/\/gazzettinoitalianopatagonico.com\/index.php?rest_route=\/wp\/v2\/posts"}],"about":[{"href":"https:\/\/gazzettinoitalianopatagonico.com\/index.php?rest_route=\/wp\/v2\/types\/post"}],"author":[{"embeddable":true,"href":"https:\/\/gazzettinoitalianopatagonico.com\/index.php?rest_route=\/wp\/v2\/users\/1"}],"replies":[{"embeddable":true,"href":"https:\/\/gazzettinoitalianopatagonico.com\/index.php?rest_route=%2Fwp%2Fv2%2Fcomments&post=1000029009"}],"version-history":[{"count":1,"href":"https:\/\/gazzettinoitalianopatagonico.com\/index.php?rest_route=\/wp\/v2\/posts\/1000029009\/revisions"}],"predecessor-version":[{"id":1000029011,"href":"https:\/\/gazzettinoitalianopatagonico.com\/index.php?rest_route=\/wp\/v2\/posts\/1000029009\/revisions\/1000029011"}],"wp:featuredmedia":[{"embeddable":true,"href":"https:\/\/gazzettinoitalianopatagonico.com\/index.php?rest_route=\/wp\/v2\/media\/1000029010"}],"wp:attachment":[{"href":"https:\/\/gazzettinoitalianopatagonico.com\/index.php?rest_route=%2Fwp%2Fv2%2Fmedia&parent=1000029009"}],"wp:term":[{"taxonomy":"category","embeddable":true,"href":"https:\/\/gazzettinoitalianopatagonico.com\/index.php?rest_route=%2Fwp%2Fv2%2Fcategories&post=1000029009"},{"taxonomy":"post_tag","embeddable":true,"href":"https:\/\/gazzettinoitalianopatagonico.com\/index.php?rest_route=%2Fwp%2Fv2%2Ftags&post=1000029009"}],"curies":[{"name":"wp","href":"https:\/\/api.w.org\/{rel}","templated":true}]}}