{"id":1000028963,"date":"2026-03-16T11:33:52","date_gmt":"2026-03-16T14:33:52","guid":{"rendered":"https:\/\/gazzettinoitalianopatagonico.com\/?p=1000028963"},"modified":"2026-03-16T11:33:54","modified_gmt":"2026-03-16T14:33:54","slug":"allah-si-cristo-no-lipocrisia-in-queste-foto-su-trump-e-mamdani","status":"publish","type":"post","link":"https:\/\/gazzettinoitalianopatagonico.com\/?p=1000028963","title":{"rendered":"Allah s\u00ec, Cristo no: l\u2019ipocrisia in queste foto su Trump e Mamdani"},"content":{"rendered":"\n<p>Nel giro di poche settimane, due figure apicali della politica degli Stati Uniti hanno pubblicamente inserito dei momenti religiosi nei loro uffici, scatenando per\u00f2 reazioni mediatiche molto diverse. Andiamo con ordine: il 5 marzo, il presidente Donald Trump ha ospitato un gruppo di pastori evangelici nello Studio Ovale per una sessione di preghiera per la guerra in Iran. Le immagini video condivise ovunque hanno mostrato i pastori che imponevano le mani su Trump mentre pregavano chiedendo protezione per le truppe americane. L\u2019evento \u00e8 diventato virale rapidamente e non in modo lusinghiero. I critici, infatti, lo hanno etichettato la preghiera come un atto retrivo, teatrale o addirittura degno di una setta. Dunque, la spiritualit\u00e0 del presidente USA \u00e8 stata percepita come trash o comunque fuori luogo: a torto o a ragione, per tanti invocare la fede in un momento di crisi \u00e8 intrinsecamente ridicolo. E fin qui tutto bene, \u00e8 un feedback che pu\u00f2 essere condivisibile. Il problema per\u00f2 \u00e8 che le recensioni cambiano radicalmente e diventano positive quando il primo sindaco musulmano della citt\u00e0 di New York, Zohran Mamdani, decide di ospitare un iftar (la rottura tradizionale del digiuno per il Ramadan) nel municipio della Grande Mela. I partecipanti musulmani si sono seduti a terra per pregare e condividere un pasto insieme al loro sindaco. Insomma, l\u2019approccio religioso \u00e8 stato molto simile a quello di Trump, eppure in questo caso la copertura mediatica \u00e8 stata prevalentemente positiva: le testate lo hanno descritto come uno splendido simbolo di integrazione nella citt\u00e0 pi\u00f9 multiculturale d\u2019America. I dipendenti musulmani del municipio hanno espresso entusiasmo per la visibilit\u00e0 e i post sui social media hanno celebrato l\u2019inclusivit\u00e0. Praticamente nessun quotidiano lo ha inquadrato come una violazione della separazione tra religione e politica. Tutt\u2019altro: il gesto \u00e8 stato acclamato come un passo verso il raggiungimento di una sperata armonia culturale. Perch\u00e9 questa disparit\u00e0 evidente? Perch\u00e9 l\u2019espressione di cristianesimo di un leader \u00e8 accolta con derisione, mentre l\u2019osservanza islamica di un altro \u00e8 lodata come geniale? Purtroppo, \u00e8 una mera questione di politica: la base evangelica di Trump si allinea con i conservatori e cos\u00ec viene spesso dipinta dalle testate di sinistra come fanatica. Mamdani invece, un democratico progressista, si inserisce in una narrazione di diversit\u00e0 e inclusione, rendendo le sue azioni immuni a critiche simili nonostante l\u2019Islam per definizione sia une religione molto pi\u00f9 dura e retriva del cristianesimo. Eppure, mentre il cristianesimo viene visto come sempre pi\u00f9 trash e arcaico, l\u2019Islam viene visto come una stupenda manifestazione culturale. Persino e soprattutto in Occidente. Sta di fatto che entrambi gli eventi condividono un terreno comune (e, se vogliamo guardarla cinicamente, lo stesso intento un po\u2019 ruffiano di due leader che si rivolgono alle comunit\u00e0 religiose per avere pi\u00f9 grip elettorale). Ma nel mondo attuale va bene ridicolizzare una religione ed esaltarne un\u2019altra. Questo \u00e8 un altro tassello dell\u2019ipocrisia sociale del nostro tempo: sputare sulla cultura occidentale ed esaltare le alloctone, semplicemente perch\u00e9 \u00e8 chic.<\/p>\n\n\n\n<p>Alessandro Bonelli<\/p>\n","protected":false},"excerpt":{"rendered":"<p>Nel giro di poche settimane, due figure apicali della politica degli Stati Uniti hanno pubblicamente inserito dei momenti religiosi nei loro uffici, scatenando per\u00f2 reazioni mediatiche molto diverse. Andiamo con ordine: il 5 marzo, il presidente Donald Trump ha ospitato un gruppo di pastori evangelici nello Studio Ovale per una sessione di preghiera per la [&hellip;]<\/p>\n","protected":false},"author":1,"featured_media":1000028964,"comment_status":"closed","ping_status":"open","sticky":false,"template":"","format":"standard","meta":{"content-type":"","_jetpack_memberships_contains_paid_content":false,"jnews-multi-image_gallery":[],"jnews_single_post":{"format":"standard"},"jnews_primary_category":[],"footnotes":"","jetpack_publicize_message":"","jetpack_publicize_feature_enabled":true,"jetpack_social_post_already_shared":true,"jetpack_social_options":{"image_generator_settings":{"template":"highway","default_image_id":0,"font":"","enabled":false},"version":2}},"categories":[41],"tags":[],"class_list":{"0":"post-1000028963","1":"post","2":"type-post","3":"status-publish","4":"format-standard","5":"has-post-thumbnail","7":"category-mundo"},"jetpack_publicize_connections":[],"jetpack_featured_media_url":"https:\/\/i0.wp.com\/gazzettinoitalianopatagonico.com\/wp-content\/uploads\/2026\/03\/zedc.jpg?fit=912%2C512&ssl=1","jetpack_likes_enabled":true,"jetpack_sharing_enabled":true,"_links":{"self":[{"href":"https:\/\/gazzettinoitalianopatagonico.com\/index.php?rest_route=\/wp\/v2\/posts\/1000028963","targetHints":{"allow":["GET"]}}],"collection":[{"href":"https:\/\/gazzettinoitalianopatagonico.com\/index.php?rest_route=\/wp\/v2\/posts"}],"about":[{"href":"https:\/\/gazzettinoitalianopatagonico.com\/index.php?rest_route=\/wp\/v2\/types\/post"}],"author":[{"embeddable":true,"href":"https:\/\/gazzettinoitalianopatagonico.com\/index.php?rest_route=\/wp\/v2\/users\/1"}],"replies":[{"embeddable":true,"href":"https:\/\/gazzettinoitalianopatagonico.com\/index.php?rest_route=%2Fwp%2Fv2%2Fcomments&post=1000028963"}],"version-history":[{"count":1,"href":"https:\/\/gazzettinoitalianopatagonico.com\/index.php?rest_route=\/wp\/v2\/posts\/1000028963\/revisions"}],"predecessor-version":[{"id":1000028965,"href":"https:\/\/gazzettinoitalianopatagonico.com\/index.php?rest_route=\/wp\/v2\/posts\/1000028963\/revisions\/1000028965"}],"wp:featuredmedia":[{"embeddable":true,"href":"https:\/\/gazzettinoitalianopatagonico.com\/index.php?rest_route=\/wp\/v2\/media\/1000028964"}],"wp:attachment":[{"href":"https:\/\/gazzettinoitalianopatagonico.com\/index.php?rest_route=%2Fwp%2Fv2%2Fmedia&parent=1000028963"}],"wp:term":[{"taxonomy":"category","embeddable":true,"href":"https:\/\/gazzettinoitalianopatagonico.com\/index.php?rest_route=%2Fwp%2Fv2%2Fcategories&post=1000028963"},{"taxonomy":"post_tag","embeddable":true,"href":"https:\/\/gazzettinoitalianopatagonico.com\/index.php?rest_route=%2Fwp%2Fv2%2Ftags&post=1000028963"}],"curies":[{"name":"wp","href":"https:\/\/api.w.org\/{rel}","templated":true}]}}