{"id":1000028960,"date":"2026-03-16T11:30:37","date_gmt":"2026-03-16T14:30:37","guid":{"rendered":"https:\/\/gazzettinoitalianopatagonico.com\/?p=1000028960"},"modified":"2026-03-16T11:30:39","modified_gmt":"2026-03-16T14:30:39","slug":"reclamo-nacional-arranca-el-paro-nacional-universitario-dos-semanas-en-defensa-del-salario-y-el-financiamiento-educativo","status":"publish","type":"post","link":"https:\/\/gazzettinoitalianopatagonico.com\/?p=1000028960","title":{"rendered":"RECLAMO NACIONAL: Arranca el paro nacional universitario: dos semanas \u201cen defensa del salario y el financiamiento educativo\u201d"},"content":{"rendered":"\n<p>Los trabajadores piden que se les pague \u201cel 55,4% de aumento salarial\u201d dispuesto por la Ley de Financiamiento Universitario<\/p>\n\n\n\n<p>Desde este lunes 16 de marzo, las universidades p\u00fablicas de todo el pa\u00eds detendr\u00e1n sus actividades en el marco de un paro nacional convocado por las dos federaciones docentes mayoritarias. La medida se desarrollar\u00e1 en dos tramos: del 16 al 21 y del 23 al 30 de marzo. En la UBA, el conflicto es m\u00e1s profundo: los docentes votaron un paro \u00abpor tiempo indeterminado\u00bb hasta que se les pague el 55,4% de aumento que establece la Ley de Financiamiento Universitario. El conflicto universitario alcanza su punto m\u00e1s cr\u00edtico en lo que va del a\u00f1o. Este lunes 16 de marzo comienza el paro nacional docente convocado por las dos federaciones nacionales mayoritarias, Conadu Hist\u00f3rica y Conadu, quienes resolvieron un cese de actividades en dos tramos: el primero, desde hoy hasta el 21 de marzo, y el segundo, desde el 23 hasta el 30 de marzo. La medida de fuerza tiene alcance nacional y afectar\u00e1 a la mayor\u00eda de las instituciones universitarias p\u00fablicas del pa\u00eds, entre ellas la Universidad Nacional de la Patagonia San Juan Bosco.<\/p>\n\n\n\n<p>El conflicto m\u00e1s duro: la UBA para por tiempo indeterminado<\/p>\n\n\n\n<p>Mientras el paro nacional tiene fechas definidas, en la Universidad de Buenos Aires (UBA) la situaci\u00f3n es m\u00e1s compleja. Los docentes nucleados en la Asociaci\u00f3n Gremial Docente de la UBA (AGD-UBA) votaron en asamblea un paro por tiempo indeterminado, que tambi\u00e9n comienza este lunes 16 de marzo, y se extender\u00e1 hasta que el Gobierno cumpla con el pago del 55,4% de aumento salarial dispuesto por la Ley de Financiamiento Universitario N.\u00ba 27.795. La decisi\u00f3n, adoptada por unanimidad, implica que los docentes de la UBA no volver\u00e1n a las aulas hasta que se regularice la situaci\u00f3n salarial y se aplique la ley vigente, que fue aprobada por el Congreso el a\u00f1o pasado, vetada por el presidente Javier Milei y luego ratificada en ambas c\u00e1maras.<\/p>\n\n\n\n<p>El reclamo salarial: n\u00fameros que alarman<\/p>\n\n\n\n<p>El principal motor de la medida es la recomposici\u00f3n salarial. Los gremios denuncian un \u00abatraso\u00bb significativo frente a la inflaci\u00f3n y exigen la aplicaci\u00f3n plena de la Ley de Financiamiento Universitario, que incluye un mayor presupuesto para el funcionamiento de todas las universidades.<\/p>\n\n\n\n<p>Los docentes de la UBA presentaron un informe de evoluci\u00f3n salarial que arroja datos contundentes:<\/p>\n\n\n\n<p>&#8211;&nbsp;&nbsp;&nbsp;&nbsp;&nbsp;&nbsp;&nbsp;&nbsp;&nbsp;&nbsp;El sueldo real docente \u00abse encuentra en su m\u00ednimo hist\u00f3rico\u00bb.<\/p>\n\n\n\n<p>&#8211;&nbsp;&nbsp;&nbsp;&nbsp;&nbsp;&nbsp;&nbsp;&nbsp;&nbsp;&nbsp;Est\u00e1 35,6% por debajo de noviembre de 2023.<\/p>\n\n\n\n<p>&#8211;&nbsp;&nbsp;&nbsp;&nbsp;&nbsp;&nbsp;&nbsp;&nbsp;&nbsp;&nbsp;Es 2,7% inferior a los peores niveles alcanzados en 2004.<\/p>\n\n\n\n<p>Laura Carboni, secretaria general de AGD-UBA, declar\u00f3 que desde noviembre de 2023 \u00abperdieron el equivalente a 11,5 salarios\u00bb y explic\u00f3 que \u00abde cada tres meses trabajados, solo pagaron dos\u00bb. \u00abEn septiembre tuvimos 4,3% de aumento, contra una inflaci\u00f3n acumulada del 14,2% entre octubre y febrero. Cero por ciento de aumento en enero, cero por ciento de aumento en febrero, mientras sube el transporte, los alimentos y los alquileres. No podemos seguir as\u00ed\u00bb, enfatiz\u00f3 Carboni en di\u00e1logo con la prensa.<\/p>\n\n\n\n<p>El rechazo a la propuesta del Gobierno<\/p>\n\n\n\n<p>Los gremios tambi\u00e9n cuestionaron duramente la \u00faltima propuesta oficial, que consiste en un aumento del 12% en lugar del 51% o 55,4% reclamado, a pagar en tres cuotas hasta octubre de 2026. \u00abLa nueva maniobra del Gobierno Nacional para no acatar la Ley es una modificaci\u00f3n que desconoce la deuda y nos da un aumento del 12%, en lugar del 51% adeudado, y encima en tres cuotas a pagar hasta octubre de 2026. Eso es inaceptable\u00bb, sostuvo Carboni, quien adem\u00e1s plante\u00f3 la necesidad de convocar a una marcha federal antes del tratamiento de la modificaci\u00f3n en el Congreso.<\/p>\n\n\n\n<p>\u00abPor tiempo indeterminado hasta la huelga general universitaria\u00bb<\/p>\n\n\n\n<p>La resoluci\u00f3n de AGD-UBA establece una escalada del plan de lucha que incluye paros, movilizaciones regionales y federales, cortes, permanencias en facultades y colegios, y la convocatoria a una eventual huelga general universitaria. \u00abNo volvemos a las aulas hasta que nos paguen el 51% que nos deben y que se cumpla la ley vigente. Plan de lucha nacional, con paros, movilizaciones. Con acciones y cortes, permanencias en facultades y colegios de todo el pa\u00eds. Vayamos al paro por tiempo indeterminado hasta la huelga general universitaria, en defensa del salario y la universidad p\u00fablica\u00bb, se\u00f1ala el texto votado.<\/p>\n\n\n\n<p>Un conflicto que crece<\/p>\n\n\n\n<p>El paro nacional universitario de marzo es el primero de una serie de medidas que podr\u00edan profundizarse en las pr\u00f3ximas semanas si no hay respuestas del Gobierno. Mientras tanto, los docentes de la UBA ya pusieron un pie en el acelerador y advierten: no hay fecha de regreso a las aulas hasta que se cumpla la ley.Programas de televisi\u00f3n La comunidad educativa permanece en vilo, los estudiantes ven peligrar el inicio del ciclo lectivo y los gremios se mantienen firmes en su reclamo: salario digno, financiamiento universitario y cumplimiento de la ley.M.T.<\/p>\n","protected":false},"excerpt":{"rendered":"<p>Los trabajadores piden que se les pague \u201cel 55,4% de aumento salarial\u201d dispuesto por la Ley de Financiamiento Universitario Desde este lunes 16 de marzo, las universidades p\u00fablicas de todo el pa\u00eds detendr\u00e1n sus actividades en el marco de un paro nacional convocado por las dos federaciones docentes mayoritarias. La medida se desarrollar\u00e1 en dos [&hellip;]<\/p>\n","protected":false},"author":1,"featured_media":1000028961,"comment_status":"closed","ping_status":"open","sticky":false,"template":"","format":"standard","meta":{"content-type":"","_jetpack_memberships_contains_paid_content":false,"jnews-multi-image_gallery":[],"jnews_single_post":{"format":"standard"},"jnews_primary_category":[],"footnotes":"","jetpack_publicize_message":"","jetpack_publicize_feature_enabled":true,"jetpack_social_post_already_shared":true,"jetpack_social_options":{"image_generator_settings":{"template":"highway","default_image_id":0,"font":"","enabled":false},"version":2}},"categories":[270],"tags":[268,332,741],"class_list":{"0":"post-1000028960","1":"post","2":"type-post","3":"status-publish","4":"format-standard","5":"has-post-thumbnail","7":"category-america-latina","8":"tag-america-latina","9":"tag-argentina","10":"tag-universidad-nacional"},"jetpack_publicize_connections":[],"jetpack_featured_media_url":"https:\/\/i0.wp.com\/gazzettinoitalianopatagonico.com\/wp-content\/uploads\/2026\/03\/zxcvf.jpg?fit=842%2C640&ssl=1","jetpack_likes_enabled":true,"jetpack_sharing_enabled":true,"_links":{"self":[{"href":"https:\/\/gazzettinoitalianopatagonico.com\/index.php?rest_route=\/wp\/v2\/posts\/1000028960","targetHints":{"allow":["GET"]}}],"collection":[{"href":"https:\/\/gazzettinoitalianopatagonico.com\/index.php?rest_route=\/wp\/v2\/posts"}],"about":[{"href":"https:\/\/gazzettinoitalianopatagonico.com\/index.php?rest_route=\/wp\/v2\/types\/post"}],"author":[{"embeddable":true,"href":"https:\/\/gazzettinoitalianopatagonico.com\/index.php?rest_route=\/wp\/v2\/users\/1"}],"replies":[{"embeddable":true,"href":"https:\/\/gazzettinoitalianopatagonico.com\/index.php?rest_route=%2Fwp%2Fv2%2Fcomments&post=1000028960"}],"version-history":[{"count":1,"href":"https:\/\/gazzettinoitalianopatagonico.com\/index.php?rest_route=\/wp\/v2\/posts\/1000028960\/revisions"}],"predecessor-version":[{"id":1000028962,"href":"https:\/\/gazzettinoitalianopatagonico.com\/index.php?rest_route=\/wp\/v2\/posts\/1000028960\/revisions\/1000028962"}],"wp:featuredmedia":[{"embeddable":true,"href":"https:\/\/gazzettinoitalianopatagonico.com\/index.php?rest_route=\/wp\/v2\/media\/1000028961"}],"wp:attachment":[{"href":"https:\/\/gazzettinoitalianopatagonico.com\/index.php?rest_route=%2Fwp%2Fv2%2Fmedia&parent=1000028960"}],"wp:term":[{"taxonomy":"category","embeddable":true,"href":"https:\/\/gazzettinoitalianopatagonico.com\/index.php?rest_route=%2Fwp%2Fv2%2Fcategories&post=1000028960"},{"taxonomy":"post_tag","embeddable":true,"href":"https:\/\/gazzettinoitalianopatagonico.com\/index.php?rest_route=%2Fwp%2Fv2%2Ftags&post=1000028960"}],"curies":[{"name":"wp","href":"https:\/\/api.w.org\/{rel}","templated":true}]}}