{"id":1000028945,"date":"2026-03-16T10:59:05","date_gmt":"2026-03-16T13:59:05","guid":{"rendered":"https:\/\/gazzettinoitalianopatagonico.com\/?p=1000028945"},"modified":"2026-03-16T10:59:07","modified_gmt":"2026-03-16T13:59:07","slug":"paganini-ice-dallitalia-10-imprese-eccellenza-a-bedex-2026","status":"publish","type":"post","link":"https:\/\/gazzettinoitalianopatagonico.com\/?p=1000028945","title":{"rendered":"Paganini (Ice): \u201cDall\u2019Italia 10 imprese eccellenza a BedEx 2026\u201d"},"content":{"rendered":"\n<p>Le dieci eccellenze italiane nei settori delle telecomunicazioni, della logistica, della cybersecurity, dell\u2019ingegneria applicata alla difesa e dell\u2019aerospazio protagoniste a \u201cBedEx 2026\u201d, la fiera internazionale dedicata alla difesa e alla sicurezza tenutasi a Bruxelles. Per la prima volta l\u2019Italia partecipa alla manifestazione con un padiglione che riunisce dieci aziende innovative, tra piccole e medie imprese, impegnate nello sviluppo di tecnologie avanzate. In occasione dell\u2019evento il direttore dell\u2019Ufficio di Bruxelles dell\u2019Agenzia Ice, Tindaro Paganini, ha sottolineato l\u2019importanza della presenza italiana alla fiera. Paganini ha spiegato che il padiglione rappresenta un primo passo nel percorso di internazionalizzazione delle imprese italiane del settore, evidenziando come le aziende presenti siano attive nella produzione di soluzioni tecnologiche avanzate che vanno oltre il solo ambito della difesa, con competenze che spaziano dalla logistica alle telecomunicazioni fino all\u2019ingegneria applicata.<\/p>\n\n\n\n<p>\u201cQueste aziende sono innovative nella produzione di prodotti ad alta tecnologia che vanno ben oltre il settore della difesa. Vi sono eccellenze nella logistica ma anche nell\u2019ingegneria applicata alla difesa. Sono sicuro che queste eccellenze porteranno grandi vantaggi a tutte le aziende partecipanti\u201d, ha dichiarato Paganini, ricordando come l\u2019Ice sia \u201cin prima fila per supportare le aziende italiane nei loro sforzi di internazionalizzazione\u201d. Il direttore ha inoltre sottolineato che la presenza alla fiera rappresenta un passaggio fondamentale per le imprese che puntano ad espandere il proprio business sui mercati internazionali.<\/p>\n\n\n\n<p>All\u2019evento era presente anche l\u2019ambasciatrice d\u2019Italia in Belgio, Federica Favi, che ha evidenziato come Bedex 2026 rappresenti una prima importante occasione per presentare in maniera coordinata le aziende italiane della difesa al mercato belga. Secondo Favi, la partecipazione italiana ha gi\u00e0 riscosso interesse, come dimostrato dalla visita del ministro della Difesa del Belgio al padiglione nazionale.<\/p>\n\n\n\n<p>\u201cPer la prima volta l\u2019Italia si presenta come unico Paese a questa fiera con un padiglione con dieci aziende, tra piccole e medie imprese. La prospettiva \u00e8 quella di avere una collaborazione sempre pi\u00f9 stretta\u201d, ha spiegato l\u2019ambasciatrice, ricordando che accanto alle Pmi presenti nel padiglione nazionale sono gi\u00e0 attive in Belgio anche alcune delle principali industrie italiane del comparto.<\/p>\n\n\n\n<p>Favi ha inoltre sottolineato come \u201cle opportunit\u00e0 di collaborazione riguardino l\u2019intero ecosistema industriale della difesa italiana, dalle realt\u00e0 pi\u00f9 piccole e innovative fino alle aziende pi\u00f9 strutturate e tecnologicamente avanzate\u201d ha concluso l\u2019ambasciatrice.<\/p>\n\n\n\n<p>Alessio Pisan\u00f2<\/p>\n","protected":false},"excerpt":{"rendered":"<p>Le dieci eccellenze italiane nei settori delle telecomunicazioni, della logistica, della cybersecurity, dell\u2019ingegneria applicata alla difesa e dell\u2019aerospazio protagoniste a \u201cBedEx 2026\u201d, la fiera internazionale dedicata alla difesa e alla sicurezza tenutasi a Bruxelles. Per la prima volta l\u2019Italia partecipa alla manifestazione con un padiglione che riunisce dieci aziende innovative, tra piccole e medie imprese, [&hellip;]<\/p>\n","protected":false},"author":1,"featured_media":1000028946,"comment_status":"closed","ping_status":"open","sticky":false,"template":"","format":"standard","meta":{"content-type":"","_jetpack_memberships_contains_paid_content":false,"jnews-multi-image_gallery":[],"jnews_single_post":{"format":"standard"},"jnews_primary_category":[],"footnotes":"","jetpack_publicize_message":"","jetpack_publicize_feature_enabled":true,"jetpack_social_post_already_shared":true,"jetpack_social_options":{"image_generator_settings":{"template":"highway","default_image_id":0,"font":"","enabled":false},"version":2}},"categories":[103],"tags":[102],"class_list":{"0":"post-1000028945","1":"post","2":"type-post","3":"status-publish","4":"format-standard","5":"has-post-thumbnail","7":"category-economia","8":"tag-economia"},"jetpack_publicize_connections":[],"jetpack_featured_media_url":"https:\/\/i0.wp.com\/gazzettinoitalianopatagonico.com\/wp-content\/uploads\/2026\/03\/ZASQW.jpg?fit=1024%2C576&ssl=1","jetpack_likes_enabled":true,"jetpack_sharing_enabled":true,"_links":{"self":[{"href":"https:\/\/gazzettinoitalianopatagonico.com\/index.php?rest_route=\/wp\/v2\/posts\/1000028945","targetHints":{"allow":["GET"]}}],"collection":[{"href":"https:\/\/gazzettinoitalianopatagonico.com\/index.php?rest_route=\/wp\/v2\/posts"}],"about":[{"href":"https:\/\/gazzettinoitalianopatagonico.com\/index.php?rest_route=\/wp\/v2\/types\/post"}],"author":[{"embeddable":true,"href":"https:\/\/gazzettinoitalianopatagonico.com\/index.php?rest_route=\/wp\/v2\/users\/1"}],"replies":[{"embeddable":true,"href":"https:\/\/gazzettinoitalianopatagonico.com\/index.php?rest_route=%2Fwp%2Fv2%2Fcomments&post=1000028945"}],"version-history":[{"count":1,"href":"https:\/\/gazzettinoitalianopatagonico.com\/index.php?rest_route=\/wp\/v2\/posts\/1000028945\/revisions"}],"predecessor-version":[{"id":1000028947,"href":"https:\/\/gazzettinoitalianopatagonico.com\/index.php?rest_route=\/wp\/v2\/posts\/1000028945\/revisions\/1000028947"}],"wp:featuredmedia":[{"embeddable":true,"href":"https:\/\/gazzettinoitalianopatagonico.com\/index.php?rest_route=\/wp\/v2\/media\/1000028946"}],"wp:attachment":[{"href":"https:\/\/gazzettinoitalianopatagonico.com\/index.php?rest_route=%2Fwp%2Fv2%2Fmedia&parent=1000028945"}],"wp:term":[{"taxonomy":"category","embeddable":true,"href":"https:\/\/gazzettinoitalianopatagonico.com\/index.php?rest_route=%2Fwp%2Fv2%2Fcategories&post=1000028945"},{"taxonomy":"post_tag","embeddable":true,"href":"https:\/\/gazzettinoitalianopatagonico.com\/index.php?rest_route=%2Fwp%2Fv2%2Ftags&post=1000028945"}],"curies":[{"name":"wp","href":"https:\/\/api.w.org\/{rel}","templated":true}]}}