{"id":1000028942,"date":"2026-03-16T10:56:21","date_gmt":"2026-03-16T13:56:21","guid":{"rendered":"https:\/\/gazzettinoitalianopatagonico.com\/?p=1000028942"},"modified":"2026-03-16T10:56:23","modified_gmt":"2026-03-16T13:56:23","slug":"quando-sinner-puo-tornare-numero-uno-al-mondo","status":"publish","type":"post","link":"https:\/\/gazzettinoitalianopatagonico.com\/?p=1000028942","title":{"rendered":"Quando Sinner pu\u00f2 tornare numero uno al mondo?"},"content":{"rendered":"\n<p>Il tennis italiano maschile, per la prima volta, pu\u00f2 vantare quattro giocatori tra i primi 20 del mondo. Guida Jannik Sinner, oggi numero 2, primo italiano capace di salire in vetta al ranking ATP.<\/p>\n\n\n\n<p>Seguono Lorenzo Musetti (5), Flavio Cobolli che migliora il suo best ranking e sale alla posizione numero 14, oltre a festeggiare il successo a Indian Wells in doppio misto con Belinda Bencic.<\/p>\n\n\n\n<p>Il record \u00e8 reso possibile dall\u2019ascesa alla posizione numero 18 di Luciano Darderi, quattordicesimo giocatore italiano a entrare tra i primi 20 del mondo nel ranking, da quando \u00e8 stata introdotta la classifica ATP, nel 1973. Il primo Masters 1000 della stagione ha permesso a Jannik Sinner di ridurre il gap da Carlos Alcaraz da 3.150 a 2.200 punti.<\/p>\n\n\n\n<p>L\u2019azzurro non pu\u00f2 superare Alcaraz nemmeno dopo Miami, che assegna 1.000 punti, e dunque Alcaraz \u00e8 sicuro di eguagliare le 66 settimane complessive da numero 1 di Sinner: accadr\u00e0 il prossimo 6 aprile. Tuttavia l\u2019azzurro non ha punti da difendere fino agli Internazionali BNL d\u2019Italia, mentre Alcaraz, che ha confermato la semifinale raggiunta a Indian Wells nel 2025 ma ha subito contro Daniil Medvedev la prima sconfitta della stagione, nello stesso periodo vedr\u00e0 uscire i 1.000 punti della vittoria a Monte-Carlo, 330 a Barcellona e solo 10 a Miami.<\/p>\n\n\n\n<p>RANKING WTA, PAOLINI SI CONFERMA SETTIMA. PRIMA ARYNA SABALENKA<\/p>\n\n\n\n<p>Qualche variazione in chiave tricolore nella classifica mondiale del tennis femminile pubblicata dalla WTA, dopo la conclusione del \u20181000\u2032 di Indian Wells, in California. Anche questa settimana sono sempre due le azzurre tra le prime cento.<\/p>\n\n\n\n<p>Leader tricolore \u00e8 ancora Jasmine Paolini stabile sulla settima poltrona. Alle sue spalle, fa due passi indietro Elisabetta Cocciaretto, ferma per un problema alla coscia sinistra accusato a Dubai, che scende al numero 44.<\/p>\n\n\n\n<p>Ne fa cinque, invece, Lucrezia Stefanini, ora al numero 143. Grazie ai quarti nel WTA 125 di Antalya sono altre sette le posizioni in pi\u00f9 per Nuria Brancaccio, ora al numero 151. La 25enne di Torre del Greco precede Lucia Bronzetti, uscita a fine ottobre scorso dalla top cento: la romagnola perde altri undici posti ed \u00e8 ora numero 152. Al comando del ranking c\u2019\u00e8 sempre Aryna Sabalenka, per la 74esima settimana consecutiva. La 27enne di Minsk, a segno per la prima volta a Indian Wells, ha ora 3.242 punti di vantaggio sulla kazaka Elena Rybakina che, grazie alla finale nel deserto californiano, guadagna una posizione e firma il best ranking. La 26enne scavalca dunque Iga Swiatek: la 24enne di Varsavia, ex regina del tennis mondiale (aveva perso la leadership ad ottobre del 2024 dopo 125 settimane complessive, le ultime 50 consecutive), scende sul terzo gradino del podio. In quarta posizione stabile la statunitense Coco Gauff, che precede le connazionali Jessica Pegula, quinta, e Amanda Anisimova, terza americana nell\u2019\u00e9lite mondiale, che si conferma sesta.<\/p>\n\n\n\n<p>Segue Jasmine Paolini, settima davanti all\u2019ucraina Elina Svitolina, ottava, che guadagna una posizione rispetto alla classifica precedente, cos\u00ec come la 19enne canadese Victoria Mboko, nona, che firma un altro primato personale. Scivola indietro di due posti, invece, la 18enne russa Mirra Andreeva, decima.<\/p>\n\n\n\n<p>Marco Melli<\/p>\n","protected":false},"excerpt":{"rendered":"<p>Il tennis italiano maschile, per la prima volta, pu\u00f2 vantare quattro giocatori tra i primi 20 del mondo. Guida Jannik Sinner, oggi numero 2, primo italiano capace di salire in vetta al ranking ATP. Seguono Lorenzo Musetti (5), Flavio Cobolli che migliora il suo best ranking e sale alla posizione numero 14, oltre a festeggiare [&hellip;]<\/p>\n","protected":false},"author":1,"featured_media":1000028943,"comment_status":"closed","ping_status":"open","sticky":false,"template":"","format":"standard","meta":{"content-type":"","_jetpack_memberships_contains_paid_content":false,"jnews-multi-image_gallery":[],"jnews_single_post":{"format":"standard"},"jnews_primary_category":[],"footnotes":"","jetpack_publicize_message":"","jetpack_publicize_feature_enabled":true,"jetpack_social_post_already_shared":true,"jetpack_social_options":{"image_generator_settings":{"template":"highway","default_image_id":0,"font":"","enabled":false},"version":2}},"categories":[169],"tags":[],"class_list":{"0":"post-1000028942","1":"post","2":"type-post","3":"status-publish","4":"format-standard","5":"has-post-thumbnail","7":"category-deportes"},"jetpack_publicize_connections":[],"jetpack_featured_media_url":"https:\/\/i0.wp.com\/gazzettinoitalianopatagonico.com\/wp-content\/uploads\/2026\/03\/zwqe.jpg?fit=842%2C510&ssl=1","jetpack_likes_enabled":true,"jetpack_sharing_enabled":true,"_links":{"self":[{"href":"https:\/\/gazzettinoitalianopatagonico.com\/index.php?rest_route=\/wp\/v2\/posts\/1000028942","targetHints":{"allow":["GET"]}}],"collection":[{"href":"https:\/\/gazzettinoitalianopatagonico.com\/index.php?rest_route=\/wp\/v2\/posts"}],"about":[{"href":"https:\/\/gazzettinoitalianopatagonico.com\/index.php?rest_route=\/wp\/v2\/types\/post"}],"author":[{"embeddable":true,"href":"https:\/\/gazzettinoitalianopatagonico.com\/index.php?rest_route=\/wp\/v2\/users\/1"}],"replies":[{"embeddable":true,"href":"https:\/\/gazzettinoitalianopatagonico.com\/index.php?rest_route=%2Fwp%2Fv2%2Fcomments&post=1000028942"}],"version-history":[{"count":1,"href":"https:\/\/gazzettinoitalianopatagonico.com\/index.php?rest_route=\/wp\/v2\/posts\/1000028942\/revisions"}],"predecessor-version":[{"id":1000028944,"href":"https:\/\/gazzettinoitalianopatagonico.com\/index.php?rest_route=\/wp\/v2\/posts\/1000028942\/revisions\/1000028944"}],"wp:featuredmedia":[{"embeddable":true,"href":"https:\/\/gazzettinoitalianopatagonico.com\/index.php?rest_route=\/wp\/v2\/media\/1000028943"}],"wp:attachment":[{"href":"https:\/\/gazzettinoitalianopatagonico.com\/index.php?rest_route=%2Fwp%2Fv2%2Fmedia&parent=1000028942"}],"wp:term":[{"taxonomy":"category","embeddable":true,"href":"https:\/\/gazzettinoitalianopatagonico.com\/index.php?rest_route=%2Fwp%2Fv2%2Fcategories&post=1000028942"},{"taxonomy":"post_tag","embeddable":true,"href":"https:\/\/gazzettinoitalianopatagonico.com\/index.php?rest_route=%2Fwp%2Fv2%2Ftags&post=1000028942"}],"curies":[{"name":"wp","href":"https:\/\/api.w.org\/{rel}","templated":true}]}}