{"id":1000028925,"date":"2026-03-16T07:16:16","date_gmt":"2026-03-16T10:16:16","guid":{"rendered":"https:\/\/gazzettinoitalianopatagonico.com\/?p=1000028925"},"modified":"2026-03-16T07:23:21","modified_gmt":"2026-03-16T10:23:21","slug":"cuba-anuncia-la-liberacion-de-51-personas-con-mediacion-del-vaticano","status":"publish","type":"post","link":"https:\/\/gazzettinoitalianopatagonico.com\/?p=1000028925","title":{"rendered":"Cuba anuncia la liberaci\u00f3n de 51 personas con mediaci\u00f3n del Vaticano"},"content":{"rendered":"\n<p>La iniciativa, informada por el Ministerio de Relaciones Exteriores, ser\u00e1 efectiva en los pr\u00f3ximos d\u00edas. Todos los detenidos han cumplido una parte significativa de la pena y han mantenido buena conducta en la prisi\u00f3n.<\/p>\n\n\n\n<p>\u00abEn el esp\u00edritu de buena voluntad, de estrechas y fluidas relaciones entre el Estado cubano y el Vaticano, con el cual se ha mantenido hist\u00f3ricamente una comunicaci\u00f3n sobre los procesos de revisi\u00f3n y excarcelaci\u00f3n de personas privadas de libertad, el Gobierno de Cuba ha decidido liberar en los pr\u00f3ximos d\u00edas a 51 personas sancionadas a privaci\u00f3n de libertad\u00bb, comunica una nota del Ministerio de Relaciones Exteriores difundida este jueves 12 de marzo de 2026.<\/p>\n\n\n\n<p>La cartera especifica que todos los individuos han cumplido una parte significativa de la pena y han mantenido una buena conducta en prisi\u00f3n. Asimismo, el gobierno puntualiza que desde el a\u00f1o 2010 \u00abha beneficiado con indultos a 9 905 reclusos, mientras, en los \u00faltimos tres a\u00f1os, como parte de la pr\u00e1ctica cubana y al amparo de lo dispuesto en nuestra legislaci\u00f3n, otras 10 mil personas sancionadas a privaci\u00f3n de libertad fueron excarceladas por diferentes beneficios\u00bb.<\/p>\n\n\n\n<p>El director de la Oficina de Prensa de la Santa Sede, Matteo Bruni, al responder a las preguntas de algunos periodistas, confirm\u00f3 que \u00abha habido conversaciones recientes sobre la liberaci\u00f3n de prisioneros\u00bb.<\/p>\n\n\n\n<p><\/p>\n","protected":false},"excerpt":{"rendered":"<p>La iniciativa, informada por el Ministerio de Relaciones Exteriores, ser\u00e1 efectiva en los pr\u00f3ximos d\u00edas. Todos los detenidos han cumplido una parte significativa de la pena y han mantenido buena conducta en la prisi\u00f3n. \u00abEn el esp\u00edritu de buena voluntad, de estrechas y fluidas relaciones entre el Estado cubano y el Vaticano, con el cual [&hellip;]<\/p>\n","protected":false},"author":1,"featured_media":1000028926,"comment_status":"closed","ping_status":"open","sticky":false,"template":"","format":"standard","meta":{"content-type":"","_jetpack_memberships_contains_paid_content":false,"jnews-multi-image_gallery":[],"jnews_single_post":{"format":"standard"},"jnews_primary_category":[],"footnotes":"","jetpack_publicize_message":"","jetpack_publicize_feature_enabled":true,"jetpack_social_post_already_shared":true,"jetpack_social_options":{"image_generator_settings":{"template":"highway","default_image_id":0,"font":"","enabled":false},"version":2}},"categories":[41],"tags":[],"class_list":{"0":"post-1000028925","1":"post","2":"type-post","3":"status-publish","4":"format-standard","5":"has-post-thumbnail","7":"category-mundo"},"jetpack_publicize_connections":[],"jetpack_featured_media_url":"https:\/\/i0.wp.com\/gazzettinoitalianopatagonico.com\/wp-content\/uploads\/2026\/03\/ztry.jpg?fit=859%2C434&ssl=1","jetpack_likes_enabled":true,"jetpack_sharing_enabled":true,"_links":{"self":[{"href":"https:\/\/gazzettinoitalianopatagonico.com\/index.php?rest_route=\/wp\/v2\/posts\/1000028925","targetHints":{"allow":["GET"]}}],"collection":[{"href":"https:\/\/gazzettinoitalianopatagonico.com\/index.php?rest_route=\/wp\/v2\/posts"}],"about":[{"href":"https:\/\/gazzettinoitalianopatagonico.com\/index.php?rest_route=\/wp\/v2\/types\/post"}],"author":[{"embeddable":true,"href":"https:\/\/gazzettinoitalianopatagonico.com\/index.php?rest_route=\/wp\/v2\/users\/1"}],"replies":[{"embeddable":true,"href":"https:\/\/gazzettinoitalianopatagonico.com\/index.php?rest_route=%2Fwp%2Fv2%2Fcomments&post=1000028925"}],"version-history":[{"count":2,"href":"https:\/\/gazzettinoitalianopatagonico.com\/index.php?rest_route=\/wp\/v2\/posts\/1000028925\/revisions"}],"predecessor-version":[{"id":1000028929,"href":"https:\/\/gazzettinoitalianopatagonico.com\/index.php?rest_route=\/wp\/v2\/posts\/1000028925\/revisions\/1000028929"}],"wp:featuredmedia":[{"embeddable":true,"href":"https:\/\/gazzettinoitalianopatagonico.com\/index.php?rest_route=\/wp\/v2\/media\/1000028926"}],"wp:attachment":[{"href":"https:\/\/gazzettinoitalianopatagonico.com\/index.php?rest_route=%2Fwp%2Fv2%2Fmedia&parent=1000028925"}],"wp:term":[{"taxonomy":"category","embeddable":true,"href":"https:\/\/gazzettinoitalianopatagonico.com\/index.php?rest_route=%2Fwp%2Fv2%2Fcategories&post=1000028925"},{"taxonomy":"post_tag","embeddable":true,"href":"https:\/\/gazzettinoitalianopatagonico.com\/index.php?rest_route=%2Fwp%2Fv2%2Ftags&post=1000028925"}],"curies":[{"name":"wp","href":"https:\/\/api.w.org\/{rel}","templated":true}]}}