{"id":1000028916,"date":"2026-03-16T07:08:10","date_gmt":"2026-03-16T10:08:10","guid":{"rendered":"https:\/\/gazzettinoitalianopatagonico.com\/?p=1000028916"},"modified":"2026-03-16T07:08:12","modified_gmt":"2026-03-16T10:08:12","slug":"oriente-medio-unicef-denuncia-mas-de-mil-ninos-afectados-por-la-guerra","status":"publish","type":"post","link":"https:\/\/gazzettinoitalianopatagonico.com\/?p=1000028916","title":{"rendered":"Oriente Medio, UNICEF denuncia: M\u00e1s de mil ni\u00f1os afectados por la guerra"},"content":{"rendered":"\n<p>El tr\u00e1gico conflicto que azota Oriente Medio tiene un rostro emblem\u00e1tico, te\u00f1ido de sangre: el de los ni\u00f1os que pierden la vida y resultan heridos en los bombardeos. La cifra de lo que con cinismo y arrogancia se denomina \u00abda\u00f1os colaterales\u00bb est\u00e1 aumentando de forma alarmante: desde que Estados Unidos e Israel atacaron Ir\u00e1n, desencadenando una guerra regional aparentemente incontrolable, 1.100 ni\u00f1os han muerto o resultados heridos por misiles y drones. El desgarrador recuento publicado este 12 de marzo por UNICEF, el Fondo de las Naciones Unidas para la Infancia, revela que 200 ni\u00f1os han muerto solo en Ir\u00e1n, 91 en el L\u00edbano, 4 en Israel y 1 en Kuwait. Se prev\u00e9 que estas cifras aumenten inexorablemente. \u00abLa infraestructura civil, incluidos hospitales, escuelas y sistemas de agua y saneamiento, de la que depende la supervivencia de los ni\u00f1os, ha sido atacada, da\u00f1ada o destruida por las partes en el conflicto\u00bb, explica UNICEF. No duda en advertir a la comunidad internacional que \u00ablas graves violaciones contra los ni\u00f1os en los conflictos armados pueden constituir violaciones del derecho internacional, incluido el derecho internacional humanitario y el derecho internacional de los derechos humanos\u00bb. Los ni\u00f1os de la regi\u00f3n \u2014los 200 millones\u2014 cuentan con que el mundo responda r\u00e1pidamente para lograr la paz. Para comprender que la situaci\u00f3n humanitaria est\u00e1 literalmente fuera de control, basta con observar el L\u00edbano. La invasi\u00f3n y los bombardeos israel\u00edes est\u00e1n llevando al pa\u00eds de los cedros al colapso, no solo sembrando la muerte. Al menos medio mill\u00f3n de personas, seg\u00fan inform\u00f3 la organizaci\u00f3n humanitaria Oxfam en los \u00faltimos d\u00edas, se han visto obligadas a abandonar sus hogares, y solo 117.000 de ellas han podido encontrar refugio. \u00abEstas son consecuencias devastadoras para los segmentos m\u00e1s vulnerables de una poblaci\u00f3n que a\u00fan no se ha recuperado de la ola de violencia de los \u00faltimos a\u00f1os\u00bb, declar\u00f3 Paolo Pezzati, portavoz de crisis humanitarias de Oxfam Italia. Pero tambi\u00e9n en Gaza, la gente sigue muriendo de hambre. Oxfam informa que \u00ablos precios de los productos b\u00e1sicos se han disparado, agravando una situaci\u00f3n humanitaria catastr\u00f3fica, con la poblaci\u00f3n ya privada de todo: en algunas zonas de la ciudad de Gaza, la gente sobrevive actualmente con tan solo dos litros de agua al d\u00eda, mientras que es pr\u00e1cticamente imposible encontrar alimentos y suministros esenciales en los mercados locales\u00bb. La mayor preocupaci\u00f3n sigue siendo una mayor escalada de violencia en Oriente Medio, como confirma el propio Pezzati: \u00abLos primeros en sufrir ser\u00e1n los 60 millones de personas que ya dependen de la ayuda humanitaria para sobrevivir. Esta nueva escalada ya est\u00e1 ejerciendo presi\u00f3n sobre el sistema de respuesta, que podr\u00eda paralizarse debido al aumento de los precios del combustible, las dificultades para obtener bienes y los innumerables impedimentos f\u00edsicos y burocr\u00e1ticos\u00bb. Debemos implementar todo lo necesario lo antes posible para evitar un verdadero colapso sanitario y socioecon\u00f3mico. Oxfam, junto con UNICEF y otras ONG internacionales y organizaciones humanitarias, lanza un emotivo llamamiento para que se ponga fin a la guerra mediante la acci\u00f3n diplom\u00e1tica, se esclarezcan las responsabilidades por las violaciones del derecho internacional y se proteja a la poblaci\u00f3n civil, especialmente a las mujeres y los ni\u00f1os.<\/p>\n\n\n\n<p>Federico Piana<\/p>\n","protected":false},"excerpt":{"rendered":"<p>El tr\u00e1gico conflicto que azota Oriente Medio tiene un rostro emblem\u00e1tico, te\u00f1ido de sangre: el de los ni\u00f1os que pierden la vida y resultan heridos en los bombardeos. La cifra de lo que con cinismo y arrogancia se denomina \u00abda\u00f1os colaterales\u00bb est\u00e1 aumentando de forma alarmante: desde que Estados Unidos e Israel atacaron Ir\u00e1n, desencadenando [&hellip;]<\/p>\n","protected":false},"author":1,"featured_media":1000028917,"comment_status":"closed","ping_status":"open","sticky":false,"template":"","format":"standard","meta":{"content-type":"","_jetpack_memberships_contains_paid_content":false,"jnews-multi-image_gallery":[],"jnews_single_post":{"format":"standard"},"jnews_primary_category":[],"footnotes":"","jetpack_publicize_message":"","jetpack_publicize_feature_enabled":true,"jetpack_social_post_already_shared":true,"jetpack_social_options":{"image_generator_settings":{"template":"highway","default_image_id":0,"font":"","enabled":false},"version":2}},"categories":[41],"tags":[],"class_list":{"0":"post-1000028916","1":"post","2":"type-post","3":"status-publish","4":"format-standard","5":"has-post-thumbnail","7":"category-mundo"},"jetpack_publicize_connections":[],"jetpack_featured_media_url":"https:\/\/i0.wp.com\/gazzettinoitalianopatagonico.com\/wp-content\/uploads\/2026\/03\/zdvf.jpg?fit=859%2C434&ssl=1","jetpack_likes_enabled":true,"jetpack_sharing_enabled":true,"_links":{"self":[{"href":"https:\/\/gazzettinoitalianopatagonico.com\/index.php?rest_route=\/wp\/v2\/posts\/1000028916","targetHints":{"allow":["GET"]}}],"collection":[{"href":"https:\/\/gazzettinoitalianopatagonico.com\/index.php?rest_route=\/wp\/v2\/posts"}],"about":[{"href":"https:\/\/gazzettinoitalianopatagonico.com\/index.php?rest_route=\/wp\/v2\/types\/post"}],"author":[{"embeddable":true,"href":"https:\/\/gazzettinoitalianopatagonico.com\/index.php?rest_route=\/wp\/v2\/users\/1"}],"replies":[{"embeddable":true,"href":"https:\/\/gazzettinoitalianopatagonico.com\/index.php?rest_route=%2Fwp%2Fv2%2Fcomments&post=1000028916"}],"version-history":[{"count":1,"href":"https:\/\/gazzettinoitalianopatagonico.com\/index.php?rest_route=\/wp\/v2\/posts\/1000028916\/revisions"}],"predecessor-version":[{"id":1000028918,"href":"https:\/\/gazzettinoitalianopatagonico.com\/index.php?rest_route=\/wp\/v2\/posts\/1000028916\/revisions\/1000028918"}],"wp:featuredmedia":[{"embeddable":true,"href":"https:\/\/gazzettinoitalianopatagonico.com\/index.php?rest_route=\/wp\/v2\/media\/1000028917"}],"wp:attachment":[{"href":"https:\/\/gazzettinoitalianopatagonico.com\/index.php?rest_route=%2Fwp%2Fv2%2Fmedia&parent=1000028916"}],"wp:term":[{"taxonomy":"category","embeddable":true,"href":"https:\/\/gazzettinoitalianopatagonico.com\/index.php?rest_route=%2Fwp%2Fv2%2Fcategories&post=1000028916"},{"taxonomy":"post_tag","embeddable":true,"href":"https:\/\/gazzettinoitalianopatagonico.com\/index.php?rest_route=%2Fwp%2Fv2%2Ftags&post=1000028916"}],"curies":[{"name":"wp","href":"https:\/\/api.w.org\/{rel}","templated":true}]}}