{"id":1000028907,"date":"2026-03-15T13:19:49","date_gmt":"2026-03-15T16:19:49","guid":{"rendered":"https:\/\/gazzettinoitalianopatagonico.com\/?p=1000028907"},"modified":"2026-03-15T13:19:52","modified_gmt":"2026-03-15T16:19:52","slug":"csm-perche-non-sorteggiare-anche-i-parlamentari-breve-lezione-a-chi-spara-scemenze","status":"publish","type":"post","link":"https:\/\/gazzettinoitalianopatagonico.com\/?p=1000028907","title":{"rendered":"Csm, perch\u00e9 non sorteggiare anche i parlamentari? Breve lezione a chi spara scemenze"},"content":{"rendered":"\n<p>In molti sostengono che il sorteggio per il Csm potrebbe anche andare bene, ma solo se l\u2019organo di autogoverno della magistratura fosse interamente composto da magistrati, senza quota laica, cio\u00e8 di nomina politica. Ebbene, questo non sarebbe possibile per una contraddizione costituzionale. Mi spiego. Abbiamo sempre detto che la nostra Repubblica si regge su tre poteri: esecutivo, legislativo e giudiziario. Il motivo per cui, sin dalla sua istituzione, il Csm ha previsto una quota laica, quindi politica, \u00e8 legata al fatto che la nostra \u00e8 una repubblica in cui la sovranit\u00e0 \u00e8 popolare: \u00e8 quindi il popolo ad attribuire i poteri. Ora, questo \u00e8 possibile per potere esecutivo e potere legislativo, che sono attributi dal popolo o direttamente tramite elezioni per il potere legislativo o indirettamente, tramite i voti di fiducia accordate dal Parlamento eletto dal popolo ai governi, per il potere esecutivo. Non \u00e8 invece possibile per il potere giudiziario: banalmente, alla magistratura non si accede tramite elezioni, ma per concorso. La presenza \u201cpolitica\u201d nel Csm \u00e8 uno dei modi per rimediare a questa mancanza: il potere giudiziario, quindi, viene riconosciuto e attribuito dal popolo, attraverso la presenza nell\u2019organo di autogoverno della magistratura di membri nominati da persone elette dal popolo, cio\u00e8 il Parlamento. E con questa, peraltro, stendiamo un velo pietoso anche su tutti quelli, fra cui alcuni colleghi, che se ne sono usciti con \u201cma allora perch\u00e9 non sorteggiamo anche i parlamentari?\u201d dimostrando di non capire niente di quella Costituzione di cui si dichiarano strenui difensori. La cosa curiosa \u00e8 che, costituzionalmente, questo aspetto legittimerebbe, per quanto paradossale, una riforma che istituisse un Csm interamente composto da membri laici. Ma questo farebbe venir meno il presupposto dell\u2019equilibrio dei poteri, che gi\u00e0 di suo non se la passa cos\u00ec bene.<\/p>\n\n\n\n<p>Guglielmo Mastroianni<\/p>\n","protected":false},"excerpt":{"rendered":"<p>In molti sostengono che il sorteggio per il Csm potrebbe anche andare bene, ma solo se l\u2019organo di autogoverno della magistratura fosse interamente composto da magistrati, senza quota laica, cio\u00e8 di nomina politica. Ebbene, questo non sarebbe possibile per una contraddizione costituzionale. Mi spiego. Abbiamo sempre detto che la nostra Repubblica si regge su tre [&hellip;]<\/p>\n","protected":false},"author":1,"featured_media":1000028908,"comment_status":"closed","ping_status":"open","sticky":false,"template":"","format":"standard","meta":{"content-type":"","_jetpack_memberships_contains_paid_content":false,"jnews-multi-image_gallery":[],"jnews_single_post":{"format":"standard"},"jnews_primary_category":[],"footnotes":"","jetpack_publicize_message":"","jetpack_publicize_feature_enabled":true,"jetpack_social_post_already_shared":true,"jetpack_social_options":{"image_generator_settings":{"template":"highway","default_image_id":0,"font":"","enabled":false},"version":2}},"categories":[46,32],"tags":[],"class_list":{"0":"post-1000028907","1":"post","2":"type-post","3":"status-publish","4":"format-standard","5":"has-post-thumbnail","7":"category-italia","8":"category-politica"},"jetpack_publicize_connections":[],"jetpack_featured_media_url":"https:\/\/i0.wp.com\/gazzettinoitalianopatagonico.com\/wp-content\/uploads\/2026\/03\/zq.jpg?fit=912%2C512&ssl=1","jetpack_likes_enabled":true,"jetpack_sharing_enabled":true,"_links":{"self":[{"href":"https:\/\/gazzettinoitalianopatagonico.com\/index.php?rest_route=\/wp\/v2\/posts\/1000028907","targetHints":{"allow":["GET"]}}],"collection":[{"href":"https:\/\/gazzettinoitalianopatagonico.com\/index.php?rest_route=\/wp\/v2\/posts"}],"about":[{"href":"https:\/\/gazzettinoitalianopatagonico.com\/index.php?rest_route=\/wp\/v2\/types\/post"}],"author":[{"embeddable":true,"href":"https:\/\/gazzettinoitalianopatagonico.com\/index.php?rest_route=\/wp\/v2\/users\/1"}],"replies":[{"embeddable":true,"href":"https:\/\/gazzettinoitalianopatagonico.com\/index.php?rest_route=%2Fwp%2Fv2%2Fcomments&post=1000028907"}],"version-history":[{"count":1,"href":"https:\/\/gazzettinoitalianopatagonico.com\/index.php?rest_route=\/wp\/v2\/posts\/1000028907\/revisions"}],"predecessor-version":[{"id":1000028909,"href":"https:\/\/gazzettinoitalianopatagonico.com\/index.php?rest_route=\/wp\/v2\/posts\/1000028907\/revisions\/1000028909"}],"wp:featuredmedia":[{"embeddable":true,"href":"https:\/\/gazzettinoitalianopatagonico.com\/index.php?rest_route=\/wp\/v2\/media\/1000028908"}],"wp:attachment":[{"href":"https:\/\/gazzettinoitalianopatagonico.com\/index.php?rest_route=%2Fwp%2Fv2%2Fmedia&parent=1000028907"}],"wp:term":[{"taxonomy":"category","embeddable":true,"href":"https:\/\/gazzettinoitalianopatagonico.com\/index.php?rest_route=%2Fwp%2Fv2%2Fcategories&post=1000028907"},{"taxonomy":"post_tag","embeddable":true,"href":"https:\/\/gazzettinoitalianopatagonico.com\/index.php?rest_route=%2Fwp%2Fv2%2Ftags&post=1000028907"}],"curies":[{"name":"wp","href":"https:\/\/api.w.org\/{rel}","templated":true}]}}