{"id":1000028904,"date":"2026-03-15T13:18:50","date_gmt":"2026-03-15T16:18:50","guid":{"rendered":"https:\/\/gazzettinoitalianopatagonico.com\/?p=1000028904"},"modified":"2026-03-15T13:18:52","modified_gmt":"2026-03-15T16:18:52","slug":"palestina-alarma-por-el-aumento-de-la-violencia-de-los-colonos","status":"publish","type":"post","link":"https:\/\/gazzettinoitalianopatagonico.com\/?p=1000028904","title":{"rendered":"Palestina: alarma por el aumento de la violencia de los colonos"},"content":{"rendered":"\n<p>Disparos, agresiones contra civiles, vandalismo, demolici\u00f3n de viviendas y estructuras agr\u00edcolas, desarraigo de \u00e1rboles. Mientras la atenci\u00f3n mundial se centra en el conflicto en Ir\u00e1n y el L\u00edbano, la violencia de los colonos israel\u00edes en Cisjordania, en el Estado de Palestina, ha alcanzado niveles alarmantes. Las estimaciones indican un aumento de casi el 25% respecto al periodo anterior al estallido del conflicto con Ir\u00e1n, seg\u00fan la agencia palestina Wafa. Durante la primera semana de guerra, entre el 28 de febrero y el 8 de marzo, informa Wafa, ocho palestinos fueron asesinados. Los disparos de los colonos habr\u00edan provocado la muerte de cinco de ellos. Se trata de: Thaer Farouq Hamayel (24 a\u00f1os) y Farea Jawdat Hamayel (57 a\u00f1os), de la aldea de Abu Falah; los hermanos Mohammad Taha Abdul Majid Ma&#8217;ammar (52 a\u00f1os) y Faheem Abdul Majid Ma&#8217;ammar (47 a\u00f1os), de Qaryut; y Amir Mohammad Shnaran (27 a\u00f1os), de Masafer Yatta. Otros dos j\u00f3venes murieron por disparos del ej\u00e9rcito israel\u00ed en Hebr\u00f3n, mientras que Mohammad Hussein Murra (55 a\u00f1os) falleci\u00f3 tras inhalar gases lacrim\u00f3genos mientras se defend\u00eda de un ataque de colonos israel\u00edes. Vidas truncadas que no han hecho ruido, pero que son el s\u00edmbolo de una herida abierta que sigue sangrando. Las organizaciones de la sociedad civil, como Breaking the Silence, una ONG fundada por veteranos de las Fuerzas Armadas israel\u00edes, tambi\u00e9n denuncian la escalada de violencia de los colonos israel\u00edes. En relaci\u00f3n con los hechos ocurridos el lunes 2 de marzo en Qaryut, al sur de Nablus, la ONG inform\u00f3 que los autores del ataque ser\u00edan miembros de una unidad de defensa regional, descritos en repetidas ocasiones como \u00abmilicias de colonos sin supervisi\u00f3n, armadas por las Fuerzas de Defensa de Israel y formalmente subordinadas a ellas. Su funci\u00f3n oficial es proporcionar a los colonos los medios para defenderse\u00bb. Seg\u00fan varios testigos, los ataques tambi\u00e9n habr\u00edan sido perpetrados en otras ocasiones por hombres uniformados, circunstancia denunciada recientemente tambi\u00e9n por la ONG israel\u00ed Yesh Din en el informe titulado: \u00abColonos en uniforme: violencia contra los palestinos por parte de israel\u00edes en uniforme militar\u00bb. Seg\u00fan datos proporcionados por la Autoridad Palestina, solo en el mes de febrero se registraron 1965 ataques contra palestinos. De ellos, 1454 fueron perpetrados por las fuerzas israel\u00edes y 511 por colonos, principalmente en Hebr\u00f3n, Nablus, Ramala, Al-Bireh y Jerusal\u00e9n. Durante el mismo per\u00edodo, los colonos intentaron establecer cinco nuevos asentamientos, mientras que las autoridades israel\u00edes confiscaron 2022 dunam de tierra palestina, llevaron a cabo operaciones de demolici\u00f3n que afectaron a 122 estructuras palestinas y avanzaron en los planes de asentamiento de cientos de nuevas viviendas coloniales israel\u00edes. La alarma sobre la construcci\u00f3n de nuevos asentamientos tambi\u00e9n se ha disparado en las zonas alrededor de Bel\u00e9n, donde proliferan a simple vista desde hace a\u00f1os. En este momento, una zona especialmente en peligro es la de Ush Ghurab, situada al este de la ciudad de Beit Sahour, uno de los \u00faltimos terrenos disponibles para el futuro desarrollo y los servicios p\u00fablicos de la ciudad. Beit Sahour ocupa un lugar \u00fanico y simb\u00f3lico en Tierra Santa, ya que es una ciudad de mayor\u00eda cristiana y sede del santuario del Campo de los Pastores. Por lo tanto, las amenazas a su territorio tienen implicaciones m\u00e1s amplias para la preservaci\u00f3n de la presencia, el patrimonio y la identidad cristiana en la regi\u00f3n. Durante d\u00e9cadas, la zona ha estado sujeta a control militar y a pol\u00edticas restrictivas que han limitado su uso. Despu\u00e9s de haber sido utilizada como emplazamiento militar durante muchos a\u00f1os, la base fue evacuada en 2006; sin embargo, el terreno sigue clasificado como Zona C, por lo que siguen existiendo restricciones al desarrollo y a los proyectos civiles. Hoy en d\u00eda, Ush Ghurab representa la \u00faltima reserva territorial que queda en la ciudad. Cualquier p\u00e9rdida de esta zona limitar\u00eda gravemente la capacidad de Beit Sahour para ampliar la construcci\u00f3n de viviendas, desarrollar infraestructuras p\u00fablicas y crear espacios verdes y comunitarios para sus residentes. De hecho, la ciudad ya ha sufrido una p\u00e9rdida significativa de territorio con la expansi\u00f3n de los asentamientos, que ha alterado radicalmente el paisaje. Adem\u00e1s, hoy en d\u00eda, la situaci\u00f3n en Ush Ghurab es cada vez m\u00e1s alarmante, tras la creaci\u00f3n de un asentamiento adyacente a la zona a finales de 2025. El municipio de Beit Sahour ha informado de que los colonos han comenzado a acosar a los residentes y pastores locales, interfiriendo en su vida cotidiana y limitando el acceso a los pastos. \u00abEn este momento cr\u00edtico \u2014ha declarado el alcalde de Beit Sahour, Elias Iseed\u2014, invito a las Iglesias, a los l\u00edderes religiosos y a la comunidad internacional a ir m\u00e1s all\u00e1 de las declaraciones de preocupaci\u00f3n y a actuar de inmediato para detener la expansi\u00f3n de los asentamientos y prevenir nuevas incursiones en la zona de Ush Ghurab, con el fin de evitar m\u00e1s tensiones y graves consecuencias para la ciudad y sus residentes. Les pedimos que se solidaricen con la poblaci\u00f3n de Beit Sahour, que alcen la voz en defensa de la justicia y la dignidad humana\u00bb.<\/p>\n\n\n\n<p>Beatrice Guarrera<\/p>\n","protected":false},"excerpt":{"rendered":"<p>Disparos, agresiones contra civiles, vandalismo, demolici\u00f3n de viviendas y estructuras agr\u00edcolas, desarraigo de \u00e1rboles. Mientras la atenci\u00f3n mundial se centra en el conflicto en Ir\u00e1n y el L\u00edbano, la violencia de los colonos israel\u00edes en Cisjordania, en el Estado de Palestina, ha alcanzado niveles alarmantes. Las estimaciones indican un aumento de casi el 25% respecto [&hellip;]<\/p>\n","protected":false},"author":1,"featured_media":1000028905,"comment_status":"closed","ping_status":"open","sticky":false,"template":"","format":"standard","meta":{"content-type":"","_jetpack_memberships_contains_paid_content":false,"jnews-multi-image_gallery":[],"jnews_single_post":{"format":"standard"},"jnews_primary_category":[],"footnotes":"","jetpack_publicize_message":"","jetpack_publicize_feature_enabled":true,"jetpack_social_post_already_shared":true,"jetpack_social_options":{"image_generator_settings":{"template":"highway","default_image_id":0,"font":"","enabled":false},"version":2}},"categories":[41],"tags":[],"class_list":{"0":"post-1000028904","1":"post","2":"type-post","3":"status-publish","4":"format-standard","5":"has-post-thumbnail","7":"category-mundo"},"jetpack_publicize_connections":[],"jetpack_featured_media_url":"https:\/\/i0.wp.com\/gazzettinoitalianopatagonico.com\/wp-content\/uploads\/2026\/03\/zfsg.jpg?fit=842%2C422&ssl=1","jetpack_likes_enabled":true,"jetpack_sharing_enabled":true,"_links":{"self":[{"href":"https:\/\/gazzettinoitalianopatagonico.com\/index.php?rest_route=\/wp\/v2\/posts\/1000028904","targetHints":{"allow":["GET"]}}],"collection":[{"href":"https:\/\/gazzettinoitalianopatagonico.com\/index.php?rest_route=\/wp\/v2\/posts"}],"about":[{"href":"https:\/\/gazzettinoitalianopatagonico.com\/index.php?rest_route=\/wp\/v2\/types\/post"}],"author":[{"embeddable":true,"href":"https:\/\/gazzettinoitalianopatagonico.com\/index.php?rest_route=\/wp\/v2\/users\/1"}],"replies":[{"embeddable":true,"href":"https:\/\/gazzettinoitalianopatagonico.com\/index.php?rest_route=%2Fwp%2Fv2%2Fcomments&post=1000028904"}],"version-history":[{"count":1,"href":"https:\/\/gazzettinoitalianopatagonico.com\/index.php?rest_route=\/wp\/v2\/posts\/1000028904\/revisions"}],"predecessor-version":[{"id":1000028906,"href":"https:\/\/gazzettinoitalianopatagonico.com\/index.php?rest_route=\/wp\/v2\/posts\/1000028904\/revisions\/1000028906"}],"wp:featuredmedia":[{"embeddable":true,"href":"https:\/\/gazzettinoitalianopatagonico.com\/index.php?rest_route=\/wp\/v2\/media\/1000028905"}],"wp:attachment":[{"href":"https:\/\/gazzettinoitalianopatagonico.com\/index.php?rest_route=%2Fwp%2Fv2%2Fmedia&parent=1000028904"}],"wp:term":[{"taxonomy":"category","embeddable":true,"href":"https:\/\/gazzettinoitalianopatagonico.com\/index.php?rest_route=%2Fwp%2Fv2%2Fcategories&post=1000028904"},{"taxonomy":"post_tag","embeddable":true,"href":"https:\/\/gazzettinoitalianopatagonico.com\/index.php?rest_route=%2Fwp%2Fv2%2Ftags&post=1000028904"}],"curies":[{"name":"wp","href":"https:\/\/api.w.org\/{rel}","templated":true}]}}