{"id":1000028886,"date":"2026-03-15T12:41:54","date_gmt":"2026-03-15T15:41:54","guid":{"rendered":"https:\/\/gazzettinoitalianopatagonico.com\/?p=1000028886"},"modified":"2026-03-15T12:41:56","modified_gmt":"2026-03-15T15:41:56","slug":"un-lider-indigena-amazonico-gana-el-premio-niwano-de-la-paz","status":"publish","type":"post","link":"https:\/\/gazzettinoitalianopatagonico.com\/?p=1000028886","title":{"rendered":"Un l\u00edder ind\u00edgena amaz\u00f3nico gana el Premio Niwano de la Paz"},"content":{"rendered":"\n<p>El l\u00edder espiritual amaz\u00f3nico Benki Piy\u00e3ko, miembro del pueblo ash\u00e1ninka de Brasil, es el ganador del 43.\u00ba Premio Niwano de la Paz. Este galard\u00f3n, uno de los m\u00e1s prestigiosos en el \u00e1mbito de la cooperaci\u00f3n interreligiosa y la consolidaci\u00f3n de la paz, le ser\u00e1 entregado el 12 de mayo de 2026 en Tokio, junto con un trofeo, un certificado y un premio de veinte millones de yenes. Piy\u00e3ko es cham\u00e1n y activista ambiental, originario de la selva amaz\u00f3nica brasile\u00f1a, fronteriza con Per\u00fa. Nacido el 24 de febrero de 1974 en el territorio Apiwtxa, cerca del r\u00edo Am\u00f4nia, fue entrenado como paj\u00e9 (cham\u00e1n) por su abuelo de ni\u00f1o, recibiendo el nombre de Wenki, que significa \u00abguerrero de la vida\u00bb. Tambi\u00e9n es m\u00fasico, actor y vicepresidente de la organizaci\u00f3n ash\u00e1ninka para la gesti\u00f3n de recursos naturales, que lucha contra la deforestaci\u00f3n. Piy\u00e3ko fue reconocido por su inquebrantable compromiso con la defensa de las tierras y la cultura ind\u00edgenas, as\u00ed como por su labor durante los \u00faltimos quince a\u00f1os en la protecci\u00f3n del medio ambiente y la reforestaci\u00f3n de la Amazon\u00eda. L\u00edder de la comunidad Apiwtxa, en el territorio ind\u00edgena Terra Kampa do Rio Am\u00f4nia, en el estado brasile\u00f1o de Acre, cerca de la frontera con Per\u00fa, se ha convertido en una voz destacada en la defensa de la selva tropical y la biodiversidad. A trav\u00e9s del Instituto Yorenka Tasorentsi y la Conferencia Ind\u00edgena de Ayahuasca, que \u00e9l mismo fund\u00f3, ha promovido programas educativos, proyectos de reforestaci\u00f3n e iniciativas para la transmisi\u00f3n del conocimiento tradicional. Su trabajo involucra principalmente a j\u00f3venes y busca fortalecer la conexi\u00f3n entre la comunidad, la espiritualidad ind\u00edgena y la protecci\u00f3n del medio ambiente. Seg\u00fan los miembros del comit\u00e9 que lo seleccion\u00f3, Piy\u00e3ko representa una figura ejemplar en la defensa de la selva amaz\u00f3nica y la lucha contra el cambio clim\u00e1tico. Su compromiso, se\u00f1alan, ha contribuido no solo a la protecci\u00f3n de la comunidad ash\u00e1ninka, sino tambi\u00e9n a la preservaci\u00f3n de un ecosistema crucial para el equilibrio del planeta. Su labor, arraigada en la espiritualidad ind\u00edgena, combina la conservaci\u00f3n de la naturaleza, la preservaci\u00f3n de las tradiciones culturales y la responsabilidad global con la Tierra. Otros miembros del comit\u00e9 destacan c\u00f3mo su labor educativa y comunitaria representa un modelo capaz de inspirar a las nuevas generaciones a desarrollar una relaci\u00f3n m\u00e1s consciente con el medio ambiente. En una \u00e9poca marcada por las crisis ecol\u00f3gicas y la explotaci\u00f3n indiscriminada de los recursos, su compromiso llama la atenci\u00f3n sobre la interdependencia entre la humanidad y la naturaleza. El Premio Niwano de la Paz fue establecido por la Fundaci\u00f3n Niwano para la Paz para honrar a personas y organizaciones que realizan contribuciones significativas a la cooperaci\u00f3n interreligiosa y a la consolidaci\u00f3n de la paz mundial. El premio lleva el nombre de Nikkyo Niwano, fundador de la organizaci\u00f3n budista laica Rissho Kosei-kai, para quien la paz no era simplemente la ausencia de conflicto, sino la armon\u00eda en la vida de las personas, las comunidades y las naciones. La Fundaci\u00f3n Niwano para la Paz, fundada en 1978, promueve la investigaci\u00f3n, proyectos educativos, conferencias e intercambios internacionales en el \u00e1mbito de la cultura de paz. Con un patrimonio aproximado de 4.700 millones de yenes, apoya iniciativas en los \u00e1mbitos de la educaci\u00f3n, la ciencia, la religi\u00f3n y la filosof\u00eda, adem\u00e1s de otorgar el premio anual. Cada a\u00f1o, cientos de figuras y organizaciones religiosas y acad\u00e9micas son invitadas a nominar candidatos, quienes son evaluados por un comit\u00e9 compuesto por l\u00edderes religiosos de diversas regiones geogr\u00e1ficas. La concesi\u00f3n del premio a Benki Piy\u00e3ko subraya una vez m\u00e1s la conexi\u00f3n entre la paz, el di\u00e1logo intercultural y el cuidado de la Tierra.<\/p>\n\n\n\n<p>Bea Marcantonio<\/p>\n","protected":false},"excerpt":{"rendered":"<p>El l\u00edder espiritual amaz\u00f3nico Benki Piy\u00e3ko, miembro del pueblo ash\u00e1ninka de Brasil, es el ganador del 43.\u00ba Premio Niwano de la Paz. Este galard\u00f3n, uno de los m\u00e1s prestigiosos en el \u00e1mbito de la cooperaci\u00f3n interreligiosa y la consolidaci\u00f3n de la paz, le ser\u00e1 entregado el 12 de mayo de 2026 en Tokio, junto con [&hellip;]<\/p>\n","protected":false},"author":1,"featured_media":1000028887,"comment_status":"closed","ping_status":"open","sticky":false,"template":"","format":"standard","meta":{"content-type":"","_jetpack_memberships_contains_paid_content":false,"jnews-multi-image_gallery":[],"jnews_single_post":{"format":"standard"},"jnews_primary_category":[],"footnotes":"","jetpack_publicize_message":"","jetpack_publicize_feature_enabled":true,"jetpack_social_post_already_shared":true,"jetpack_social_options":{"image_generator_settings":{"template":"highway","default_image_id":0,"font":"","enabled":false},"version":2}},"categories":[41],"tags":[],"class_list":{"0":"post-1000028886","1":"post","2":"type-post","3":"status-publish","4":"format-standard","5":"has-post-thumbnail","7":"category-mundo"},"jetpack_publicize_connections":[],"jetpack_featured_media_url":"https:\/\/i0.wp.com\/gazzettinoitalianopatagonico.com\/wp-content\/uploads\/2026\/03\/zasw.jpg?fit=842%2C422&ssl=1","jetpack_likes_enabled":true,"jetpack_sharing_enabled":true,"_links":{"self":[{"href":"https:\/\/gazzettinoitalianopatagonico.com\/index.php?rest_route=\/wp\/v2\/posts\/1000028886","targetHints":{"allow":["GET"]}}],"collection":[{"href":"https:\/\/gazzettinoitalianopatagonico.com\/index.php?rest_route=\/wp\/v2\/posts"}],"about":[{"href":"https:\/\/gazzettinoitalianopatagonico.com\/index.php?rest_route=\/wp\/v2\/types\/post"}],"author":[{"embeddable":true,"href":"https:\/\/gazzettinoitalianopatagonico.com\/index.php?rest_route=\/wp\/v2\/users\/1"}],"replies":[{"embeddable":true,"href":"https:\/\/gazzettinoitalianopatagonico.com\/index.php?rest_route=%2Fwp%2Fv2%2Fcomments&post=1000028886"}],"version-history":[{"count":1,"href":"https:\/\/gazzettinoitalianopatagonico.com\/index.php?rest_route=\/wp\/v2\/posts\/1000028886\/revisions"}],"predecessor-version":[{"id":1000028888,"href":"https:\/\/gazzettinoitalianopatagonico.com\/index.php?rest_route=\/wp\/v2\/posts\/1000028886\/revisions\/1000028888"}],"wp:featuredmedia":[{"embeddable":true,"href":"https:\/\/gazzettinoitalianopatagonico.com\/index.php?rest_route=\/wp\/v2\/media\/1000028887"}],"wp:attachment":[{"href":"https:\/\/gazzettinoitalianopatagonico.com\/index.php?rest_route=%2Fwp%2Fv2%2Fmedia&parent=1000028886"}],"wp:term":[{"taxonomy":"category","embeddable":true,"href":"https:\/\/gazzettinoitalianopatagonico.com\/index.php?rest_route=%2Fwp%2Fv2%2Fcategories&post=1000028886"},{"taxonomy":"post_tag","embeddable":true,"href":"https:\/\/gazzettinoitalianopatagonico.com\/index.php?rest_route=%2Fwp%2Fv2%2Ftags&post=1000028886"}],"curies":[{"name":"wp","href":"https:\/\/api.w.org\/{rel}","templated":true}]}}