{"id":1000028882,"date":"2026-03-14T15:02:33","date_gmt":"2026-03-14T18:02:33","guid":{"rendered":"https:\/\/gazzettinoitalianopatagonico.com\/?p=1000028882"},"modified":"2026-03-14T15:02:35","modified_gmt":"2026-03-14T18:02:35","slug":"fabio-porta-pd-cittadinanza-con-la-sentenza-della-corte-costituzionale-non-si-conclude-la-nostra-battaglia-contro-la-legge-della-vergogna","status":"publish","type":"post","link":"https:\/\/gazzettinoitalianopatagonico.com\/?p=1000028882","title":{"rendered":"FABIO PORTA (PD). CITTADINANZA: CON LA SENTENZA DELLA CORTE COSTITUZIONALE NON SI CONCLUDE LA NOSTRA BATTAGLIA CONTRO LA \u201cLEGGE DELLA VERGOGNA\u201d"},"content":{"rendered":"\n<p>Il comunicato con il quale la Corte Costituzionale anticipa la decisione, a seguito dell\u2019udienza dell\u201911 marzo scorso, di dichiarare parzialmente infondate e inammissibili le questioni di legittimit\u00e0 costituzionale sollevate dal Tribunale di Torino contro contro il decreto legge 36 del 2025 (convertita nel maggio dello stesso anno nella cosiddetta \u201clegge della vergogna\u201d) non deve costituire una pietra tombale sulle legittime aspirazioni di milioni di italiani all\u2019estero al loro diritto di cittadinanza.<\/p>\n\n\n\n<p>Ci\u00f2, in primo luogo, perch\u00e9 occorre conoscere le motivazioni integrali di tale decisione, che saranno pubblicate nelle prossime settimane; sar\u00e0 importante capire se tale rigetto \u00e8 relativo al caso specifico sollevato dal Tribunale o all\u2019impianto complessivo della legge. In secondo luogo vale ricordare che nei prossimi mesi sono attese altre decisioni della Corte di Cassazione e della stessa Corte Costituzionale sullo stesso tema, che ovviamente potrebbero confermare ma anche modificare il parere anticipato dal comunicato della Corte diramato all\u2019indomani dell\u2019udienza Va infine ricordato a tutti coloro che con interesse e apprensione seguono questa delicata questione che come noi del Partito Democratico avevamo denunciato nel corso del dibattito sulla conversione del \u201cdecreto Tajani\u201d, questo attacco deliberato e scomposto al diritto e prima ancora alla dignit\u00e0 degli italiani nel mondo nasce da un\u2019avversione profonda e politicamente dichiarata contro il mondo dell\u2019emigrazione e delle migrazioni in generale; in commissione e nelle aule parlamentari di Camera e Senato abbiamo condotto in solitaria una lotta durissima contro la narrazione del governo che stava alla base di questa norma inopportuna per il metodo e sbagliata nel contenuto. Insieme ai miei colleghi eletti all\u2019estero nelle file del PD continuer\u00f2 a condurre questa battaglia nel nome della gloriosa storia della nostra emigrazione e del sacrificio di milioni di emigrati che ancora oggi fanno onore al Paese rendendolo grande e rispettato nel mondo.<\/p>\n","protected":false},"excerpt":{"rendered":"<p>Il comunicato con il quale la Corte Costituzionale anticipa la decisione, a seguito dell\u2019udienza dell\u201911 marzo scorso, di dichiarare parzialmente infondate e inammissibili le questioni di legittimit\u00e0 costituzionale sollevate dal Tribunale di Torino contro contro il decreto legge 36 del 2025 (convertita nel maggio dello stesso anno nella cosiddetta \u201clegge della vergogna\u201d) non deve costituire [&hellip;]<\/p>\n","protected":false},"author":1,"featured_media":1000028883,"comment_status":"closed","ping_status":"open","sticky":false,"template":"","format":"standard","meta":{"content-type":"","_jetpack_memberships_contains_paid_content":false,"jnews-multi-image_gallery":[],"jnews_single_post":{"format":"standard"},"jnews_primary_category":[],"footnotes":"","jetpack_publicize_message":"","jetpack_publicize_feature_enabled":true,"jetpack_social_post_already_shared":true,"jetpack_social_options":{"image_generator_settings":{"template":"highway","default_image_id":0,"font":"","enabled":false},"version":2}},"categories":[46,32],"tags":[166],"class_list":{"0":"post-1000028882","1":"post","2":"type-post","3":"status-publish","4":"format-standard","5":"has-post-thumbnail","7":"category-italia","8":"category-politica","9":"tag-fabio-porta"},"jetpack_publicize_connections":[],"jetpack_featured_media_url":"https:\/\/i0.wp.com\/gazzettinoitalianopatagonico.com\/wp-content\/uploads\/2026\/03\/Porta-2022-AS-Studio-Foto-e-Video-033-1024x683-2.jpg?fit=1024%2C683&ssl=1","jetpack_likes_enabled":true,"jetpack_sharing_enabled":true,"_links":{"self":[{"href":"https:\/\/gazzettinoitalianopatagonico.com\/index.php?rest_route=\/wp\/v2\/posts\/1000028882","targetHints":{"allow":["GET"]}}],"collection":[{"href":"https:\/\/gazzettinoitalianopatagonico.com\/index.php?rest_route=\/wp\/v2\/posts"}],"about":[{"href":"https:\/\/gazzettinoitalianopatagonico.com\/index.php?rest_route=\/wp\/v2\/types\/post"}],"author":[{"embeddable":true,"href":"https:\/\/gazzettinoitalianopatagonico.com\/index.php?rest_route=\/wp\/v2\/users\/1"}],"replies":[{"embeddable":true,"href":"https:\/\/gazzettinoitalianopatagonico.com\/index.php?rest_route=%2Fwp%2Fv2%2Fcomments&post=1000028882"}],"version-history":[{"count":1,"href":"https:\/\/gazzettinoitalianopatagonico.com\/index.php?rest_route=\/wp\/v2\/posts\/1000028882\/revisions"}],"predecessor-version":[{"id":1000028884,"href":"https:\/\/gazzettinoitalianopatagonico.com\/index.php?rest_route=\/wp\/v2\/posts\/1000028882\/revisions\/1000028884"}],"wp:featuredmedia":[{"embeddable":true,"href":"https:\/\/gazzettinoitalianopatagonico.com\/index.php?rest_route=\/wp\/v2\/media\/1000028883"}],"wp:attachment":[{"href":"https:\/\/gazzettinoitalianopatagonico.com\/index.php?rest_route=%2Fwp%2Fv2%2Fmedia&parent=1000028882"}],"wp:term":[{"taxonomy":"category","embeddable":true,"href":"https:\/\/gazzettinoitalianopatagonico.com\/index.php?rest_route=%2Fwp%2Fv2%2Fcategories&post=1000028882"},{"taxonomy":"post_tag","embeddable":true,"href":"https:\/\/gazzettinoitalianopatagonico.com\/index.php?rest_route=%2Fwp%2Fv2%2Ftags&post=1000028882"}],"curies":[{"name":"wp","href":"https:\/\/api.w.org\/{rel}","templated":true}]}}