{"id":1000028801,"date":"2026-03-13T11:20:16","date_gmt":"2026-03-13T14:20:16","guid":{"rendered":"https:\/\/gazzettinoitalianopatagonico.com\/?p=1000028801"},"modified":"2026-03-13T11:20:18","modified_gmt":"2026-03-13T14:20:18","slug":"la-ciudadania-italiana-en-la-encrucijada-la-corte-constitucional-delibera-y-neuquen-sigue-de-cerca","status":"publish","type":"post","link":"https:\/\/gazzettinoitalianopatagonico.com\/?p=1000028801","title":{"rendered":"La Ciudadan\u00eda italiana en la encrucijada: la Corte Constitucional delibera y Neuqu\u00e9n sigue de cerca"},"content":{"rendered":"\n<p>A pocos d\u00edas de la visita del diputado italiano Fabio Porta a Neuqu\u00e9n y la regi\u00f3n fortaleciendo v\u00ednculos con la comunidad \u00edtalo-descendiente, en Roma el m\u00e1ximo tribunal constitucional de Italia celebraba una audiencia que podr\u00eda cambiar el futuro de miles de familias en todo el mundo, incluidas muchas de esta regi\u00f3n<\/p>\n\n\n\n<p>Este mi\u00e9rcoles 11 de marzo, la Corte Constitucional italiana analiz\u00f3 la legitimidad de la Ley 74\/2025, surgida del llamado Decreto Tajani, que modific\u00f3 aspectos clave del reconocimiento de la ciudadan\u00eda por descendencia. La audiencia, celebrada en el Palazzo della Consulta de Roma, concentr\u00f3 una atenci\u00f3n inusual tanto dentro como fuera de Italia.<\/p>\n\n\n\n<p>Una sala colmada de expectativa global<\/p>\n\n\n\n<p>En los d\u00edas previos, abogados provenientes de diversas regiones de Italia y tambi\u00e9n del exterior, adem\u00e1s de representantes de asociaciones y grupos organizados de la di\u00e1spora, intentaron obtener acreditaci\u00f3n para acompa\u00f1ar la sesi\u00f3n, con solicitudes que superaron la capacidad disponible, lo que indica la dimensi\u00f3n internacional que asumi\u00f3 el caso.<\/p>\n\n\n\n<p>En representaci\u00f3n de la familia venezolana que llev\u00f3 el caso \u2014los Escovar Alvarado, protagonistas del primer juicio sobre la constitucionalidad del Decreto Tajani que llega a la Corte\u2014 participaron siete abogados, entre ellos la \u00edtalo-argentina M\u00f3nica Restanio, \u00fanica \u00edtalo-descendiente dentro del colegio defensor. En representaci\u00f3n del Consejo de Ministros, es decir, en defensa del gobierno de Meloni, actuaron dos abogados oficiales.<\/p>\n\n\n\n<p>Los argumentos sobre la mesa<\/p>\n\n\n\n<p>Durante la audiencia, los abogados que impugnan la ley sostuvieron que la ciudadan\u00eda italiana por ius sanguinis es un derecho que surge desde el nacimiento, no una concesi\u00f3n administrativa. Argumentaron que el reconocimiento formal no crea ese derecho sino que simplemente lo constata, y que las nuevas normas generan un trato desigual entre personas con id\u00e9ntica condici\u00f3n jur\u00eddica. Tambi\u00e9n cuestionaron el efecto retroactivo de la ley.<\/p>\n\n\n\n<p>Precisamente ese punto es uno de los m\u00e1s sensibles: la norma dictamina que los nacidos fuera de Italia antes de la vigencia del decreto \u00abse tienen como si jam\u00e1s hubieran conseguido la ciudadan\u00eda italiana\u00bb, lo que asociaciones italianas en el exterior, expertos en derecho constitucional y familias con tr\u00e1mites avanzados calificaron como un golpe al pacto hist\u00f3rico Italia-di\u00e1spora.<\/p>\n\n\n\n<p>La defensa del gobierno, por su parte, argument\u00f3 que todo Estado tiene autonom\u00eda para definir su propio r\u00e9gimen de ciudadan\u00eda y que la ausencia prolongada de v\u00ednculos con Italia por parte de algunos descendientes podr\u00eda indicar una ruptura real con el pa\u00eds de origen.<\/p>\n\n\n\n<p>\u00bfQu\u00e9 cambi\u00f3 con el Decreto Tajani?<\/p>\n\n\n\n<p>La Ley 74\/2025 modific\u00f3 profundamente el sistema al introducir, por primera vez, un l\u00edmite generacional que permite el reconocimiento de la ciudadan\u00eda italiana \u00fanicamente a los descendientes dentro de las dos primeras generaciones desde el ascendiente italiano. Una medida que, en los hechos, deja afuera a la gran mayor\u00eda de las familias descendientes de los inmigrantes llegados entre finales del siglo XIX y comienzos del XX.<\/p>\n\n\n\n<p>Adem\u00e1s, desde enero de 2025 comenz\u00f3 a regir una tasa de 600 euros para iniciar cualquier tr\u00e1mite \u2014judicial o administrativo\u2014 que, sumada a traducciones, apostillas y certificaciones, encareci\u00f3 significativamente el acceso.<\/p>\n\n\n\n<p>Porta en Neuqu\u00e9n: entre Vaca Muerta y la ciudadan\u00eda<\/p>\n\n\n\n<p>La audiencia en Roma coincidi\u00f3 con la visita a Neuqu\u00e9n del diputado Fabio Porta, legislador del Partido Democr\u00e1tico italiano que representa a la circunscripci\u00f3n de Am\u00e9rica del Sur. El legislador, que fue invitado por el Circolo Cultura Italia de Neuqu\u00e9n, presidido por Gaetano Amato, se reuni\u00f3 con integrantes de la comunidad italiana y autoridades locales, y particip\u00f3 en una conferencia abierta en el Concejo Deliberante destinada a dialogar con descendientes italianos y abordar inquietudes vinculadas a la ciudadan\u00eda.<\/p>\n\n\n\n<p>Durante el encuentro institucional en el Concejo Deliberante se abordaron temas vinculados al desarrollo econ\u00f3mico, educativo y tur\u00edstico, el potencial de Vaca Muerta y tambi\u00e9n la posibilidad de avanzar en la instalaci\u00f3n de un consulado italiano en la ciudad de Neuqu\u00e9n, una iniciativa que busca responder a la creciente demanda de tr\u00e1mites y servicios consulares.<\/p>\n\n\n\n<p>Sobre la controversia por la ciudadan\u00eda, Porta fue contundente. \u00abHace un a\u00f1o el Parlamento aprob\u00f3 una ley impulsada por el gobierno que limita la transmisi\u00f3n de la ciudadan\u00eda por sangre. Yo vot\u00e9 en contra porque considero que afecta un derecho hist\u00f3rico de los italianos en el exterior\u00bb, afirm\u00f3 el legislador. Sus palabras resonaron especialmente en una sala donde muchos de los presentes tienen expedientes abiertos en consulados o tribunales italianos.<\/p>\n\n\n\n<p>Tambi\u00e9n destac\u00f3 el inter\u00e9s econ\u00f3mico de Italia en la regi\u00f3n. El diputado se\u00f1al\u00f3 que la empresa ENI, una de las mayores compa\u00f1\u00edas energ\u00e9ticas del mundo, decidi\u00f3 volver a apostar fuerte por Argentina, especialmente por Vaca Muerta, lo que puede generar oportunidades no solo econ\u00f3micas sino tambi\u00e9n en turismo, cooperaci\u00f3n institucional e intercambio acad\u00e9mico.<\/p>\n\n\n\n<p>Qu\u00e9 viene ahora<\/p>\n\n\n\n<p>La audiencia del 11 de marzo no tendr\u00e1 una resoluci\u00f3n inmediata. La Corte Constitucional ingres\u00f3 ahora en su fase de deliberaci\u00f3n interna. El tribunal tiene distintos caminos posibles: confirmar la plena constitucionalidad de la norma, declarar su inconstitucionalidad total \u2014lo que restablecer\u00eda la interpretaci\u00f3n jur\u00eddica previa\u2014 o adoptar una soluci\u00f3n intermedia declarando la inconstitucionalidad de algunos art\u00edculos.<\/p>\n\n\n\n<p>Otras cuestiones de constitucionalidad presentadas por distintos tribunales italianos ya aguardan fechas de audiencia, como el caso del Tribunal de Mantova, fijado para el 9 de junio de 2026.<\/p>\n\n\n\n<p>Para los neuquinos que esperan con sus carpetas en mano, el horizonte no es inmediato, pero s\u00ed, por primera vez en meses, algo m\u00e1s esperanzador. La Corte tiene la palabra.<\/p>\n","protected":false},"excerpt":{"rendered":"<p>A pocos d\u00edas de la visita del diputado italiano Fabio Porta a Neuqu\u00e9n y la regi\u00f3n fortaleciendo v\u00ednculos con la comunidad \u00edtalo-descendiente, en Roma el m\u00e1ximo tribunal constitucional de Italia celebraba una audiencia que podr\u00eda cambiar el futuro de miles de familias en todo el mundo, incluidas muchas de esta regi\u00f3n Este mi\u00e9rcoles 11 de [&hellip;]<\/p>\n","protected":false},"author":1,"featured_media":1000028802,"comment_status":"closed","ping_status":"open","sticky":false,"template":"","format":"standard","meta":{"content-type":"","_jetpack_memberships_contains_paid_content":false,"jnews-multi-image_gallery":[],"jnews_single_post":{"format":"standard"},"jnews_primary_category":[],"footnotes":"","jetpack_publicize_message":"","jetpack_publicize_feature_enabled":true,"jetpack_social_post_already_shared":true,"jetpack_social_options":{"image_generator_settings":{"template":"highway","default_image_id":0,"font":"","enabled":false},"version":2}},"categories":[46],"tags":[],"class_list":{"0":"post-1000028801","1":"post","2":"type-post","3":"status-publish","4":"format-standard","5":"has-post-thumbnail","7":"category-italia"},"jetpack_publicize_connections":[],"jetpack_featured_media_url":"https:\/\/i0.wp.com\/gazzettinoitalianopatagonico.com\/wp-content\/uploads\/2026\/03\/ZDFVC.jpg?fit=859%2C1000&ssl=1","jetpack_likes_enabled":true,"jetpack_sharing_enabled":true,"_links":{"self":[{"href":"https:\/\/gazzettinoitalianopatagonico.com\/index.php?rest_route=\/wp\/v2\/posts\/1000028801","targetHints":{"allow":["GET"]}}],"collection":[{"href":"https:\/\/gazzettinoitalianopatagonico.com\/index.php?rest_route=\/wp\/v2\/posts"}],"about":[{"href":"https:\/\/gazzettinoitalianopatagonico.com\/index.php?rest_route=\/wp\/v2\/types\/post"}],"author":[{"embeddable":true,"href":"https:\/\/gazzettinoitalianopatagonico.com\/index.php?rest_route=\/wp\/v2\/users\/1"}],"replies":[{"embeddable":true,"href":"https:\/\/gazzettinoitalianopatagonico.com\/index.php?rest_route=%2Fwp%2Fv2%2Fcomments&post=1000028801"}],"version-history":[{"count":1,"href":"https:\/\/gazzettinoitalianopatagonico.com\/index.php?rest_route=\/wp\/v2\/posts\/1000028801\/revisions"}],"predecessor-version":[{"id":1000028803,"href":"https:\/\/gazzettinoitalianopatagonico.com\/index.php?rest_route=\/wp\/v2\/posts\/1000028801\/revisions\/1000028803"}],"wp:featuredmedia":[{"embeddable":true,"href":"https:\/\/gazzettinoitalianopatagonico.com\/index.php?rest_route=\/wp\/v2\/media\/1000028802"}],"wp:attachment":[{"href":"https:\/\/gazzettinoitalianopatagonico.com\/index.php?rest_route=%2Fwp%2Fv2%2Fmedia&parent=1000028801"}],"wp:term":[{"taxonomy":"category","embeddable":true,"href":"https:\/\/gazzettinoitalianopatagonico.com\/index.php?rest_route=%2Fwp%2Fv2%2Fcategories&post=1000028801"},{"taxonomy":"post_tag","embeddable":true,"href":"https:\/\/gazzettinoitalianopatagonico.com\/index.php?rest_route=%2Fwp%2Fv2%2Ftags&post=1000028801"}],"curies":[{"name":"wp","href":"https:\/\/api.w.org\/{rel}","templated":true}]}}