{"id":1000028782,"date":"2026-03-13T11:00:38","date_gmt":"2026-03-13T14:00:38","guid":{"rendered":"https:\/\/gazzettinoitalianopatagonico.com\/?p=1000028782"},"modified":"2026-03-13T11:00:39","modified_gmt":"2026-03-13T14:00:39","slug":"cuba-lonu-negozia-con-gli-usa-carburante-umanitario-per-affrontare-la-crisi","status":"publish","type":"post","link":"https:\/\/gazzettinoitalianopatagonico.com\/?p=1000028782","title":{"rendered":"Cuba, l\u2019Onu negozia con gli Usa carburante umanitario per affrontare la crisi"},"content":{"rendered":"\n<p>Le Nazioni Unite stanno negoziando con gli Stati Uniti per ottenere l&#8217;ingresso a Cuba di carburante destinato esclusivamente a operazioni umanitarie. Lo ha dichiarato il coordinatore dell&#8217;Onu sull&#8217;isola, Francisco Pich\u00f3n, spiegando che sono in corso contatti con Washington per garantire il combustibile necessario alle missioni di emergenza e ai servizi rivolti alle fasce pi\u00f9 vulnerabili della popolazione. La richiesta arriva mentre Cuba attraversa una grave crisi energetica. Anche la scorsa notte, secondo quanto comunicato dalla compagnia elettrica statale e riportato dai media locali, circa il 60% delle utenze del Paese caraibico \u00e8 rimasto senza elettricit\u00e0. Pich\u00f3n ha avvertito che la capacit\u00e0 operativa delle agenzie delle Nazioni Unite dipende dall&#8217;accesso a energia e carburante, oggi fortemente razionati. La scarsit\u00e0 ha gi\u00e0 ridotto gli spostamenti sul territorio e reso pi\u00f9 difficoltoso il trasporto di beni dai porti e dagli aeroporti verso le diverse province. Le autorit\u00e0 cubane hanno introdotto misure d&#8217;emergenza, tra cui severe restrizioni alla vendita di carburante, mentre l&#8217;Onu sollecita una soluzione diplomatica per evitare un ulteriore aggravarsi della crisi.<\/p>\n","protected":false},"excerpt":{"rendered":"<p>Le Nazioni Unite stanno negoziando con gli Stati Uniti per ottenere l&#8217;ingresso a Cuba di carburante destinato esclusivamente a operazioni umanitarie. Lo ha dichiarato il coordinatore dell&#8217;Onu sull&#8217;isola, Francisco Pich\u00f3n, spiegando che sono in corso contatti con Washington per garantire il combustibile necessario alle missioni di emergenza e ai servizi rivolti alle fasce pi\u00f9 vulnerabili [&hellip;]<\/p>\n","protected":false},"author":1,"featured_media":1000028783,"comment_status":"closed","ping_status":"open","sticky":false,"template":"","format":"standard","meta":{"content-type":"","_jetpack_memberships_contains_paid_content":false,"jnews-multi-image_gallery":[],"jnews_single_post":{"format":"standard"},"jnews_primary_category":[],"footnotes":"","jetpack_publicize_message":"","jetpack_publicize_feature_enabled":true,"jetpack_social_post_already_shared":true,"jetpack_social_options":{"image_generator_settings":{"template":"highway","default_image_id":0,"font":"","enabled":false},"version":2}},"categories":[270],"tags":[268,331],"class_list":{"0":"post-1000028782","1":"post","2":"type-post","3":"status-publish","4":"format-standard","5":"has-post-thumbnail","7":"category-america-latina","8":"tag-america-latina","9":"tag-cuba"},"jetpack_publicize_connections":[],"jetpack_featured_media_url":"https:\/\/i0.wp.com\/gazzettinoitalianopatagonico.com\/wp-content\/uploads\/2026\/03\/zxdf-1.jpg?fit=859%2C434&ssl=1","jetpack_likes_enabled":true,"jetpack_sharing_enabled":true,"_links":{"self":[{"href":"https:\/\/gazzettinoitalianopatagonico.com\/index.php?rest_route=\/wp\/v2\/posts\/1000028782","targetHints":{"allow":["GET"]}}],"collection":[{"href":"https:\/\/gazzettinoitalianopatagonico.com\/index.php?rest_route=\/wp\/v2\/posts"}],"about":[{"href":"https:\/\/gazzettinoitalianopatagonico.com\/index.php?rest_route=\/wp\/v2\/types\/post"}],"author":[{"embeddable":true,"href":"https:\/\/gazzettinoitalianopatagonico.com\/index.php?rest_route=\/wp\/v2\/users\/1"}],"replies":[{"embeddable":true,"href":"https:\/\/gazzettinoitalianopatagonico.com\/index.php?rest_route=%2Fwp%2Fv2%2Fcomments&post=1000028782"}],"version-history":[{"count":1,"href":"https:\/\/gazzettinoitalianopatagonico.com\/index.php?rest_route=\/wp\/v2\/posts\/1000028782\/revisions"}],"predecessor-version":[{"id":1000028784,"href":"https:\/\/gazzettinoitalianopatagonico.com\/index.php?rest_route=\/wp\/v2\/posts\/1000028782\/revisions\/1000028784"}],"wp:featuredmedia":[{"embeddable":true,"href":"https:\/\/gazzettinoitalianopatagonico.com\/index.php?rest_route=\/wp\/v2\/media\/1000028783"}],"wp:attachment":[{"href":"https:\/\/gazzettinoitalianopatagonico.com\/index.php?rest_route=%2Fwp%2Fv2%2Fmedia&parent=1000028782"}],"wp:term":[{"taxonomy":"category","embeddable":true,"href":"https:\/\/gazzettinoitalianopatagonico.com\/index.php?rest_route=%2Fwp%2Fv2%2Fcategories&post=1000028782"},{"taxonomy":"post_tag","embeddable":true,"href":"https:\/\/gazzettinoitalianopatagonico.com\/index.php?rest_route=%2Fwp%2Fv2%2Ftags&post=1000028782"}],"curies":[{"name":"wp","href":"https:\/\/api.w.org\/{rel}","templated":true}]}}