{"id":1000028773,"date":"2026-03-13T10:50:19","date_gmt":"2026-03-13T13:50:19","guid":{"rendered":"https:\/\/gazzettinoitalianopatagonico.com\/?p=1000028773"},"modified":"2026-03-13T10:50:21","modified_gmt":"2026-03-13T13:50:21","slug":"sicurezza-sul-lavoro-porta-pd-sicurezza-2035-fa-della-prevenzione-una-priorita-strategica-nazionale","status":"publish","type":"post","link":"https:\/\/gazzettinoitalianopatagonico.com\/?p=1000028773","title":{"rendered":"Sicurezza sul lavoro &#8211; Porta (PD): \u00abSicurezza 2035 fa della prevenzione una priorit\u00e0 strategica nazionale\u00bb"},"content":{"rendered":"\n<p>\u00abCon il mio saluto alla conferenza \u201cSicurezza 2035: Il futuro della prevenzione tra tecnologia, cultura e responsabilit\u00e0\u201d, organizzato da Confassociazioni Sicurezza e A.N.CO.R.S., ho voluto ribadire un punto politico chiaro: la sicurezza sul lavoro non pu\u00f2 pi\u00f9 essere trattata come un tema emergenziale, ma come una vera infrastruttura strategica del Paese\u00bb ha dichiarato l\u2019on. Fabio Porta, a margine dei lavori nella Sala stampa della Camera dei Deputati.<\/p>\n\n\n\n<p>\u00abI numeri su infortuni e morti sul lavoro ci ricordano che non parliamo di fatalit\u00e0, ma di un problema strutturale che chiama in causa organizzazione del lavoro, qualit\u00e0 delle tutele e capacit\u00e0 di prevenzione; per questo serve un orizzonte come il 2035, con politiche coerenti e verificabili nel tempo\u00bb ha aggiunto.<\/p>\n\n\n\n<p>Porta ha richiamato i tre pilastri indicati dal titolo dell\u2019iniziativa: tecnologia, cultura e responsabilit\u00e0. \u00abLe nuove tecnologie possono diventare un potente alleato della sicurezza solo se governate e inserite in una vera cultura della prevenzione, che coinvolga imprese, lavoratrici e lavoratori, scuole e territori\u00bb ha spiegato.<\/p>\n\n\n\n<p>\u00abIl Parlamento \u2013 ha concluso \u2013 deve accompagnare questo percorso con scelte legislative coerenti, un controllo serio sulle politiche pubbliche e un dialogo costante con chi, ogni giorno, lavora nei luoghi di lavoro e nei territori per trasformare la sicurezza in un diritto effettivo e non solo proclamato\u00bb.<\/p>\n","protected":false},"excerpt":{"rendered":"<p>\u00abCon il mio saluto alla conferenza \u201cSicurezza 2035: Il futuro della prevenzione tra tecnologia, cultura e responsabilit\u00e0\u201d, organizzato da Confassociazioni Sicurezza e A.N.CO.R.S., ho voluto ribadire un punto politico chiaro: la sicurezza sul lavoro non pu\u00f2 pi\u00f9 essere trattata come un tema emergenziale, ma come una vera infrastruttura strategica del Paese\u00bb ha dichiarato l\u2019on. Fabio [&hellip;]<\/p>\n","protected":false},"author":1,"featured_media":1000028774,"comment_status":"closed","ping_status":"open","sticky":false,"template":"","format":"standard","meta":{"content-type":"","_jetpack_memberships_contains_paid_content":false,"jnews-multi-image_gallery":[],"jnews_single_post":{"format":"standard"},"jnews_primary_category":[],"footnotes":"","jetpack_publicize_message":"","jetpack_publicize_feature_enabled":true,"jetpack_social_post_already_shared":true,"jetpack_social_options":{"image_generator_settings":{"template":"highway","default_image_id":0,"font":"","enabled":false},"version":2}},"categories":[263,32],"tags":[],"class_list":{"0":"post-1000028773","1":"post","2":"type-post","3":"status-publish","4":"format-standard","5":"has-post-thumbnail","7":"category-fabio-porta","8":"category-politica"},"jetpack_publicize_connections":[],"jetpack_featured_media_url":"https:\/\/i0.wp.com\/gazzettinoitalianopatagonico.com\/wp-content\/uploads\/2026\/03\/zse.jpg?fit=1080%2C608&ssl=1","jetpack_likes_enabled":true,"jetpack_sharing_enabled":true,"_links":{"self":[{"href":"https:\/\/gazzettinoitalianopatagonico.com\/index.php?rest_route=\/wp\/v2\/posts\/1000028773","targetHints":{"allow":["GET"]}}],"collection":[{"href":"https:\/\/gazzettinoitalianopatagonico.com\/index.php?rest_route=\/wp\/v2\/posts"}],"about":[{"href":"https:\/\/gazzettinoitalianopatagonico.com\/index.php?rest_route=\/wp\/v2\/types\/post"}],"author":[{"embeddable":true,"href":"https:\/\/gazzettinoitalianopatagonico.com\/index.php?rest_route=\/wp\/v2\/users\/1"}],"replies":[{"embeddable":true,"href":"https:\/\/gazzettinoitalianopatagonico.com\/index.php?rest_route=%2Fwp%2Fv2%2Fcomments&post=1000028773"}],"version-history":[{"count":1,"href":"https:\/\/gazzettinoitalianopatagonico.com\/index.php?rest_route=\/wp\/v2\/posts\/1000028773\/revisions"}],"predecessor-version":[{"id":1000028775,"href":"https:\/\/gazzettinoitalianopatagonico.com\/index.php?rest_route=\/wp\/v2\/posts\/1000028773\/revisions\/1000028775"}],"wp:featuredmedia":[{"embeddable":true,"href":"https:\/\/gazzettinoitalianopatagonico.com\/index.php?rest_route=\/wp\/v2\/media\/1000028774"}],"wp:attachment":[{"href":"https:\/\/gazzettinoitalianopatagonico.com\/index.php?rest_route=%2Fwp%2Fv2%2Fmedia&parent=1000028773"}],"wp:term":[{"taxonomy":"category","embeddable":true,"href":"https:\/\/gazzettinoitalianopatagonico.com\/index.php?rest_route=%2Fwp%2Fv2%2Fcategories&post=1000028773"},{"taxonomy":"post_tag","embeddable":true,"href":"https:\/\/gazzettinoitalianopatagonico.com\/index.php?rest_route=%2Fwp%2Fv2%2Ftags&post=1000028773"}],"curies":[{"name":"wp","href":"https:\/\/api.w.org\/{rel}","templated":true}]}}