{"id":1000028767,"date":"2026-03-13T10:43:08","date_gmt":"2026-03-13T13:43:08","guid":{"rendered":"https:\/\/gazzettinoitalianopatagonico.com\/?p=1000028767"},"modified":"2026-03-13T10:43:09","modified_gmt":"2026-03-13T13:43:09","slug":"venezuela-liberati-i-dissidenti-di-origine-italiana-davila-e-de-grazia","status":"publish","type":"post","link":"https:\/\/gazzettinoitalianopatagonico.com\/?p=1000028767","title":{"rendered":"Venezuela, liberati i dissidenti di origine italiana D\u00e1vila e De Grazia"},"content":{"rendered":"\n<p>In Venezuela, i dissidenti italo-venezuelani Williams D\u00e1vila e Am\u00e9rico De Grazia hanno ottenuto la piena libert\u00e0 grazie alla nuova Legge di amnistia, dopo essere stati detenuti dall&#8217;agosto 2024 nell&#8217;ambito delle proteste seguite alla contestata rielezione di Nicolas Maduro.<\/p>\n\n\n\n<p>I due politici, rispettivamente di 74 e 66 anni, hanno confermato il loro rilascio tramite i loro account Instagram e X.<\/p>\n\n\n\n<p>Entrambi erano stati sottoposti a misure cautelari tra luglio e agosto 2025 dopo essere stati rinchiusi per svariati mesi nel famigerato carcere El Helicodide di Caracas.<\/p>\n\n\n\n<p>\u00abRibadisco ancora una volta il mio impegno nei confronti di tutti i venezuelani affinch\u00e9 contribuiscano, attraverso i miei sforzi, al ripristino della democrazia, della libert\u00e0 e della sovranit\u00e0\u00bb, ha scritto in un post De Grazia.<\/p>\n\n\n\n<p>D\u00e1vila ha a sua volta assicurato che continuer\u00e0 a lavorare per la liberazione di tutti i prigionieri politici.<\/p>\n","protected":false},"excerpt":{"rendered":"<p>In Venezuela, i dissidenti italo-venezuelani Williams D\u00e1vila e Am\u00e9rico De Grazia hanno ottenuto la piena libert\u00e0 grazie alla nuova Legge di amnistia, dopo essere stati detenuti dall&#8217;agosto 2024 nell&#8217;ambito delle proteste seguite alla contestata rielezione di Nicolas Maduro. I due politici, rispettivamente di 74 e 66 anni, hanno confermato il loro rilascio tramite i loro [&hellip;]<\/p>\n","protected":false},"author":1,"featured_media":1000028768,"comment_status":"closed","ping_status":"open","sticky":false,"template":"","format":"standard","meta":{"content-type":"","_jetpack_memberships_contains_paid_content":false,"jnews-multi-image_gallery":[],"jnews_single_post":{"format":"standard"},"jnews_primary_category":[],"footnotes":"","jetpack_publicize_message":"","jetpack_publicize_feature_enabled":true,"jetpack_social_post_already_shared":true,"jetpack_social_options":{"image_generator_settings":{"template":"highway","default_image_id":0,"font":"","enabled":false},"version":2}},"categories":[46,32],"tags":[],"class_list":{"0":"post-1000028767","1":"post","2":"type-post","3":"status-publish","4":"format-standard","5":"has-post-thumbnail","7":"category-italia","8":"category-politica"},"jetpack_publicize_connections":[],"jetpack_featured_media_url":"https:\/\/i0.wp.com\/gazzettinoitalianopatagonico.com\/wp-content\/uploads\/2026\/03\/zasee.jpg?fit=859%2C514&ssl=1","jetpack_likes_enabled":true,"jetpack_sharing_enabled":true,"_links":{"self":[{"href":"https:\/\/gazzettinoitalianopatagonico.com\/index.php?rest_route=\/wp\/v2\/posts\/1000028767","targetHints":{"allow":["GET"]}}],"collection":[{"href":"https:\/\/gazzettinoitalianopatagonico.com\/index.php?rest_route=\/wp\/v2\/posts"}],"about":[{"href":"https:\/\/gazzettinoitalianopatagonico.com\/index.php?rest_route=\/wp\/v2\/types\/post"}],"author":[{"embeddable":true,"href":"https:\/\/gazzettinoitalianopatagonico.com\/index.php?rest_route=\/wp\/v2\/users\/1"}],"replies":[{"embeddable":true,"href":"https:\/\/gazzettinoitalianopatagonico.com\/index.php?rest_route=%2Fwp%2Fv2%2Fcomments&post=1000028767"}],"version-history":[{"count":1,"href":"https:\/\/gazzettinoitalianopatagonico.com\/index.php?rest_route=\/wp\/v2\/posts\/1000028767\/revisions"}],"predecessor-version":[{"id":1000028769,"href":"https:\/\/gazzettinoitalianopatagonico.com\/index.php?rest_route=\/wp\/v2\/posts\/1000028767\/revisions\/1000028769"}],"wp:featuredmedia":[{"embeddable":true,"href":"https:\/\/gazzettinoitalianopatagonico.com\/index.php?rest_route=\/wp\/v2\/media\/1000028768"}],"wp:attachment":[{"href":"https:\/\/gazzettinoitalianopatagonico.com\/index.php?rest_route=%2Fwp%2Fv2%2Fmedia&parent=1000028767"}],"wp:term":[{"taxonomy":"category","embeddable":true,"href":"https:\/\/gazzettinoitalianopatagonico.com\/index.php?rest_route=%2Fwp%2Fv2%2Fcategories&post=1000028767"},{"taxonomy":"post_tag","embeddable":true,"href":"https:\/\/gazzettinoitalianopatagonico.com\/index.php?rest_route=%2Fwp%2Fv2%2Ftags&post=1000028767"}],"curies":[{"name":"wp","href":"https:\/\/api.w.org\/{rel}","templated":true}]}}