{"id":1000028764,"date":"2026-03-13T10:41:41","date_gmt":"2026-03-13T13:41:41","guid":{"rendered":"https:\/\/gazzettinoitalianopatagonico.com\/?p=1000028764"},"modified":"2026-03-13T10:41:43","modified_gmt":"2026-03-13T13:41:43","slug":"sinistra-nel-panico-pisapia-confessa-voto-si-al-referendum","status":"publish","type":"post","link":"https:\/\/gazzettinoitalianopatagonico.com\/?p=1000028764","title":{"rendered":"Sinistra nel panico, Pisapia confessa: \u201cVoto s\u00ec al referendum\u201d"},"content":{"rendered":"\n<p>Giuliano Pisapia, ex sindaco di Milano e noto avvocato penalista, ha annunciato il suo voto favorevole al referendum sulla separazione delle carriere tra giudici e pubblici ministeri, previsto il 22 e il 23 marzo 2026. Due sole parole, affidate al Giornale: \u201cVoto s\u00ec\u201d. Nato a Milano nel 1949, Pisapia \u00e8 figlio del giurista Giandomenico Pisapia, tra i promotori della riforma del processo penale negli anni Ottanta. \u00c8 stato sindaco di Milano dal 2011 al 2016 e ha rappresentato l\u2019area progressista del centrosinistra. Nonostante questa appartenenza politica, le sue opinioni sul referendum lo hanno messo in contrasto con parte del suo stesso elettorato e con alcune figure della sinistra.<\/p>\n\n\n\n<p>Beppe Sala rimane di stucco<\/p>\n\n\n\n<p>La posizione di Pisapia, che i giornali schierati per il No stanno accuratamente ignorando, ha colto di sorpresa anche Beppe Sala. \u201cNon ne ho mai parlato con lui, non so, ma rispetto chi voter\u00e0 s\u00ec \u2013 ha detto il sindaco di Milano \u2013 Non dev\u2019essere una questione ideologica, ma di opinione\u201d. Secondo Sala, \u201cc\u2019\u00e8 qualcuno a sinistra, come il mio amico Mazzali, che si \u00e8 espresso liberamente. Io voter\u00f2 No e parteciper\u00f2 con Elly Schlein la settimana prossima a un evento a Milano\u201d. Secondo il sindaco, quella di Meloni sarebbe una \u201cprova di forza\u201d. Eppure la riforma non \u00e8 stata approvata in dieci giorni: secondo quanto richiede Costituzione, l\u2019iter ha affrontato due giri di valzer per sia alla Camera che al Senato, con tanto di discussioni, voti e dibattiti. Ora tocca agli elettori decidere se confermare le modifiche alla Carta o respingerle. Schlein e mezzo Pd voteranno No. L\u2019altra met\u00e0, quella riformista, si \u00e8 gi\u00e0 schierata per il S\u00ec. E ora anche Giuliano Pisapia si aggiunge al lungo elenco di esponenti della sinistra che non sono riusciti a buttare nel water le dichiarazioni fatte in questi anni che, di fatto, andavano proprio nella direzione della riforma voluta da Nordio.<\/p>\n\n\n\n<p>La premier Meloni e il sostegno al S\u00ec<\/p>\n\n\n\n<p>Giorgia Meloni ieri ha partecipare a un evento organizzato da Fratelli d\u2019Italia al Teatro Parenti, dove ha ribadito il suo appoggio al S\u00ec. Durante l\u2019evento, la premier ha cercato di rassicurare i cittadini, affermando che nessuna parte della riforma cerca di \u201cliberarsi dei giudici\u201d o minare l\u2019autonomia della magistratura. Il suo intervento ha comunque acceso dibattiti, ricevendo forti critiche da alcuni esponenti della sinistra e dai partecipanti alle contestazioni fuori dal teatro. Nonostante l\u2019appoggio di alcune personalit\u00e0 di spicco al referendum, Meloni ha dichiarato che, in caso di vittoria del No, proseguir\u00e0 comunque la sua attivit\u00e0 di governo, sostenendo che un risultato negativo non rappresenterebbe un ostacolo alla sua stabilit\u00e0 politica.<\/p>\n\n\n\n<p>Divisioni e polemiche nella sinistra<\/p>\n\n\n\n<p>La posizione favorevole di Pisapia al S\u00ec ha generato malcontento tra molti esponenti della sinistra, soprattutto nell\u2019area che storicamente si oppone a ogni riforma percepita come favorevole al controllo politico sulla magistratura. Il sindacato dei magistrati ANM e parte del Partito Democratico temono che un\u2019eventuale separazione delle carriere possa indebolire l\u2019autonomia della magistratura, minando uno dei principi fondamentali del sistema giudiziario italiano. Uno spauracchio senza alcun fondamento logico e giuridico, e tanti lo sanno. Compreso Pisapia.<\/p>\n\n\n\n<p>Franco Lodige<\/p>\n","protected":false},"excerpt":{"rendered":"<p>Giuliano Pisapia, ex sindaco di Milano e noto avvocato penalista, ha annunciato il suo voto favorevole al referendum sulla separazione delle carriere tra giudici e pubblici ministeri, previsto il 22 e il 23 marzo 2026. Due sole parole, affidate al Giornale: \u201cVoto s\u00ec\u201d. Nato a Milano nel 1949, Pisapia \u00e8 figlio del giurista Giandomenico Pisapia, [&hellip;]<\/p>\n","protected":false},"author":1,"featured_media":1000028765,"comment_status":"closed","ping_status":"open","sticky":false,"template":"","format":"standard","meta":{"content-type":"","_jetpack_memberships_contains_paid_content":false,"jnews-multi-image_gallery":[],"jnews_single_post":{"format":"standard"},"jnews_primary_category":[],"footnotes":"","jetpack_publicize_message":"","jetpack_publicize_feature_enabled":true,"jetpack_social_post_already_shared":true,"jetpack_social_options":{"image_generator_settings":{"template":"highway","default_image_id":0,"font":"","enabled":false},"version":2}},"categories":[46,32],"tags":[],"class_list":{"0":"post-1000028764","1":"post","2":"type-post","3":"status-publish","4":"format-standard","5":"has-post-thumbnail","7":"category-italia","8":"category-politica"},"jetpack_publicize_connections":[],"jetpack_featured_media_url":"https:\/\/i0.wp.com\/gazzettinoitalianopatagonico.com\/wp-content\/uploads\/2026\/03\/zxdff.jpg?fit=912%2C512&ssl=1","jetpack_likes_enabled":true,"jetpack_sharing_enabled":true,"_links":{"self":[{"href":"https:\/\/gazzettinoitalianopatagonico.com\/index.php?rest_route=\/wp\/v2\/posts\/1000028764","targetHints":{"allow":["GET"]}}],"collection":[{"href":"https:\/\/gazzettinoitalianopatagonico.com\/index.php?rest_route=\/wp\/v2\/posts"}],"about":[{"href":"https:\/\/gazzettinoitalianopatagonico.com\/index.php?rest_route=\/wp\/v2\/types\/post"}],"author":[{"embeddable":true,"href":"https:\/\/gazzettinoitalianopatagonico.com\/index.php?rest_route=\/wp\/v2\/users\/1"}],"replies":[{"embeddable":true,"href":"https:\/\/gazzettinoitalianopatagonico.com\/index.php?rest_route=%2Fwp%2Fv2%2Fcomments&post=1000028764"}],"version-history":[{"count":1,"href":"https:\/\/gazzettinoitalianopatagonico.com\/index.php?rest_route=\/wp\/v2\/posts\/1000028764\/revisions"}],"predecessor-version":[{"id":1000028766,"href":"https:\/\/gazzettinoitalianopatagonico.com\/index.php?rest_route=\/wp\/v2\/posts\/1000028764\/revisions\/1000028766"}],"wp:featuredmedia":[{"embeddable":true,"href":"https:\/\/gazzettinoitalianopatagonico.com\/index.php?rest_route=\/wp\/v2\/media\/1000028765"}],"wp:attachment":[{"href":"https:\/\/gazzettinoitalianopatagonico.com\/index.php?rest_route=%2Fwp%2Fv2%2Fmedia&parent=1000028764"}],"wp:term":[{"taxonomy":"category","embeddable":true,"href":"https:\/\/gazzettinoitalianopatagonico.com\/index.php?rest_route=%2Fwp%2Fv2%2Fcategories&post=1000028764"},{"taxonomy":"post_tag","embeddable":true,"href":"https:\/\/gazzettinoitalianopatagonico.com\/index.php?rest_route=%2Fwp%2Fv2%2Ftags&post=1000028764"}],"curies":[{"name":"wp","href":"https:\/\/api.w.org\/{rel}","templated":true}]}}