{"id":1000028702,"date":"2026-03-11T07:43:12","date_gmt":"2026-03-11T10:43:12","guid":{"rendered":"https:\/\/gazzettinoitalianopatagonico.com\/?p=1000028702"},"modified":"2026-03-11T07:43:14","modified_gmt":"2026-03-11T10:43:14","slug":"shell-argentina-se-suma-como-socia-al-instituto-vaca-muerta","status":"publish","type":"post","link":"https:\/\/gazzettinoitalianopatagonico.com\/?p=1000028702","title":{"rendered":"Shell Argentina se suma como socia al Instituto Vaca Muerta"},"content":{"rendered":"\n<p>La compa\u00f1\u00eda formaliz\u00f3 su adhesi\u00f3n a la iniciativa educativa impulsada por la industria energ\u00e9tica para formar al talento que demandar\u00e1 el desarrollo del upstream en los pr\u00f3ximos a\u00f1os.<\/p>\n\n\n\n<p>La empresa Shell Argentina firm\u00f3 su adhesi\u00f3n como socia al Instituto Vaca Muerta (IVM), una iniciativa educativa de la industria energ\u00e9tica que integran las principales empresas operadoras y de servicios con el objetivo de formar al talento que demandar\u00e1 el upstream en los pr\u00f3ximos a\u00f1os.<\/p>\n\n\n\n<p>Durante la firma estuvieron presentes el presidente de Shell Argentina, Chile y Uruguay, Germ\u00e1n Burmeister; el presidente y CEO de YPF, Horacio Mar\u00edn; y el presidente del Instituto Vaca Muerta, Lisandro Deleonardis.<\/p>\n\n\n\n<p>\u201cLa incorporaci\u00f3n de Shell al Instituto Vaca Muerta demuestra el compromiso que tenemos toda la industria de trabajar colaborativamente para impulsar el desarrollo de Vaca Muerta y para elevar los est\u00e1ndares t\u00e9cnicos y de seguridad\u201d, afirm\u00f3 el presidente y CEO de YPF, Horacio Mar\u00edn.<\/p>\n\n\n\n<p>La nueva instituci\u00f3n brindar\u00e1 formaci\u00f3n t\u00e9cnica gratuita clave para el desarrollo de Vaca Muerta y para los proyectos de la industria que posicionar\u00e1n al pa\u00eds como exportador de energ\u00eda en los principales mercados del mundo. Su inauguraci\u00f3n est\u00e1 prevista para el pr\u00f3ximo 16 de marzo en la sede del Polo Tecnol\u00f3gico de Neuqu\u00e9n.Referencia geogr\u00e1fica<\/p>\n\n\n\n<p>En las primeras convocatorias realizadas por el Instituto Vaca Muerta, la iniciativa despert\u00f3 un fuerte inter\u00e9s entre j\u00f3venes y trabajadores de la regi\u00f3n, registrando miles de inscriptos para acceder a los programas de capacitaci\u00f3n vinculados a la actividad hidrocarbur\u00edfera. El objetivo es formar personal t\u00e9cnico especializado para cubrir la creciente demanda laboral que genera el desarrollo de Vaca Muerta y sus proyectos asociados.<\/p>\n\n\n\n<p>\u201cLa educaci\u00f3n y la formaci\u00f3n de talentos son pilares fundamentales para el desarrollo de Vaca Muerta que impulsamos desde Shell. Nos enorgullece formar parte de este Instituto que naci\u00f3 y crecer\u00e1 a partir de la colaboraci\u00f3n estrat\u00e9gica entre todos los que formamos parte de la industria\u201d, sostuvo Germ\u00e1n Burmeister, presidente de Shell Argentina, Chile y Uruguay.<\/p>\n\n\n\n<p>Actualmente, las empresas operadoras que ya son socias del Instituto Vaca Muerta son YPF, TotalEnergies, Vista Energy, Chevron y Pluspetrol. Entre las empresas de servicios participan Halliburton, San Antonio Internacional, DLS Archer, Pason DGS, Oilfield &amp; Production Services, Industrias Juan F. Secco, Contreras Hermanos, Calfrac Well Services, Marbar, Wenlen, Milicic, TSB, Huinoil PECOM, Clear, Duralitte, Grupo Horizonte, NOV y SIAM.<\/p>\n\n\n\n<p>Los egresados recibir\u00e1n certificados por los cursos realizados que acreditar\u00e1n competencias t\u00e9cnicas y horas pr\u00e1cticas reconocidas por la industria y avaladas por el Consejo Provincial de Educaci\u00f3n de la provincia del Neuqu\u00e9n.<\/p>\n\n\n\n<p>En el Polo Tecnol\u00f3gico de Neuqu\u00e9n, la formaci\u00f3n se realizar\u00e1 con simuladores, laboratorios y talleres equipados con tecnolog\u00eda de vanguardia. La otra sede del Instituto Vaca Muerta est\u00e1 ubicada sobre el r\u00edo Neuqu\u00e9n y cuenta con un pozo escuela donde los estudiantes podr\u00e1n realizar pr\u00e1cticas y maniobras cr\u00edticas para formarse como operadores del upstream.&nbsp;&nbsp;&nbsp;&nbsp;&nbsp;&nbsp;<\/p>\n\n\n\n<p>M.T.<\/p>\n","protected":false},"excerpt":{"rendered":"<p>La compa\u00f1\u00eda formaliz\u00f3 su adhesi\u00f3n a la iniciativa educativa impulsada por la industria energ\u00e9tica para formar al talento que demandar\u00e1 el desarrollo del upstream en los pr\u00f3ximos a\u00f1os. La empresa Shell Argentina firm\u00f3 su adhesi\u00f3n como socia al Instituto Vaca Muerta (IVM), una iniciativa educativa de la industria energ\u00e9tica que integran las principales empresas operadoras [&hellip;]<\/p>\n","protected":false},"author":1,"featured_media":1000028703,"comment_status":"closed","ping_status":"open","sticky":false,"template":"","format":"standard","meta":{"content-type":"","_jetpack_memberships_contains_paid_content":false,"jnews-multi-image_gallery":[],"jnews_single_post":{"format":"standard"},"jnews_primary_category":[],"footnotes":"","jetpack_publicize_message":"","jetpack_publicize_feature_enabled":true,"jetpack_social_post_already_shared":true,"jetpack_social_options":{"image_generator_settings":{"template":"highway","default_image_id":0,"font":"","enabled":false},"version":2}},"categories":[270],"tags":[268],"class_list":{"0":"post-1000028702","1":"post","2":"type-post","3":"status-publish","4":"format-standard","5":"has-post-thumbnail","7":"category-america-latina","8":"tag-america-latina"},"jetpack_publicize_connections":[],"jetpack_featured_media_url":"https:\/\/i0.wp.com\/gazzettinoitalianopatagonico.com\/wp-content\/uploads\/2026\/03\/ZFGHH.jpg?fit=992%2C608&ssl=1","jetpack_likes_enabled":true,"jetpack_sharing_enabled":true,"_links":{"self":[{"href":"https:\/\/gazzettinoitalianopatagonico.com\/index.php?rest_route=\/wp\/v2\/posts\/1000028702","targetHints":{"allow":["GET"]}}],"collection":[{"href":"https:\/\/gazzettinoitalianopatagonico.com\/index.php?rest_route=\/wp\/v2\/posts"}],"about":[{"href":"https:\/\/gazzettinoitalianopatagonico.com\/index.php?rest_route=\/wp\/v2\/types\/post"}],"author":[{"embeddable":true,"href":"https:\/\/gazzettinoitalianopatagonico.com\/index.php?rest_route=\/wp\/v2\/users\/1"}],"replies":[{"embeddable":true,"href":"https:\/\/gazzettinoitalianopatagonico.com\/index.php?rest_route=%2Fwp%2Fv2%2Fcomments&post=1000028702"}],"version-history":[{"count":1,"href":"https:\/\/gazzettinoitalianopatagonico.com\/index.php?rest_route=\/wp\/v2\/posts\/1000028702\/revisions"}],"predecessor-version":[{"id":1000028704,"href":"https:\/\/gazzettinoitalianopatagonico.com\/index.php?rest_route=\/wp\/v2\/posts\/1000028702\/revisions\/1000028704"}],"wp:featuredmedia":[{"embeddable":true,"href":"https:\/\/gazzettinoitalianopatagonico.com\/index.php?rest_route=\/wp\/v2\/media\/1000028703"}],"wp:attachment":[{"href":"https:\/\/gazzettinoitalianopatagonico.com\/index.php?rest_route=%2Fwp%2Fv2%2Fmedia&parent=1000028702"}],"wp:term":[{"taxonomy":"category","embeddable":true,"href":"https:\/\/gazzettinoitalianopatagonico.com\/index.php?rest_route=%2Fwp%2Fv2%2Fcategories&post=1000028702"},{"taxonomy":"post_tag","embeddable":true,"href":"https:\/\/gazzettinoitalianopatagonico.com\/index.php?rest_route=%2Fwp%2Fv2%2Ftags&post=1000028702"}],"curies":[{"name":"wp","href":"https:\/\/api.w.org\/{rel}","templated":true}]}}