{"id":1000028693,"date":"2026-03-10T21:25:32","date_gmt":"2026-03-11T00:25:32","guid":{"rendered":"https:\/\/gazzettinoitalianopatagonico.com\/?p=1000028693"},"modified":"2026-03-10T21:25:34","modified_gmt":"2026-03-11T00:25:34","slug":"al-via-la-ricerca-italiana-invernale-in-antartide","status":"publish","type":"post","link":"https:\/\/gazzettinoitalianopatagonico.com\/?p=1000028693","title":{"rendered":"Al via la ricerca italiana invernale in Antartide"},"content":{"rendered":"\n<p>Negli alloggi di Dome C, presso la base italo-francese Concordia, il team della 22a missione invernale del Programma Nazionale di Ricerche in Antartide (PNRA) vivr\u00e0 in isolamento per nove mesi a oltre tremila metri di altezza, con tre mesi di buio completo e temperature che possono raggiungere i -80 \u00b0C, garantendo la manutenzione della stazione e conducendo 21 attivit\u00e0 scientifiche su diverse discipline. La spedizione \u00e8 guidata dallo station leader Gabriele Carugati, glaciologo dell\u2019Universit\u00e0 dell\u2019Insubria, che raccoglie il testimone da Riccardo Scipinotti dell\u2019ENEA, station leader della missione estiva. Il gruppo \u00e8 composto quest\u2019anno da 12 membri: 5 italiani del PNRA, 6 francesi dell\u2019Istituto polare francese Paul-\u00c9mile Victor (IPEV) e una ricercatrice dell\u2019Agenzia Spaziale Europea (ESA).<\/p>\n\n\n\n<p>Le attivit\u00e0 scientifiche<\/p>\n\n\n\n<p>I componenti della missione saranno impegnati in diverse attivit\u00e0 scientifiche, tra cui il nuovo progetto sulle microplastiche PASSPORT. Inoltre, verranno portati avanti 7 progetti di biomedicina, coordinati dall\u2019ESA, che studieranno gli effetti di un ambiente estremo, simile a quello spaziale, sugli invernanti.<\/p>\n\n\n\n<p>Terminata la missione estiva<\/p>\n\n\n\n<p>In questo stesso periodo, alla base Mario Zucchelli \u00e8 terminata la 41a missione estiva del PNRA, che ha visto la realizzazione di 14 attivit\u00e0 scientifiche, tra progetti e osservatori permanenti su: climatologia, sismologia, geodesia, geomagnetismo, alta atmosfera e attivit\u00e0 solare, vulcanismo, cambiamenti di comunit\u00e0 microbiche, permafrost e vegetazione. \u00abLa base Mario Zucchelli ha ospitato due progetti internazionali Polarin, rafforzando cos\u00ec la collaborazione scientifica con partner stranieri. Le ricerche si sono focalizzate sull\u2019evoluzione della criosfera, analizzando il drenaggio della calotta glaciale, le variazioni stagionali della velocit\u00e0 del ghiaccio e le interazioni con l\u2019atmosfera. L\u2019attivit\u00e0 scientifica ha inoltre approfondito l\u2019emissione secondaria di contaminanti, rivelando anche minime tracce di attivit\u00e0 antropica nell\u2019ambiente antartico\u00bb spiega Nicoletta Ademollo, coordinatrice scientifica della spedizione (ruolo che nel primo periodo \u00e8 stato di Gaetano Giudice dell\u2019Istituto Nazionale di Geofisica e Vulcanologia \u2013 INGV) e ricercatrice dell\u2019Istituto di Scienze Polari del CNR. Altri progetti hanno analizzato i ghiacciai attraverso geodesia, sismologia e remote sensing, oltre alle rocce vulcaniche per le interazioni tra criosfera e atmosfera, e le strategie di sopravvivenza microbica in ambienti estremi. Gli studi pi\u00f9 focalizzati sull\u2019ecosistema marino hanno esaminato l\u2019adattamento e la biodiversit\u00e0 degli organismi, monitorando le comunit\u00e0 planctoniche e i flussi di carbonio nelle acque costiere. I progetti di ricerca hanno coinvolto quasi 170 persone tra ricercatori, ricercatrici e personale tecnico, di cui 20 esperti militari di Esercito, Marina, Aeronautica, Arma dei Carabinieri e 3 Vigili del Fuoco.<\/p>\n\n\n\n<p>Snodi strategici per la cooperazione scientifica internazionale<\/p>\n\n\n\n<p>Nel corso della 41a spedizione sono stati realizzati importanti lavori infrastrutturali. A Zucchelli, sotto il coordinamento del capo base Francesco Pellegrino dell\u2019ENEA, \u00e8 stata ultimata una nuova area dove verranno installati moderni impianti tecnologici a sostituzione degli esistenti ed \u00e8 stato messo in sicurezza il molo. Inoltre \u00e8 stata realizzata una variante stradale per facilitare il raggiungimento dell\u2019aeropista di Boulder Clay. A Concordia ENEA ha proseguito i lavori per realizzare all\u2019esterno dell\u2019edifico principale una nuova area abitativa, un magazzino e un nuovo modulo per servizi. \u00abDurante questa missione le basi italiane antartiche, grazie anche a questi interventi infrastrutturali, sono diventate snodi strategici per la cooperazione scientifica internazionale\u00bb commenta Rocco Ascione dell\u2019Unit\u00e0 Tecnica Antartide dell\u2019ENEA e a capo della 41a Spedizione. Le attivit\u00e0 di ricerca continueranno a essere svolte sulla nave rompighiaccio Laura Bassi fino a marzo, dove sono impiegate circa 30 persone fra ricercatori e tecnici, oltre all\u2019equipaggio navigante, per lo svolgimento di 5 progetti di ricerca.<\/p>\n\n\n\n<p>La missione \u00e8 finanziata dal Ministero dell\u2019Universit\u00e0 e della Ricerca (MUR) e attuato dal Consiglio Nazionale delle Ricerche (CNR) per il coordinamento scientifico, da ENEA per la pianificazione e l\u2019organizzazione logistica delle attivit\u00e0 presso le basi antartiche e dall\u2019Istituto Nazionale di Oceanografia e di Geofisica Sperimentale (OGS) per la gestione tecnica e scientifica della nave da ricerca Laura Bassi.<\/p>\n","protected":false},"excerpt":{"rendered":"<p>Negli alloggi di Dome C, presso la base italo-francese Concordia, il team della 22a missione invernale del Programma Nazionale di Ricerche in Antartide (PNRA) vivr\u00e0 in isolamento per nove mesi a oltre tremila metri di altezza, con tre mesi di buio completo e temperature che possono raggiungere i -80 \u00b0C, garantendo la manutenzione della stazione [&hellip;]<\/p>\n","protected":false},"author":1,"featured_media":1000028694,"comment_status":"closed","ping_status":"open","sticky":false,"template":"","format":"standard","meta":{"content-type":"","_jetpack_memberships_contains_paid_content":false,"jnews-multi-image_gallery":[],"jnews_single_post":{"format":"standard"},"jnews_primary_category":[],"footnotes":"","jetpack_publicize_message":"","jetpack_publicize_feature_enabled":true,"jetpack_social_post_already_shared":true,"jetpack_social_options":{"image_generator_settings":{"template":"highway","default_image_id":0,"font":"","enabled":false},"version":2}},"categories":[42],"tags":[271,171],"class_list":{"0":"post-1000028693","1":"post","2":"type-post","3":"status-publish","4":"format-standard","5":"has-post-thumbnail","7":"category-ecologia","8":"tag-ambiente","9":"tag-ecologia"},"jetpack_publicize_connections":[],"jetpack_featured_media_url":"https:\/\/i0.wp.com\/gazzettinoitalianopatagonico.com\/wp-content\/uploads\/2026\/03\/zaws.jpg?fit=860%2C469&ssl=1","jetpack_likes_enabled":true,"jetpack_sharing_enabled":true,"_links":{"self":[{"href":"https:\/\/gazzettinoitalianopatagonico.com\/index.php?rest_route=\/wp\/v2\/posts\/1000028693","targetHints":{"allow":["GET"]}}],"collection":[{"href":"https:\/\/gazzettinoitalianopatagonico.com\/index.php?rest_route=\/wp\/v2\/posts"}],"about":[{"href":"https:\/\/gazzettinoitalianopatagonico.com\/index.php?rest_route=\/wp\/v2\/types\/post"}],"author":[{"embeddable":true,"href":"https:\/\/gazzettinoitalianopatagonico.com\/index.php?rest_route=\/wp\/v2\/users\/1"}],"replies":[{"embeddable":true,"href":"https:\/\/gazzettinoitalianopatagonico.com\/index.php?rest_route=%2Fwp%2Fv2%2Fcomments&post=1000028693"}],"version-history":[{"count":1,"href":"https:\/\/gazzettinoitalianopatagonico.com\/index.php?rest_route=\/wp\/v2\/posts\/1000028693\/revisions"}],"predecessor-version":[{"id":1000028695,"href":"https:\/\/gazzettinoitalianopatagonico.com\/index.php?rest_route=\/wp\/v2\/posts\/1000028693\/revisions\/1000028695"}],"wp:featuredmedia":[{"embeddable":true,"href":"https:\/\/gazzettinoitalianopatagonico.com\/index.php?rest_route=\/wp\/v2\/media\/1000028694"}],"wp:attachment":[{"href":"https:\/\/gazzettinoitalianopatagonico.com\/index.php?rest_route=%2Fwp%2Fv2%2Fmedia&parent=1000028693"}],"wp:term":[{"taxonomy":"category","embeddable":true,"href":"https:\/\/gazzettinoitalianopatagonico.com\/index.php?rest_route=%2Fwp%2Fv2%2Fcategories&post=1000028693"},{"taxonomy":"post_tag","embeddable":true,"href":"https:\/\/gazzettinoitalianopatagonico.com\/index.php?rest_route=%2Fwp%2Fv2%2Ftags&post=1000028693"}],"curies":[{"name":"wp","href":"https:\/\/api.w.org\/{rel}","templated":true}]}}